{"id":67122,"date":"2023-12-17T21:09:09","date_gmt":"2023-12-18T00:09:09","guid":{"rendered":"https:\/\/vocesparalelas.com.ar\/sitio\/?p=67122"},"modified":"2023-12-19T15:09:47","modified_gmt":"2023-12-19T18:09:47","slug":"colonia-de-verano-2024-de-la-ciudad-capital","status":"publish","type":"post","link":"https:\/\/vocesparalelas.com.ar\/sitio\/colonia-de-verano-2024-de-la-ciudad-capital\/","title":{"rendered":"\u00abColonia de Verano 2024\u00bb de la Ciudad Capital"},"content":{"rendered":"<p>La Municipalidad de la Ciudad de San Juan invita a los interesados a inscribirse en la \u00abColonia de Verano 2024\u00bb. Cupos limitados.<\/p>\n<p><span style=\"color: #0000ff;\"><strong>Destinatarios<\/strong><\/span><\/p>\n<ul>\n<li>Ni\u00f1os\/as de 6 a 12 a\u00f1os<\/li>\n<li>Personas con discapacidad (Certificado CUD)<\/li>\n<li>Personas adultas +60 a\u00f1os<\/li>\n<\/ul>\n<p>Fecha y lugar de inscripci\u00f3n a confirmar<\/p>\n<p><span style=\"color: #0000ff;\">Requisitos<\/span><\/p>\n<ul>\n<li>Domicilio en Capital<\/li>\n<li>Fotocopia DNI de el\/la inscripto\/a<\/li>\n<li>Fotocopia DNI de madre, padre o tutor legal en caso de corresponder<\/li>\n<li>Certificado m\u00e9dico de aptitud f\u00edsica para la realizaci\u00f3n de actividades deportiva, did\u00e1ctica, art\u00edstica y recreativa<\/li>\n<li>Grupo Sangu\u00edneo<\/li>\n<\/ul>\n<p><img loading=\"lazy\" decoding=\"async\" class=\"alignnone size-large wp-image-26271\" src=\"https:\/\/vocesparalelas.com.ar\/sitio\/wp-content\/uploads\/2020\/01\/PILETAS-02-800x600.jpg\" alt=\"\" width=\"800\" height=\"600\" srcset=\"https:\/\/vocesparalelas.com.ar\/sitio\/wp-content\/uploads\/2020\/01\/PILETAS-02.jpg 800w, https:\/\/vocesparalelas.com.ar\/sitio\/wp-content\/uploads\/2020\/01\/PILETAS-02-300x225.jpg 300w, https:\/\/vocesparalelas.com.ar\/sitio\/wp-content\/uploads\/2020\/01\/PILETAS-02-768x576.jpg 768w\" sizes=\"auto, (max-width: 800px) 100vw, 800px\" \/><\/p>\n<p>&nbsp;<\/p>\n","protected":false},"excerpt":{"rendered":"<p>La Municipalidad de la Ciudad de San Juan invita a los interesados a inscribirse en la \u00abColonia de Verano 2024\u00bb.<\/p>\n","protected":false},"author":3,"featured_media":67125,"comment_status":"closed","ping_status":"closed","sticky":false,"template":"","format":"standard","meta":{"_acf_changed":false,"_seopress_robots_primary_cat":"none","_seopress_titles_title":"","_seopress_titles_desc":"","_seopress_robots_index":"","colormag_page_container_layout":"default_layout","colormag_page_sidebar_layout":"default_layout","footnotes":""},"categories":[2],"tags":[],"class_list":["post-67122","post","type-post","status-publish","format-standard","has-post-thumbnail","hentry","category-convocatorias"],"acf":[],"_links":{"self":[{"href":"https:\/\/vocesparalelas.com.ar\/sitio\/wp-json\/wp\/v2\/posts\/67122","targetHints":{"allow":["GET"]}}],"collection":[{"href":"https:\/\/vocesparalelas.com.ar\/sitio\/wp-json\/wp\/v2\/posts"}],"about":[{"href":"https:\/\/vocesparalelas.com.ar\/sitio\/wp-json\/wp\/v2\/types\/post"}],"author":[{"embeddable":true,"href":"https:\/\/vocesparalelas.com.ar\/sitio\/wp-json\/wp\/v2\/users\/3"}],"replies":[{"embeddable":true,"href":"https:\/\/vocesparalelas.com.ar\/sitio\/wp-json\/wp\/v2\/comments?post=67122"}],"version-history":[{"count":1,"href":"https:\/\/vocesparalelas.com.ar\/sitio\/wp-json\/wp\/v2\/posts\/67122\/revisions"}],"predecessor-version":[{"id":67126,"href":"https:\/\/vocesparalelas.com.ar\/sitio\/wp-json\/wp\/v2\/posts\/67122\/revisions\/67126"}],"wp:featuredmedia":[{"embeddable":true,"href":"https:\/\/vocesparalelas.com.ar\/sitio\/wp-json\/wp\/v2\/media\/67125"}],"wp:attachment":[{"href":"https:\/\/vocesparalelas.com.ar\/sitio\/wp-json\/wp\/v2\/media?parent=67122"}],"wp:term":[{"taxonomy":"category","embeddable":true,"href":"https:\/\/vocesparalelas.com.ar\/sitio\/wp-json\/wp\/v2\/categories?post=67122"},{"taxonomy":"post_tag","embeddable":true,"href":"https:\/\/vocesparalelas.com.ar\/sitio\/wp-json\/wp\/v2\/tags?post=67122"}],"curies":[{"name":"wp","href":"https:\/\/api.w.org\/{rel}","templated":true}]}}