{"id":67116,"date":"2023-12-17T18:18:23","date_gmt":"2023-12-17T21:18:23","guid":{"rendered":"https:\/\/vocesparalelas.com.ar\/sitio\/?p=67116"},"modified":"2023-12-19T10:21:36","modified_gmt":"2023-12-19T13:21:36","slug":"inscripciones-colonia-de-verano-2024-ciudad-santa-lucia-municipalidad","status":"publish","type":"post","link":"https:\/\/vocesparalelas.com.ar\/sitio\/inscripciones-colonia-de-verano-2024-ciudad-santa-lucia-municipalidad\/","title":{"rendered":"Inscripciones \u00abColonia de Verano 2024\u00bb Ciudad Santa Luc\u00eda Municipalidad"},"content":{"rendered":"<p>La Municipalidad de la Ciudad de Santa Luc\u00eda invita a los interesados a participar de la \u00abColonia Verano 2024\u00bb a la inscripci\u00f3n desde el Lunes, 18 al Viernes, 22 de Diciembre de 2023, en distintos espacios. Cupos limitados.<\/p>\n<p><strong><span style=\"color: #0000ff;\">Cronograma<\/span><\/strong><\/p>\n<ul>\n<li>18 de Diciembre, a las 18 hs.; Uni\u00f3n Vecinal San Judas Tadeo<\/li>\n<li>18 de Diciembre, a las 18 hs. Uni\u00f3n Vecinal Barrio Balcarce<\/li>\n<li>19 de Diciembre, a las 8 hs. Uni\u00f3n Vecinal Barrio Camilo Rojo<\/li>\n<li>19 de Diciembre, a las 14 hs. Uni\u00f3n Vecinal Barrio Kennedy<\/li>\n<li>19 de Diciembre, a las 18 hs. Uni\u00f3n Vecinal Barrio Itat\u00ed<\/li>\n<li>20 de Diciembre, a las 8 hs. Uni\u00f3n Vecinal Villa San Pablo<\/li>\n<li>20 de Diciembre, a las 14 hs. Uni\u00f3n Vecinal 12 de Octubre<\/li>\n<li>20 de Diciembre, a las 14 hs. SUM Villa Alba<\/li>\n<li>21 de Diciembre, a las 8 hs. Casa de la Cultura<\/li>\n<li>21 de Diciembre, a las 17 hs. Asentamiento Difunta Correa<\/li>\n<li>22 de Diciembre, a las 08 hs. Centro de Jubilados Mis Abuelos<\/li>\n<li>22 de Diciembre, a las 17 hs. Uni\u00f3n Vecinal Barrio Bermejito<\/li>\n<\/ul>\n<p><span style=\"color: #0000ff;\"><strong>Destinatarios<\/strong><\/span><\/p>\n<ul>\n<li>Ni\u00f1os y ni\u00f1as de 6 a 12 a\u00f1os<\/li>\n<li>Personas con discapacidad<\/li>\n<li>Adultos mayores de 60 a\u00f1os<\/li>\n<\/ul>\n<p><strong><span style=\"color: #0000ff;\">Requisitos<\/span><\/strong><\/p>\n<ul>\n<li>DNI y fotocopia de DNI del tutor y el ni\u00f1o\/a con domicilio en Santa Luc\u00eda<\/li>\n<li>Certificado de aptitud f\u00edsica realizado por un m\u00e9dico<\/li>\n<li>Certificado \u00danico de Discapacidad<\/li>\n<li>Grupo Sangu\u00edneo<\/li>\n<li>Carnet de Vacunaci\u00f3n<\/li>\n<\/ul>\n<p>&nbsp;<\/p>\n<p>&nbsp;<\/p>\n<p>&nbsp;<\/p>\n<p>&nbsp;<\/p>\n<p>&nbsp;<\/p>\n<p>&nbsp;<\/p>\n<p>Ciudad de Santa Luc\u00eda Municipalidad<\/p>\n","protected":false},"excerpt":{"rendered":"<p>La Municipalidad de la Ciudad de Santa Luc\u00eda invita a los interesados a participar de la \u00abColonia Verano 2024\u00bb a<\/p>\n","protected":false},"author":3,"featured_media":67119,"comment_status":"closed","ping_status":"closed","sticky":false,"template":"","format":"standard","meta":{"_acf_changed":false,"_seopress_robots_primary_cat":"none","_seopress_titles_title":"","_seopress_titles_desc":"","_seopress_robots_index":"","colormag_page_container_layout":"default_layout","colormag_page_sidebar_layout":"default_layout","footnotes":""},"categories":[2],"tags":[],"class_list":["post-67116","post","type-post","status-publish","format-standard","has-post-thumbnail","hentry","category-convocatorias"],"acf":[],"_links":{"self":[{"href":"https:\/\/vocesparalelas.com.ar\/sitio\/wp-json\/wp\/v2\/posts\/67116","targetHints":{"allow":["GET"]}}],"collection":[{"href":"https:\/\/vocesparalelas.com.ar\/sitio\/wp-json\/wp\/v2\/posts"}],"about":[{"href":"https:\/\/vocesparalelas.com.ar\/sitio\/wp-json\/wp\/v2\/types\/post"}],"author":[{"embeddable":true,"href":"https:\/\/vocesparalelas.com.ar\/sitio\/wp-json\/wp\/v2\/users\/3"}],"replies":[{"embeddable":true,"href":"https:\/\/vocesparalelas.com.ar\/sitio\/wp-json\/wp\/v2\/comments?post=67116"}],"version-history":[{"count":2,"href":"https:\/\/vocesparalelas.com.ar\/sitio\/wp-json\/wp\/v2\/posts\/67116\/revisions"}],"predecessor-version":[{"id":67121,"href":"https:\/\/vocesparalelas.com.ar\/sitio\/wp-json\/wp\/v2\/posts\/67116\/revisions\/67121"}],"wp:featuredmedia":[{"embeddable":true,"href":"https:\/\/vocesparalelas.com.ar\/sitio\/wp-json\/wp\/v2\/media\/67119"}],"wp:attachment":[{"href":"https:\/\/vocesparalelas.com.ar\/sitio\/wp-json\/wp\/v2\/media?parent=67116"}],"wp:term":[{"taxonomy":"category","embeddable":true,"href":"https:\/\/vocesparalelas.com.ar\/sitio\/wp-json\/wp\/v2\/categories?post=67116"},{"taxonomy":"post_tag","embeddable":true,"href":"https:\/\/vocesparalelas.com.ar\/sitio\/wp-json\/wp\/v2\/tags?post=67116"}],"curies":[{"name":"wp","href":"https:\/\/api.w.org\/{rel}","templated":true}]}}