{"id":67112,"date":"2023-12-17T11:00:08","date_gmt":"2023-12-17T14:00:08","guid":{"rendered":"https:\/\/vocesparalelas.com.ar\/sitio\/?p=67112"},"modified":"2023-12-19T10:22:08","modified_gmt":"2023-12-19T13:22:08","slug":"el-docente-que-no-asistieron-a-emitir-su-voto-debe-justificar-la-inasistencia-en-la-junta-electoral-docente-de-san-juan","status":"publish","type":"post","link":"https:\/\/vocesparalelas.com.ar\/sitio\/el-docente-que-no-asistieron-a-emitir-su-voto-debe-justificar-la-inasistencia-en-la-junta-electoral-docente-de-san-juan\/","title":{"rendered":"El docente que no asistieron a emitir su voto debe justificar la inasistencia en la Junta Electoral Docente de San Juan"},"content":{"rendered":"<p>La Junta Electoral Docente Rama Media y Superior, Rama T\u00e9cnica, Agropecuaria, Monot\u00e9cnica, de Formaci\u00f3n Profesional y Capacitaci\u00f3n Laboral, Especial, Adultos y Diferencial del Ministerio de Educaci\u00f3n del Gobierno de San Juan, recuerda a los docentes que no asistieron a emitir su voto, que el 22 de Diciembre vence el plazo para justificar la inasistencia.<\/p>\n<p>Deben presentar una nota a la Junta Electoral Docente de San Juan, destacando motivo, escuela y mesa de votaci\u00f3n, adjuntando fotocopia de licencia m\u00e9dica, o cualquier otra documentaci\u00f3n que justifique fehacientemente su inasistencia a la carga p\u00fablica, de 8 a 12 horas en la oficina de la Junta Electoral Docente, en el Centro C\u00edvico 2do piso sector 5 del Ministerio de Educaci\u00f3n.<\/p>\n<p><img loading=\"lazy\" decoding=\"async\" class=\"alignnone size-full wp-image-28629\" src=\"https:\/\/vocesparalelas.com.ar\/sitio\/wp-content\/uploads\/2020\/05\/MINISTERIO-EDUCACION-SJ.jpg\" alt=\"\" width=\"800\" height=\"533\" srcset=\"https:\/\/vocesparalelas.com.ar\/sitio\/wp-content\/uploads\/2020\/05\/MINISTERIO-EDUCACION-SJ.jpg 800w, https:\/\/vocesparalelas.com.ar\/sitio\/wp-content\/uploads\/2020\/05\/MINISTERIO-EDUCACION-SJ-300x200.jpg 300w, https:\/\/vocesparalelas.com.ar\/sitio\/wp-content\/uploads\/2020\/05\/MINISTERIO-EDUCACION-SJ-768x512.jpg 768w\" sizes=\"auto, (max-width: 800px) 100vw, 800px\" \/><\/p>\n","protected":false},"excerpt":{"rendered":"<p>La Junta Electoral Docente Rama Media y Superior, Rama T\u00e9cnica, Agropecuaria, Monot\u00e9cnica, de Formaci\u00f3n Profesional y Capacitaci\u00f3n Laboral, Especial, Adultos<\/p>\n","protected":false},"author":3,"featured_media":64817,"comment_status":"closed","ping_status":"closed","sticky":false,"template":"","format":"standard","meta":{"_acf_changed":false,"_seopress_robots_primary_cat":"none","_seopress_titles_title":"","_seopress_titles_desc":"","_seopress_robots_index":"","colormag_page_container_layout":"default_layout","colormag_page_sidebar_layout":"default_layout","footnotes":""},"categories":[5],"tags":[],"class_list":["post-67112","post","type-post","status-publish","format-standard","has-post-thumbnail","hentry","category-ofrecimientos"],"acf":[],"_links":{"self":[{"href":"https:\/\/vocesparalelas.com.ar\/sitio\/wp-json\/wp\/v2\/posts\/67112","targetHints":{"allow":["GET"]}}],"collection":[{"href":"https:\/\/vocesparalelas.com.ar\/sitio\/wp-json\/wp\/v2\/posts"}],"about":[{"href":"https:\/\/vocesparalelas.com.ar\/sitio\/wp-json\/wp\/v2\/types\/post"}],"author":[{"embeddable":true,"href":"https:\/\/vocesparalelas.com.ar\/sitio\/wp-json\/wp\/v2\/users\/3"}],"replies":[{"embeddable":true,"href":"https:\/\/vocesparalelas.com.ar\/sitio\/wp-json\/wp\/v2\/comments?post=67112"}],"version-history":[{"count":1,"href":"https:\/\/vocesparalelas.com.ar\/sitio\/wp-json\/wp\/v2\/posts\/67112\/revisions"}],"predecessor-version":[{"id":67115,"href":"https:\/\/vocesparalelas.com.ar\/sitio\/wp-json\/wp\/v2\/posts\/67112\/revisions\/67115"}],"wp:featuredmedia":[{"embeddable":true,"href":"https:\/\/vocesparalelas.com.ar\/sitio\/wp-json\/wp\/v2\/media\/64817"}],"wp:attachment":[{"href":"https:\/\/vocesparalelas.com.ar\/sitio\/wp-json\/wp\/v2\/media?parent=67112"}],"wp:term":[{"taxonomy":"category","embeddable":true,"href":"https:\/\/vocesparalelas.com.ar\/sitio\/wp-json\/wp\/v2\/categories?post=67112"},{"taxonomy":"post_tag","embeddable":true,"href":"https:\/\/vocesparalelas.com.ar\/sitio\/wp-json\/wp\/v2\/tags?post=67112"}],"curies":[{"name":"wp","href":"https:\/\/api.w.org\/{rel}","templated":true}]}}