{"id":67108,"date":"2023-12-17T10:53:58","date_gmt":"2023-12-17T13:53:58","guid":{"rendered":"https:\/\/vocesparalelas.com.ar\/sitio\/?p=67108"},"modified":"2023-12-18T21:45:07","modified_gmt":"2023-12-19T00:45:07","slug":"cronograma-de-inscripcion-de-alumnos-ciclo-lectivo-2024-para-la-educacion-primaria-de-san-juan","status":"publish","type":"post","link":"https:\/\/vocesparalelas.com.ar\/sitio\/cronograma-de-inscripcion-de-alumnos-ciclo-lectivo-2024-para-la-educacion-primaria-de-san-juan\/","title":{"rendered":"Cronograma de inscripci\u00f3n de alumnos Ciclo Lectivo 2024 para la Educaci\u00f3n Primaria de San Juan"},"content":{"rendered":"<p>El Ministerio de Educaci\u00f3n del Gobierno de San Juan informa el cronograma de inscripciones de alumnos para el \u00abCiclo Lectivo 2024\u00bb para la Educaci\u00f3n Primaria de San Juan, cuyo tr\u00e1mite es gratuito.<\/p>\n<p>Se advirtiendo que no es requisito para matricular a los estudiantes el pago de la cooperadora, ya que, es una contribuci\u00f3n voluntaria.<\/p>\n<p>En febrero 2024 se realizar\u00e1 la reubicaci\u00f3n de quienes no encontraron vacantes.<\/p>\n<p><strong><span style=\"color: #339966;\">Cronograma<\/span><\/strong><\/p>\n<ul>\n<li>20 de Diciembre de 2023: Alumnos que ya pertenecen a la escuela.<\/li>\n<li>21 de Diciembre de 2023: Hermanos de alumnos que ya vienen a la escuela e hijos del personal de la instituci\u00f3n.<\/li>\n<li>22 de Diciembre de 2023: Si hubiese vacantes se inscribe a alumnos de otras instituciones escolares.<\/li>\n<\/ul>\n<p><strong><span style=\"color: #339966;\">Requisitos<\/span><\/strong><\/p>\n<p><span style=\"color: #339966;\"><strong>Para estudiantes que ingresan a 1\u00ba grado<\/strong><\/span><\/p>\n<ul>\n<li>Original y copia del D.N.I.<\/li>\n<li>Original y copia del informe de Sala de 5 a\u00f1os.<\/li>\n<li>Original y copia del carnet de vacunas.<\/li>\n<li>Opcional Cartilla Sanitaria.<\/li>\n<li>Llenar la ficha de inscripci\u00f3n institucional.<\/li>\n<\/ul>\n<p><span style=\"color: #339966;\"><strong>Para estudiantes de 2\u00ba a 6\u00ba grado\u00a0<\/strong><\/span><\/p>\n<ul>\n<li>Original y copia del D.N.I.<\/li>\n<li>Original y copia de la libreta del a\u00f1o inmediato anterior al a\u00f1o que debe cursar en el ciclo lectivo 2024.<\/li>\n<li>Original y copia del carnet de vacunas.<\/li>\n<li>Llenar la ficha de inscripci\u00f3n institucional.<\/li>\n<\/ul>\n<p>Para tener en cuenta: no se dejan originales de la documentaci\u00f3n y en Febrero 2024 , se realizan la reubicaci\u00f3n de estudiantes que no encontraron vacantes.<\/p>\n<p><strong><span style=\"color: #339966;\">Por consultas<\/span><\/strong><\/p>\n<p>Comunicarse de 8 a 13 horas al 4305850<\/p>\n","protected":false},"excerpt":{"rendered":"<p>El Ministerio de Educaci\u00f3n del Gobierno de San Juan informa el cronograma de inscripciones de alumnos para el \u00abCiclo Lectivo<\/p>\n","protected":false},"author":3,"featured_media":7142,"comment_status":"closed","ping_status":"closed","sticky":false,"template":"","format":"standard","meta":{"_acf_changed":false,"_seopress_robots_primary_cat":"none","_seopress_titles_title":"","_seopress_titles_desc":"","_seopress_robots_index":"","colormag_page_container_layout":"default_layout","colormag_page_sidebar_layout":"default_layout","footnotes":""},"categories":[5],"tags":[],"class_list":["post-67108","post","type-post","status-publish","format-standard","has-post-thumbnail","hentry","category-ofrecimientos"],"acf":[],"_links":{"self":[{"href":"https:\/\/vocesparalelas.com.ar\/sitio\/wp-json\/wp\/v2\/posts\/67108","targetHints":{"allow":["GET"]}}],"collection":[{"href":"https:\/\/vocesparalelas.com.ar\/sitio\/wp-json\/wp\/v2\/posts"}],"about":[{"href":"https:\/\/vocesparalelas.com.ar\/sitio\/wp-json\/wp\/v2\/types\/post"}],"author":[{"embeddable":true,"href":"https:\/\/vocesparalelas.com.ar\/sitio\/wp-json\/wp\/v2\/users\/3"}],"replies":[{"embeddable":true,"href":"https:\/\/vocesparalelas.com.ar\/sitio\/wp-json\/wp\/v2\/comments?post=67108"}],"version-history":[{"count":1,"href":"https:\/\/vocesparalelas.com.ar\/sitio\/wp-json\/wp\/v2\/posts\/67108\/revisions"}],"predecessor-version":[{"id":67111,"href":"https:\/\/vocesparalelas.com.ar\/sitio\/wp-json\/wp\/v2\/posts\/67108\/revisions\/67111"}],"wp:featuredmedia":[{"embeddable":true,"href":"https:\/\/vocesparalelas.com.ar\/sitio\/wp-json\/wp\/v2\/media\/7142"}],"wp:attachment":[{"href":"https:\/\/vocesparalelas.com.ar\/sitio\/wp-json\/wp\/v2\/media?parent=67108"}],"wp:term":[{"taxonomy":"category","embeddable":true,"href":"https:\/\/vocesparalelas.com.ar\/sitio\/wp-json\/wp\/v2\/categories?post=67108"},{"taxonomy":"post_tag","embeddable":true,"href":"https:\/\/vocesparalelas.com.ar\/sitio\/wp-json\/wp\/v2\/tags?post=67108"}],"curies":[{"name":"wp","href":"https:\/\/api.w.org\/{rel}","templated":true}]}}