{"id":67094,"date":"2023-12-16T20:34:19","date_gmt":"2023-12-16T23:34:19","guid":{"rendered":"https:\/\/vocesparalelas.com.ar\/sitio\/?p=67094"},"modified":"2023-12-18T22:03:02","modified_gmt":"2023-12-19T01:03:02","slug":"entregaron-los-certificados-de-la-diplomatura-en-practicas-socioeducativas-de-la-unsj","status":"publish","type":"post","link":"https:\/\/vocesparalelas.com.ar\/sitio\/entregaron-los-certificados-de-la-diplomatura-en-practicas-socioeducativas-de-la-unsj\/","title":{"rendered":"Entregaron los certificados de la Diplomatura en Pr\u00e1cticas Socioeducativas de la UNSJ"},"content":{"rendered":"<p>El Viernes, 15 de Diciembre, en la Sala de Multimedia \u00abProf. Pedro Pablo Cortez\u00bb, Subsuelo de la FCEFN de la UNSJ, en el CUIM, Meglioli e Ignacio de la Roza, Departamento Rivadavia, se desarroll\u00f3 el acto de entrega de certificaciones de la Diplomatura de Extensi\u00f3n Universitaria de Pr\u00e1cticas Socioeducativas de la UNSJ.<\/p>\n<p>La Universidad Nacional de San Juan dict\u00f3 la Diplomatura de Extensi\u00f3n Universitaria en Pr\u00e1cticas Socioeducativas, en distintos espacios, destinada al personal Nodocente, Docentes, Alumnos, Egresados y personas de la Comunidad.<\/p>\n<p>Las misma se desarroll\u00f3 los Viernes y S\u00e1bados, por ello, las autoridades de las Facultades de Ciencias Exactas, F\u00edsicas y Naturales, de Arquitectura, Urbanismo y Dise\u00f1o y de la Escuela Universitaria de Ciencias de la Salud de la UNSJ, fueron las responsables de entregar las certificaciones de la Diplomatura de Extensi\u00f3n Universitaria de Pr\u00e1cticas Socioeducativas de la UNSJ.<\/p>\n<figure id=\"attachment_66882\" aria-describedby=\"caption-attachment-66882\" style=\"width: 800px\" class=\"wp-caption alignnone\"><img loading=\"lazy\" decoding=\"async\" class=\"size-full wp-image-66882\" src=\"https:\/\/vocesparalelas.com.ar\/sitio\/wp-content\/uploads\/2023\/12\/UNSJ-ARQ-LORENA-PLATERO-01-1.jpg\" alt=\"\" width=\"800\" height=\"533\" srcset=\"https:\/\/vocesparalelas.com.ar\/sitio\/wp-content\/uploads\/2023\/12\/UNSJ-ARQ-LORENA-PLATERO-01-1.jpg 800w, https:\/\/vocesparalelas.com.ar\/sitio\/wp-content\/uploads\/2023\/12\/UNSJ-ARQ-LORENA-PLATERO-01-1-300x200.jpg 300w, https:\/\/vocesparalelas.com.ar\/sitio\/wp-content\/uploads\/2023\/12\/UNSJ-ARQ-LORENA-PLATERO-01-1-768x512.jpg 768w\" sizes=\"auto, (max-width: 800px) 100vw, 800px\" \/><figcaption id=\"caption-attachment-66882\" class=\"wp-caption-text\">Las Secretarias de Investigaci\u00f3n y Extensi\u00f3n de la EUCS, Dra. Ana Naranjo, de la FCEFN Prof. Patricia Asunto, de la FAUD, D.I.G. Eliana Perniche y la Coordinador del PSE de la UNSJ, Arq. Lorena Platero<\/figcaption><\/figure>\n<p>El acto comenz\u00f3 con la conformaci\u00f3n de la mesa acad\u00e9mica con las autoridades de la UNSJ, con la presencia de la Vicedecana a cargo del Decanato, Dra. Natalia N\u00fa\u00f1ez, quien se retir\u00f3 luego, por compromisos acad\u00e9micos, quien felicit\u00f3 a los participantes.<\/p>\n<figure id=\"attachment_67103\" aria-describedby=\"caption-attachment-67103\" style=\"width: 800px\" class=\"wp-caption alignnone\"><img loading=\"lazy\" decoding=\"async\" class=\"size-full wp-image-67103\" src=\"https:\/\/vocesparalelas.com.ar\/sitio\/wp-content\/uploads\/2023\/12\/UNSJ-PSE-ACTO-AUTORIDADES.jpg\" alt=\"\" width=\"800\" height=\"533\" srcset=\"https:\/\/vocesparalelas.com.ar\/sitio\/wp-content\/uploads\/2023\/12\/UNSJ-PSE-ACTO-AUTORIDADES.jpg 800w, https:\/\/vocesparalelas.com.ar\/sitio\/wp-content\/uploads\/2023\/12\/UNSJ-PSE-ACTO-AUTORIDADES-300x200.jpg 300w, https:\/\/vocesparalelas.com.ar\/sitio\/wp-content\/uploads\/2023\/12\/UNSJ-PSE-ACTO-AUTORIDADES-768x512.jpg 768w\" sizes=\"auto, (max-width: 800px) 100vw, 800px\" \/><figcaption id=\"caption-attachment-67103\" class=\"wp-caption-text\">Secretaria de Extensi\u00f3n de la UNSJ, Dra. Laura Garc\u00e9s, el Director de la EUCS de la UNSJ, Lic. \u00c1ngel Pinto, el Decano de la FAUD de la UNSJ, Arq. Guillermo Velasco y la Secretaria de Extensi\u00f3n de la FCEFN de la UNSJ, Prof. Patricia Asunto<\/figcaption><\/figure>\n<p>Es importante destacar la presencia del Diputado por Rivadavia, Dr. Juan Cruz C\u00f3rdoba y familiares de los egresados.<\/p>\n<p>Seguidamente, las palabras de las testigos de la Diplomatura en Pr\u00e1cticas Socioeducativas de la UNSJ, alumnas que participaron de la experiencia de los saberes.<\/p>\n<p><span style=\"color: #ff6600;\"><strong>Alumna Isabel Riquelme<\/strong><\/span><\/p>\n<p>\u201cEs un privilegio estar compartiendo sentires que nos han atravesado durante el cursado de este maravilloso proceso la Diplomatura en Pr\u00e1cticas Socioeducativas.<\/p>\n<p>\u201cFue una sorpresa recibir el llamado de la Secretaria de Extensi\u00f3n de la FAUD de la UNSJ, D.I.G. Eliana Perniche, d\u00e1ndome la oportunidad de trasladar las vivencias de mis compa\u00f1eras de la Cooperativa Agropecuaria Amanecer, quienes son parte neur\u00e1lgica de este texto, como asimismo las m\u00edas propias.<\/p>\n<p>Me cuesta usar la 1\u00b0 persona del singular. Siento, estamos inmersos en esta vor\u00e1gine destructiva debido al exceso, pero en esta situaci\u00f3n es lo requerido.<\/p>\n<p>Pens\u00e9 en este momento largamente, atravesada, junto a millones, por esta realidad apabullante y que empeora en forma vertiginosa.<\/p>\n<p>Hab\u00eda resuelto comenzar detallando las maravillosas herramientas acad\u00e9micas aprehendidas durante el cursado de cada m\u00f3dulo, agradeciendo a cada educador que nos acompa\u00f1aron y compartieron generosamente sus saberes.<\/p>\n<p>Doy por sentado, que las autoridades lo saben, porque el equipo de coordinaci\u00f3n de este trayecto formativo est\u00e1 constituido por personas brillantes, emp\u00e1ticas, solidarias, humildes y generosas.<\/p>\n<p>Somos sabedores de lo valioso y necesario que es transitar estos procesos de educaci\u00f3n formal, en una gran casa de estudios superiores como lo es la Universidad Nacional de San Juan.<\/p>\n<p>Una de las funciones estrat\u00e9gicas de la Educaci\u00f3n Superior nos obliga a repensar sobre qu\u00e9 tipo de sociedad queremos, y qu\u00e9 educaci\u00f3n necesitan nuestros pares para contribuir a transformar solidariamente nuestras comunidades y avanzar en el desarrollo sostenible de nuestros pueblos. Los desaf\u00edos son varios, fundamentalmente el cambio de paradigma.<\/p>\n<p>Me siento privilegiada en las Lomitas, al Norte del Departamento Albard\u00f3n hay un grupo de m\u00e1s de veinte mujeres y hombres trabajando a contra reloj, seleccionando y envasando semillas, que luego ser\u00e1n distribuidas por Argentina. Semillas que son el g\u00e9nesis de la alimentaci\u00f3n de much\u00edsimas familias en condici\u00f3n de vulnerabilidad.<\/p>\n<p><img loading=\"lazy\" decoding=\"async\" class=\"alignnone size-large wp-image-66883\" src=\"https:\/\/vocesparalelas.com.ar\/sitio\/wp-content\/uploads\/2023\/12\/UNSJ-ARQ-LORENA-PLATERO-02-800x600.jpg\" alt=\"\" width=\"800\" height=\"600\" srcset=\"https:\/\/vocesparalelas.com.ar\/sitio\/wp-content\/uploads\/2023\/12\/UNSJ-ARQ-LORENA-PLATERO-02-800x600.jpg 800w, https:\/\/vocesparalelas.com.ar\/sitio\/wp-content\/uploads\/2023\/12\/UNSJ-ARQ-LORENA-PLATERO-02-300x225.jpg 300w, https:\/\/vocesparalelas.com.ar\/sitio\/wp-content\/uploads\/2023\/12\/UNSJ-ARQ-LORENA-PLATERO-02-768x576.jpg 768w, https:\/\/vocesparalelas.com.ar\/sitio\/wp-content\/uploads\/2023\/12\/UNSJ-ARQ-LORENA-PLATERO-02.jpg 1024w\" sizes=\"auto, (max-width: 800px) 100vw, 800px\" \/><\/p>\n<p>Siento que estamos en deuda con tant\u00edsimos territorios que han comenzado a enunciarla por primera vez ac\u00e1, en este proceso de formaci\u00f3n tan necesario.<\/p>\n<p>Debemos tomar estas herramientas, recursos y saberes y organizarnos. Debemos cumplir nuestra palabra y regresar a devolverles algo de lo mucho que nos han ense\u00f1ado.<\/p>\n<p>Esa es la Universidad que so\u00f1amos, la atraviesa los muros, trasladando su esencia a los territorios, fiel a su misi\u00f3n social y fortaleciendo su compromiso con las comunidades.<\/p>\n<p><span style=\"color: #ff6600;\"><strong>Alumna Marisa Cabello<\/strong><\/span><\/p>\n<p>Cada uno mira el mundo, lo interpreta, desde las marcas y las categor\u00edas de la propia cultura y desde sus propios espacios de conocimiento.<\/p>\n<p>La Diplomatura en Pr\u00e1cticas Socioeducativas, nos ha brindado un espacio fuera del confort, familiar, profesional y ocupacional.<\/p>\n<p>Contiene teor\u00eda y pr\u00e1ctica en territorio puso en di\u00e1logo con otras culturas, otras necesidades, otras realidades, distintas a las nuestras.<\/p>\n<p>El di\u00e1logo de saberes e intercultural, fue gracias a las Pol\u00edticas entendidas como una relaci\u00f3n entre distintos actores.<\/p>\n<p>El di\u00e1logo de las culturas est\u00e1 estrechamente relacionado con la vigencia de los derechos econ\u00f3micos, sociales y culturales de las comunidades, los actores sociales y los individuos.<\/p>\n<p>En nuestras pr\u00e1cticas en territorio, en los Departamentos de Rivadavia, de Santa Lucia y de Albard\u00f3n de la provincia de San Juan, donde pudimos aprender, comprender y analizar cada una de las comunidades.<\/p>\n<p>Descubrimos la identidad de los actores sociales y de la propia identidad permiti\u00e9ndonos percibirnos como individuos y reconocer al otro, ese otro que nos abri\u00f3 las puertas de su hogar, que comparti\u00f3 experiencias, vivencias, necesidades y sue\u00f1os.<\/p>\n<p>La Diplomatura en Pr\u00e1cticas Socioeducativas, puso en relieve las vivencias y experiencias; que var\u00edan seg\u00fan la perspectiva desde donde son interpretadas, desde nuestra ocupaci\u00f3n, profesi\u00f3n, trabajo cotidiano, seg\u00fan el aqu\u00ed y ahora que estamos experimentando como el sujeto, como estudiantes de la Diplomatura.<\/p>\n<p>Desde mi campo disciplinar y profesional la comunicaci\u00f3n, lo vivido en el cursado y pr\u00e1ctica en territorio de la Diplomatura, se puede encuadrar en las teor\u00edas de Sandra Massoni quien dijo que \u201cla comunicaci\u00f3n es un encuentro, una conversaci\u00f3n micro\/ macro social implica considerar lo complejo y lo fluido en tanto modalidad de la relaci\u00f3n intersubjetiva propia de lo comunicacional. No es una descripci\u00f3n de la complejidad, sino una b\u00fasqueda de la complejidad a partir de la comunicaci\u00f3n como modalidad siempre abierta a nuevas acciones y sentidos compartidos. (Massoni, 2016, p. 72)<\/p>\n<p><img loading=\"lazy\" decoding=\"async\" class=\"alignnone size-large wp-image-66884\" src=\"https:\/\/vocesparalelas.com.ar\/sitio\/wp-content\/uploads\/2023\/12\/UNSJ-ARQ-LORENA-PLATERO-03-800x600.jpg\" alt=\"\" width=\"800\" height=\"600\" srcset=\"https:\/\/vocesparalelas.com.ar\/sitio\/wp-content\/uploads\/2023\/12\/UNSJ-ARQ-LORENA-PLATERO-03-800x600.jpg 800w, https:\/\/vocesparalelas.com.ar\/sitio\/wp-content\/uploads\/2023\/12\/UNSJ-ARQ-LORENA-PLATERO-03-300x225.jpg 300w, https:\/\/vocesparalelas.com.ar\/sitio\/wp-content\/uploads\/2023\/12\/UNSJ-ARQ-LORENA-PLATERO-03-768x576.jpg 768w, https:\/\/vocesparalelas.com.ar\/sitio\/wp-content\/uploads\/2023\/12\/UNSJ-ARQ-LORENA-PLATERO-03.jpg 1000w\" sizes=\"auto, (max-width: 800px) 100vw, 800px\" \/><\/p>\n<p>Como deseo manifiesto mi inter\u00e9s, el v\u00ednculo formado por los estudiantes en el territorio no sea s\u00f3lo una parte de la pr\u00e1ctica territorial, sino que esos v\u00ednculos se estrechen en el tiempo, que se puedan concretar las acciones propuestas y que sus referentes sean en un futuro parte del cuerpo docente\u201d.<\/p>\n<p><iframe loading=\"lazy\" title=\"UNSJ PSE ALUMNAS\" width=\"800\" height=\"450\" src=\"https:\/\/www.youtube.com\/embed\/z81nigV_D6U?feature=oembed\" frameborder=\"0\" allow=\"accelerometer; autoplay; clipboard-write; encrypted-media; gyroscope; picture-in-picture; web-share\" allowfullscreen><\/iframe><\/p>\n<p>Posteriormente el d\u00fao Nimora Musical integrado por Luis Gonzalo Melicchio al piano con la voz de Sandra Elizabeth Salas G\u00f3mez, quienes interpretaron canciones que alegr\u00f3 a los presentes.<\/p>\n<p><strong><span style=\"color: #ff6600;\">Canci\u00f3n del Ciclo de P\u00e1jaros de Carlos Gustavino<\/span><\/strong><\/p>\n<p><iframe loading=\"lazy\" title=\"NIMORA MUSICAL P\u00c1JAROS\" width=\"800\" height=\"450\" src=\"https:\/\/www.youtube.com\/embed\/5LC0hkF6QsI?feature=oembed\" frameborder=\"0\" allow=\"accelerometer; autoplay; clipboard-write; encrypted-media; gyroscope; picture-in-picture; web-share\" allowfullscreen><\/iframe><\/p>\n<p><span style=\"color: #ff6600;\"><strong>A continuaci\u00f3n, la canci\u00f3n \u00abGracias a la vida\u00bb de Violeta Parra<\/strong><\/span><\/p>\n<p><iframe loading=\"lazy\" title=\"NIMORA MUSICAL GRACIAS A LA VIDA\" width=\"800\" height=\"450\" src=\"https:\/\/www.youtube.com\/embed\/-K1evFIPTiI?feature=oembed\" frameborder=\"0\" allow=\"accelerometer; autoplay; clipboard-write; encrypted-media; gyroscope; picture-in-picture; web-share\" allowfullscreen><\/iframe><\/p>\n<p>De esta manera, la Secretaria de Extensi\u00f3n de la UNSJ, Dra. Laura Garc\u00e9s, remarc\u00f3 la importancia de dar posibilidad de capacitaci\u00f3n no s\u00f3lo lo te\u00f3rico sino el trabajo en territorio que permite conocer m\u00e1s a las comunidades.<\/p>\n<p><iframe loading=\"lazy\" title=\"UNSJ PSE DRA LAURA GARCES\" width=\"800\" height=\"450\" src=\"https:\/\/www.youtube.com\/embed\/IEnqOFtTWCs?feature=oembed\" frameborder=\"0\" allow=\"accelerometer; autoplay; clipboard-write; encrypted-media; gyroscope; picture-in-picture; web-share\" allowfullscreen><\/iframe><\/p>\n<p>Seguidamente, el Director de la EUCS de la UNSJ, Lic. \u00c1ngel Pinto y el Decano de la FAUD de la UNSJ, Arq. Guillermo Velasco apuntaron la posibilidad de los interesados la Diplomatura en Pr\u00e1cticas Socioeducativas de la UNSJ desde una Universidad P\u00fablica, Gratuita e Inclusiva. Es la Universidad Nacional de San Juan al servicio de la sociedad.<\/p>\n<p><iframe loading=\"lazy\" title=\"UNSJ PSE DECANO ARQ. GUILLERMO VELASCO\" width=\"800\" height=\"450\" src=\"https:\/\/www.youtube.com\/embed\/-twXk8p8TUI?feature=oembed\" frameborder=\"0\" allow=\"accelerometer; autoplay; clipboard-write; encrypted-media; gyroscope; picture-in-picture; web-share\" allowfullscreen><\/iframe><\/p>\n<p>Para finalizar el acto, se invit\u00f3 a las autoridades para la entrega del Certificado de la Diplomatura en Pr\u00e1cticas Socioeducativas a los alumnos felices.<\/p>\n<figure id=\"attachment_67102\" aria-describedby=\"caption-attachment-67102\" style=\"width: 800px\" class=\"wp-caption alignnone\"><img loading=\"lazy\" decoding=\"async\" class=\"size-full wp-image-67102\" src=\"https:\/\/vocesparalelas.com.ar\/sitio\/wp-content\/uploads\/2023\/12\/UNSJ-PSE-MODELOS-ACADEMICOS.jpg\" alt=\"\" width=\"800\" height=\"533\" srcset=\"https:\/\/vocesparalelas.com.ar\/sitio\/wp-content\/uploads\/2023\/12\/UNSJ-PSE-MODELOS-ACADEMICOS.jpg 800w, https:\/\/vocesparalelas.com.ar\/sitio\/wp-content\/uploads\/2023\/12\/UNSJ-PSE-MODELOS-ACADEMICOS-300x200.jpg 300w, https:\/\/vocesparalelas.com.ar\/sitio\/wp-content\/uploads\/2023\/12\/UNSJ-PSE-MODELOS-ACADEMICOS-768x512.jpg 768w\" sizes=\"auto, (max-width: 800px) 100vw, 800px\" \/><figcaption id=\"caption-attachment-67102\" class=\"wp-caption-text\">Secretaria de Extensi\u00f3n de la UNSJ, Dra. Laura Garc\u00e9s. el Director de la ECUS de la UNSJ, Lic. \u00c1ngel Pinto, el Decano de la FAUD de la UNSJ, Arq. Guillermo Velasco, la Secretaria de Extensi\u00f3n de la FCEFN de la UNSJ, Prof. Patricia Asunto, Secretaria de Extensi\u00f3n de la EUCS de la UNSJ, Dra. Ana Naranjo, la Secretaria de Extensi\u00f3n de la FAUD, D.I.G. Eliana Perniche<\/figcaption><\/figure>\n<p><strong><span style=\"color: #ff6600;\">Egresaros de la Diplomatura en Pr\u00e1cticas Socioeducativas de la UNSJ<\/span><\/strong><\/p>\n<p>Leandro Martin Rebuffoluares, Florencia Beatita Araya, Yahiria In\u00e9s Pasin, Victorie Sol Merenda, Carolina del Valle Elizondo, Santiago Bernabe Chirino, Yanina Danisa Mocandi, Magali Janet Ag\u00fcero Castro, Gisela Elana Morandi, Karen Eliana L\u00f3pez Figueroa, Mar\u00eda Ver\u00f3nica Pamela Moreno, Marcela Ivana Diar, Marisa de las Mercedes Cabello, Duilio Alfredo Araya, Silvana Beatriz Cano Ginestar, Facundo Mat\u00edas Ortiz Santamaria, Gabriela Jaquelin Yubel, Claudia Alejandra Pe\u00f1aloza, Marianela Eliana Ruarte, Paula Gattoni Chiaramonte, Tania Yamila G\u00f3mez, Agostina Bel\u00e9n Lucero, Nancy Noemi Chirino, Silvina Luisa Roldan, Daniela Soledad Lucero, Julieta L\u00eda Casademont, Anabel Cano Ginestar, Fabi\u00e1n Jes\u00fas Villegas, Mauro Fernando Martin Ruiz, Claudia Lilian Saavedra, Gonzalo Alejandro Aldana Riveros, Maira Yanina Marin Gomez, Natalia Vanesa Morales Suvires, Adriana Elizabeth Vera Espejo, Mar\u00eda Isabel Riquelme, Romina Vanesa Moreno Ber\u00f3n, Mario Nicol\u00e1s Alga\u00f1araz Ramos.<\/p>\n<p><img loading=\"lazy\" decoding=\"async\" class=\"alignnone size-full wp-image-67099\" src=\"https:\/\/vocesparalelas.com.ar\/sitio\/wp-content\/uploads\/2023\/12\/UNSJ-PSE-CERTIFICADOS-01.jpg\" alt=\"\" width=\"800\" height=\"533\" srcset=\"https:\/\/vocesparalelas.com.ar\/sitio\/wp-content\/uploads\/2023\/12\/UNSJ-PSE-CERTIFICADOS-01.jpg 800w, https:\/\/vocesparalelas.com.ar\/sitio\/wp-content\/uploads\/2023\/12\/UNSJ-PSE-CERTIFICADOS-01-300x200.jpg 300w, https:\/\/vocesparalelas.com.ar\/sitio\/wp-content\/uploads\/2023\/12\/UNSJ-PSE-CERTIFICADOS-01-768x512.jpg 768w\" sizes=\"auto, (max-width: 800px) 100vw, 800px\" \/><\/p>\n<p><img loading=\"lazy\" decoding=\"async\" class=\"alignnone size-full wp-image-53945\" src=\"https:\/\/vocesparalelas.com.ar\/sitio\/wp-content\/uploads\/2022\/10\/UNSJ-LOGO-50-FINAL.jpg\" alt=\"\" width=\"800\" height=\"476\" srcset=\"https:\/\/vocesparalelas.com.ar\/sitio\/wp-content\/uploads\/2022\/10\/UNSJ-LOGO-50-FINAL.jpg 800w, https:\/\/vocesparalelas.com.ar\/sitio\/wp-content\/uploads\/2022\/10\/UNSJ-LOGO-50-FINAL-300x179.jpg 300w, https:\/\/vocesparalelas.com.ar\/sitio\/wp-content\/uploads\/2022\/10\/UNSJ-LOGO-50-FINAL-768x457.jpg 768w\" sizes=\"auto, (max-width: 800px) 100vw, 800px\" \/> <img loading=\"lazy\" decoding=\"async\" class=\"alignnone size-full wp-image-54035\" src=\"https:\/\/vocesparalelas.com.ar\/sitio\/wp-content\/uploads\/2022\/11\/UNSJ-LOGO-10.jpg\" alt=\"\" width=\"800\" height=\"533\" srcset=\"https:\/\/vocesparalelas.com.ar\/sitio\/wp-content\/uploads\/2022\/11\/UNSJ-LOGO-10.jpg 800w, https:\/\/vocesparalelas.com.ar\/sitio\/wp-content\/uploads\/2022\/11\/UNSJ-LOGO-10-300x200.jpg 300w, https:\/\/vocesparalelas.com.ar\/sitio\/wp-content\/uploads\/2022\/11\/UNSJ-LOGO-10-768x512.jpg 768w\" sizes=\"auto, (max-width: 800px) 100vw, 800px\" \/><\/p>\n","protected":false},"excerpt":{"rendered":"<p>El Viernes, 15 de Diciembre, en la Sala de Multimedia \u00abProf. Pedro Pablo Cortez\u00bb, Subsuelo de la FCEFN de la<\/p>\n","protected":false},"author":3,"featured_media":67098,"comment_status":"closed","ping_status":"closed","sticky":false,"template":"","format":"standard","meta":{"_acf_changed":false,"_seopress_robots_primary_cat":"none","_seopress_titles_title":"","_seopress_titles_desc":"","_seopress_robots_index":"","colormag_page_container_layout":"default_layout","colormag_page_sidebar_layout":"default_layout","footnotes":""},"categories":[15,7],"tags":[],"class_list":["post-67094","post","type-post","status-publish","format-standard","has-post-thumbnail","hentry","category-posgrados","category-videos"],"acf":[],"_links":{"self":[{"href":"https:\/\/vocesparalelas.com.ar\/sitio\/wp-json\/wp\/v2\/posts\/67094","targetHints":{"allow":["GET"]}}],"collection":[{"href":"https:\/\/vocesparalelas.com.ar\/sitio\/wp-json\/wp\/v2\/posts"}],"about":[{"href":"https:\/\/vocesparalelas.com.ar\/sitio\/wp-json\/wp\/v2\/types\/post"}],"author":[{"embeddable":true,"href":"https:\/\/vocesparalelas.com.ar\/sitio\/wp-json\/wp\/v2\/users\/3"}],"replies":[{"embeddable":true,"href":"https:\/\/vocesparalelas.com.ar\/sitio\/wp-json\/wp\/v2\/comments?post=67094"}],"version-history":[{"count":4,"href":"https:\/\/vocesparalelas.com.ar\/sitio\/wp-json\/wp\/v2\/posts\/67094\/revisions"}],"predecessor-version":[{"id":67107,"href":"https:\/\/vocesparalelas.com.ar\/sitio\/wp-json\/wp\/v2\/posts\/67094\/revisions\/67107"}],"wp:featuredmedia":[{"embeddable":true,"href":"https:\/\/vocesparalelas.com.ar\/sitio\/wp-json\/wp\/v2\/media\/67098"}],"wp:attachment":[{"href":"https:\/\/vocesparalelas.com.ar\/sitio\/wp-json\/wp\/v2\/media?parent=67094"}],"wp:term":[{"taxonomy":"category","embeddable":true,"href":"https:\/\/vocesparalelas.com.ar\/sitio\/wp-json\/wp\/v2\/categories?post=67094"},{"taxonomy":"post_tag","embeddable":true,"href":"https:\/\/vocesparalelas.com.ar\/sitio\/wp-json\/wp\/v2\/tags?post=67094"}],"curies":[{"name":"wp","href":"https:\/\/api.w.org\/{rel}","templated":true}]}}