{"id":67082,"date":"2023-12-15T21:45:58","date_gmt":"2023-12-16T00:45:58","guid":{"rendered":"https:\/\/vocesparalelas.com.ar\/sitio\/?p=67082"},"modified":"2023-12-16T00:46:17","modified_gmt":"2023-12-16T03:46:17","slug":"feria-fusion-renova-tu-energia-ullum-te-espera","status":"publish","type":"post","link":"https:\/\/vocesparalelas.com.ar\/sitio\/feria-fusion-renova-tu-energia-ullum-te-espera\/","title":{"rendered":"Feria Fusi\u00f3n \u201cRenov\u00e1 tu energ\u00eda, Ullum te espera\u201d"},"content":{"rendered":"<p>La Municipalidad de Ullum invita el S\u00e1bado, 16 y el Domingo, 17 de Diciembre, de 8 a 12 y de 19 a 22 hs.; a la Feria Fusi\u00f3n, en la plaza Pedro March\u00e1n, con puestos gastron\u00f3micos, artesanos y emprendedores de la econom\u00eda social.<\/p>\n<p>\u201cRenov\u00e1 tu energ\u00eda, Ullum te espera\u201d es el nombre de la iniciativa conjunta entre las direcciones de Turismo y Cultura de la nueva gesti\u00f3n ullunera para dinamizar al departamento.<\/p>\n<p>Una de las metas del intendente de la Municipalidad de Ullum, David Dom\u00ednguez es reactivar la identidad cultural y tur\u00edstica de Ullum mediante eventos que potencien el emprendedurismo local y fomenten la afluencia de visitas.<\/p>\n<p>Ullum se viste de fiesta con una feria de artesanos, emprendedores y puestos gastron\u00f3micos en horario<\/p>\n<p>La plaza ten\u00eda por nombre original Fray Justo Santa Mar\u00eda de Oro y fue rebautizada hace algunos a\u00f1os en homenaje al poeta ullunero Pedro March\u00e1n. Y para continuar poniendo en valor el acervo cultural local, est\u00e1 contemplado que la feria cierre con shows musicales a cargo de las bandas ulluneras de Rody Oyola, Mr Paul Danger (electro rock indie) y la presentaci\u00f3n del Ballet de Arte Nativo.<\/p>\n<p>Este espacio verde es de muy f\u00e1cil acceso para los visitantes ya que se encuentra sobre ruta 60, a 37 minutos en auto desde Plaza 25 de Mayo y tambi\u00e9n queda de paso para quienes regresan a la ciudad desde el circuito interlagos por Ullum.<\/p>\n<p>La invitaci\u00f3n es abierta y gratuita para disfrutar en familia o con amigos.<\/p>\n<p>Por ello, el intendente de la Municipalidad de Ullum, David Dom\u00ednguez manifest\u00f3 a los Periodistas San Juan, su llegada a Casa de Gobierno previa con la reuni\u00f3n del Gobernador, Dr. Marcelo Orrego.<\/p>\n<p><iframe loading=\"lazy\" title=\"ULUM INTENDENTE DAVID DOMINGUEZ\" width=\"800\" height=\"450\" src=\"https:\/\/www.youtube.com\/embed\/_RHmeNA9tLM?feature=oembed\" frameborder=\"0\" allow=\"accelerometer; autoplay; clipboard-write; encrypted-media; gyroscope; picture-in-picture; web-share\" allowfullscreen><\/iframe><\/p>\n<p><img loading=\"lazy\" decoding=\"async\" class=\"alignnone size-full wp-image-31318\" src=\"https:\/\/vocesparalelas.com.ar\/sitio\/wp-content\/uploads\/2020\/09\/DIQUE-ULLUM.jpg\" alt=\"\" width=\"800\" height=\"450\" srcset=\"https:\/\/vocesparalelas.com.ar\/sitio\/wp-content\/uploads\/2020\/09\/DIQUE-ULLUM.jpg 800w, https:\/\/vocesparalelas.com.ar\/sitio\/wp-content\/uploads\/2020\/09\/DIQUE-ULLUM-300x169.jpg 300w, https:\/\/vocesparalelas.com.ar\/sitio\/wp-content\/uploads\/2020\/09\/DIQUE-ULLUM-768x432.jpg 768w\" sizes=\"auto, (max-width: 800px) 100vw, 800px\" \/><\/p>\n<p>&nbsp;<\/p>\n","protected":false},"excerpt":{"rendered":"<p>La Municipalidad de Ullum invita el S\u00e1bado, 16 y el Domingo, 17 de Diciembre, de 8 a 12 y de<\/p>\n","protected":false},"author":3,"featured_media":67085,"comment_status":"closed","ping_status":"closed","sticky":false,"template":"","format":"standard","meta":{"_acf_changed":false,"_seopress_robots_primary_cat":"none","_seopress_titles_title":"","_seopress_titles_desc":"","_seopress_robots_index":"","colormag_page_container_layout":"default_layout","colormag_page_sidebar_layout":"default_layout","footnotes":""},"categories":[1,7],"tags":[],"class_list":["post-67082","post","type-post","status-publish","format-standard","has-post-thumbnail","hentry","category-destacadas","category-videos"],"acf":[],"_links":{"self":[{"href":"https:\/\/vocesparalelas.com.ar\/sitio\/wp-json\/wp\/v2\/posts\/67082","targetHints":{"allow":["GET"]}}],"collection":[{"href":"https:\/\/vocesparalelas.com.ar\/sitio\/wp-json\/wp\/v2\/posts"}],"about":[{"href":"https:\/\/vocesparalelas.com.ar\/sitio\/wp-json\/wp\/v2\/types\/post"}],"author":[{"embeddable":true,"href":"https:\/\/vocesparalelas.com.ar\/sitio\/wp-json\/wp\/v2\/users\/3"}],"replies":[{"embeddable":true,"href":"https:\/\/vocesparalelas.com.ar\/sitio\/wp-json\/wp\/v2\/comments?post=67082"}],"version-history":[{"count":1,"href":"https:\/\/vocesparalelas.com.ar\/sitio\/wp-json\/wp\/v2\/posts\/67082\/revisions"}],"predecessor-version":[{"id":67086,"href":"https:\/\/vocesparalelas.com.ar\/sitio\/wp-json\/wp\/v2\/posts\/67082\/revisions\/67086"}],"wp:featuredmedia":[{"embeddable":true,"href":"https:\/\/vocesparalelas.com.ar\/sitio\/wp-json\/wp\/v2\/media\/67085"}],"wp:attachment":[{"href":"https:\/\/vocesparalelas.com.ar\/sitio\/wp-json\/wp\/v2\/media?parent=67082"}],"wp:term":[{"taxonomy":"category","embeddable":true,"href":"https:\/\/vocesparalelas.com.ar\/sitio\/wp-json\/wp\/v2\/categories?post=67082"},{"taxonomy":"post_tag","embeddable":true,"href":"https:\/\/vocesparalelas.com.ar\/sitio\/wp-json\/wp\/v2\/tags?post=67082"}],"curies":[{"name":"wp","href":"https:\/\/api.w.org\/{rel}","templated":true}]}}