{"id":67077,"date":"2023-12-15T20:06:26","date_gmt":"2023-12-15T23:06:26","guid":{"rendered":"https:\/\/vocesparalelas.com.ar\/sitio\/?p=67077"},"modified":"2023-12-16T00:06:46","modified_gmt":"2023-12-16T03:06:46","slug":"autoridades-del-hospital-dr-guillermo-rawson-de-san-juan","status":"publish","type":"post","link":"https:\/\/vocesparalelas.com.ar\/sitio\/autoridades-del-hospital-dr-guillermo-rawson-de-san-juan\/","title":{"rendered":"Autoridades del Hospital Dr. Guillermo Rawson de San Juan"},"content":{"rendered":"<p>Ante una amplia presencia de jefes de servicios, personal del Hospital y familiares, el ministro de Salud del Gobierno de San Juan, Dr.\u00a0 Almilcar Dobladez puso en funciones a los nuevos directores y gerentes, quienes asumieron el desaf\u00edo de conducir los destinos del principal hospital de la provincia.<\/p>\n<p><span style=\"color: #ff0000;\"><strong>Directorio del Hospital Dr. Guillermo Rawson<\/strong><\/span><\/p>\n<ul>\n<li>Director Ejecutivo: Dr. Juan Pablo Gempel;<\/li>\n<li>Director M\u00e9dico de Planificaci\u00f3n y Gesti\u00f3n Asistencial: Dr. Adri\u00e1n Horacio D\u2019Ovidio;<\/li>\n<li>Director Administrativo: CPN Daniel H\u00e9ctor Ferrero;<\/li>\n<li>Director de Personal, Lic. Ricardo Atencio Pizarro;<\/li>\n<li>Gerente T\u00e9cnico: Dra. Miriam Noelia Meritello;<\/li>\n<li>Gerente Administrativo: CPN Eliana Edith Erostarbe Elizondo\u00a0y<\/li>\n<li>Gerente Contable: CPN Mariana Nidia Guerrero Bustos.<\/li>\n<\/ul>\n<p>En su discurso de asunci\u00f3n, el nuevo Director Ejecutivo, Dr. Juan Pablo Gempel, se manifest\u00f3\u00a0emocionado y agradecido ante su nueva responsabilidad. Lo primero que me toca es agradecer al Ministro, Dr. Dobladez, por la confianza depositada, por\u00a0dejarme elegir el equipo\u00a0con el que vamos a trabajar, porque realmente vamos a trabajar en equipo, no quiero dejar de agradecer al\u00a0Dr. Jorge Gir\u00f3n\u00a0y a la\u00a0Dra. Marianna M\u00edguez\u00a0porque hemos hecho\u00a0una transici\u00f3n hermosa, no solamente por la transici\u00f3n sino por la gesti\u00f3n que tuvieron en una etapa muy complicada en el mundo y en la provincia\u201d.<\/p>\n<p>El Dr. Gempel,\u00a0cirujano General, ex jefe de Cirug\u00eda del Hospital, record\u00f3 los tiempos en que ingres\u00f3 al hospital y destac\u00f3 que adem\u00e1s de la moderna edificaci\u00f3n y la alta calidad del equipamiento \u201c\u00a0lo mejor que tiene este hospital son las personas, por distintos motivos los mejores profesionales de San Juan trabajan en la parte p\u00fablica y casi todos los mejores profesionales trabajan ac\u00e1, tenemos ese privilegio. Y esta gesti\u00f3n lo que quiere\u00a0es incentivar al personal profesionalmente, d\u00e1ndole todos los elementos para que puedan desarrollarse, hay servicios que funcionan muy bien, queremos que funcionen mejor, hay servicios que tienen que mejorar y los vamos a acompa\u00f1ar, que sepan que va a haber una direcci\u00f3n a la que pueden concurrir y los vamos a escuchar. Que vamos a ir,\u00a0no vamos a estar sentados detr\u00e1s de un escritorio, vamos a consensuar mucho\u00a0y para eso vamos a necesitar la ayuda de todos\u201d.<\/p>\n<p>Para concluir, el nuevo director ejecutivo expres\u00f3 que \u201cdirigir a esta gente\u00a0es un gran honor y un gran orgullo, nosotros somos parte, hoy nos toca estar ac\u00e1 y despu\u00e9s vamos a seguir estando, nos sentimos totalmente identificados, hemos compartido un mont\u00f3n de vivencias en estos a\u00f1os de triunfos, de fracasos, de logros y de cosas que no hemos podido lograr, por eso es una gran responsabilidad estar en la direcci\u00f3n y\u00a0vamos a dejar todo de parte nuestra\u201d.<\/p>\n<p>Por su parte el ministro de Salud, Dr. Am\u00edlcar Dobladez, respald\u00f3 a las nuevas autoridades hospitalarias, les expres\u00f3 sus mejores deseos y se comprometi\u00f3 a visitar permanentemente el Hospital para estar junto a la gesti\u00f3n.<\/p>\n<p><img loading=\"lazy\" decoding=\"async\" class=\"alignnone size-full wp-image-27493\" src=\"https:\/\/vocesparalelas.com.ar\/sitio\/wp-content\/uploads\/2020\/04\/HOSPITAL-RAWSON-10.jpg\" alt=\"\" width=\"800\" height=\"533\" srcset=\"https:\/\/vocesparalelas.com.ar\/sitio\/wp-content\/uploads\/2020\/04\/HOSPITAL-RAWSON-10.jpg 800w, https:\/\/vocesparalelas.com.ar\/sitio\/wp-content\/uploads\/2020\/04\/HOSPITAL-RAWSON-10-300x200.jpg 300w, https:\/\/vocesparalelas.com.ar\/sitio\/wp-content\/uploads\/2020\/04\/HOSPITAL-RAWSON-10-768x512.jpg 768w\" sizes=\"auto, (max-width: 800px) 100vw, 800px\" \/><\/p>\n","protected":false},"excerpt":{"rendered":"<p>Ante una amplia presencia de jefes de servicios, personal del Hospital y familiares, el ministro de Salud del Gobierno de<\/p>\n","protected":false},"author":3,"featured_media":67080,"comment_status":"closed","ping_status":"closed","sticky":false,"template":"","format":"standard","meta":{"_acf_changed":false,"_seopress_robots_primary_cat":"none","_seopress_titles_title":"","_seopress_titles_desc":"","_seopress_robots_index":"","colormag_page_container_layout":"default_layout","colormag_page_sidebar_layout":"default_layout","footnotes":""},"categories":[1],"tags":[],"class_list":["post-67077","post","type-post","status-publish","format-standard","has-post-thumbnail","hentry","category-destacadas"],"acf":[],"_links":{"self":[{"href":"https:\/\/vocesparalelas.com.ar\/sitio\/wp-json\/wp\/v2\/posts\/67077","targetHints":{"allow":["GET"]}}],"collection":[{"href":"https:\/\/vocesparalelas.com.ar\/sitio\/wp-json\/wp\/v2\/posts"}],"about":[{"href":"https:\/\/vocesparalelas.com.ar\/sitio\/wp-json\/wp\/v2\/types\/post"}],"author":[{"embeddable":true,"href":"https:\/\/vocesparalelas.com.ar\/sitio\/wp-json\/wp\/v2\/users\/3"}],"replies":[{"embeddable":true,"href":"https:\/\/vocesparalelas.com.ar\/sitio\/wp-json\/wp\/v2\/comments?post=67077"}],"version-history":[{"count":1,"href":"https:\/\/vocesparalelas.com.ar\/sitio\/wp-json\/wp\/v2\/posts\/67077\/revisions"}],"predecessor-version":[{"id":67081,"href":"https:\/\/vocesparalelas.com.ar\/sitio\/wp-json\/wp\/v2\/posts\/67077\/revisions\/67081"}],"wp:featuredmedia":[{"embeddable":true,"href":"https:\/\/vocesparalelas.com.ar\/sitio\/wp-json\/wp\/v2\/media\/67080"}],"wp:attachment":[{"href":"https:\/\/vocesparalelas.com.ar\/sitio\/wp-json\/wp\/v2\/media?parent=67077"}],"wp:term":[{"taxonomy":"category","embeddable":true,"href":"https:\/\/vocesparalelas.com.ar\/sitio\/wp-json\/wp\/v2\/categories?post=67077"},{"taxonomy":"post_tag","embeddable":true,"href":"https:\/\/vocesparalelas.com.ar\/sitio\/wp-json\/wp\/v2\/tags?post=67077"}],"curies":[{"name":"wp","href":"https:\/\/api.w.org\/{rel}","templated":true}]}}