{"id":67072,"date":"2023-12-15T20:39:24","date_gmt":"2023-12-15T23:39:24","guid":{"rendered":"https:\/\/vocesparalelas.com.ar\/sitio\/?p=67072"},"modified":"2023-12-16T00:46:53","modified_gmt":"2023-12-16T03:46:53","slug":"autoridades-de-la-obra-social-de-la-provincia-de-san-juan","status":"publish","type":"post","link":"https:\/\/vocesparalelas.com.ar\/sitio\/autoridades-de-la-obra-social-de-la-provincia-de-san-juan\/","title":{"rendered":"Autoridades de la Obra Social de la Provincia de San Juan"},"content":{"rendered":"<p>Ante una gran convocatoria del personal del organismo y familiares de los nuevos funcionarios, el Mi\u00e9rcoles, 13 de Diciembre, se llev\u00f3 a cabo el acto de asunci\u00f3n de la nueva c\u00fapula directiva de Obra Social Provincia del Ministerio de Salud del Gobierno de San Juan, integrada por:<\/p>\n<ul>\n<li>Interventor: Dr. Rodolfo Daniel Fasoli<\/li>\n<li>Gerente Administrativa: CPN Andrea Paola Tello<\/li>\n<li>Gerente M\u00e9dico: Dra. Fabiana Segovia<\/li>\n<li>Gerente de Prestaciones: Iris Adriana Videla<\/li>\n<\/ul>\n<p>El ministro de Salud de la provincia, Amilcar Dobladez agradeci\u00f3 a las nuevas autoridades por aceptar este nuevo desaf\u00edo de poner en orden la Obra Social Provincia. Resalt\u00f3 que San Juan no est\u00e1 ajena a la crisis sanitaria que existe en la Argentina y tampoco a la econ\u00f3mica.<\/p>\n<p>\u201cLa prioridad que va a tener est\u00e1 gesti\u00f3n es la optimizar el gasto de la OSP respetando a los prestadores, pero siempre teniendo como meta al afiliado, \u201cque es a quien nosotros nos debemos\u201d.<\/p>\n<p>Dobladez insisti\u00f3 en que el afiliado es el bien supremo del organismo. Ninguna instituci\u00f3n intermedia, ni prestadoras\u201d dijo.<\/p>\n<p>La obra asocial provincia requiere de un reordenamiento profundo y cabal, se va a continuar con medidas semejantes a las que hay tomado el Gobierno provincial y que acompa\u00f1a a las medidas nacionales\u201d cerr\u00f3 el Ministro de Salud.<\/p>\n<p>El doctor Fasoli agradeci\u00f3 la confianza del ministro, porque \u201cimplica una gran responsabilidad y espero cumplir cabalmente con lo que se espera de m\u00ed\u201d, dijo.<\/p>\n<p>En cuanto a la situaci\u00f3n en la que se encuentra la OSP, el nuevo interventor destac\u00f3 que \u201cestamos en una situaci\u00f3n cr\u00edtica, hay que hacer cambios que son fundamentales, teniendo como objetivo principal nuestros afiliados. Vamos a aportar nuestro granito de arena para tratar de resolver todos los problemas y brindarles lo que ellos esperan y necesitan\u201d explic\u00f3.<\/p>\n<p>Otro de los puntos centrales del discurso de Fasoli fue destinado a los prestadores y proveedores. \u201cVamos a priorizar el respeto por las profesiones y especialidades, y haremos un reordenamiento que sea claro, limpio y transparente\u201d.<\/p>\n<p>El nuevo referente ejecutivo del organismo le expres\u00f3 al personal que \u201cnecesita de la colaboraci\u00f3n de todos para llevar a cabo esta tarea y detectar aquellos casos que hoy son sospechosos. Venimos a enderezar la Obra Social Provincia\u201d.<\/p>\n<p>&nbsp;<\/p>\n<p><img loading=\"lazy\" decoding=\"async\" class=\"alignnone size-full wp-image-53683\" src=\"https:\/\/vocesparalelas.com.ar\/sitio\/wp-content\/uploads\/2022\/10\/OSP-EDIFICIO.jpg\" alt=\"\" width=\"800\" height=\"600\" srcset=\"https:\/\/vocesparalelas.com.ar\/sitio\/wp-content\/uploads\/2022\/10\/OSP-EDIFICIO.jpg 800w, https:\/\/vocesparalelas.com.ar\/sitio\/wp-content\/uploads\/2022\/10\/OSP-EDIFICIO-300x225.jpg 300w, https:\/\/vocesparalelas.com.ar\/sitio\/wp-content\/uploads\/2022\/10\/OSP-EDIFICIO-768x576.jpg 768w\" sizes=\"auto, (max-width: 800px) 100vw, 800px\" \/><\/p>\n","protected":false},"excerpt":{"rendered":"<p>Ante una gran convocatoria del personal del organismo y familiares de los nuevos funcionarios, el Mi\u00e9rcoles, 13 de Diciembre, se<\/p>\n","protected":false},"author":3,"featured_media":67075,"comment_status":"closed","ping_status":"closed","sticky":false,"template":"","format":"standard","meta":{"_acf_changed":false,"_seopress_robots_primary_cat":"none","_seopress_titles_title":"","_seopress_titles_desc":"","_seopress_robots_index":"","colormag_page_container_layout":"default_layout","colormag_page_sidebar_layout":"default_layout","footnotes":""},"categories":[1],"tags":[],"class_list":["post-67072","post","type-post","status-publish","format-standard","has-post-thumbnail","hentry","category-destacadas"],"acf":[],"_links":{"self":[{"href":"https:\/\/vocesparalelas.com.ar\/sitio\/wp-json\/wp\/v2\/posts\/67072","targetHints":{"allow":["GET"]}}],"collection":[{"href":"https:\/\/vocesparalelas.com.ar\/sitio\/wp-json\/wp\/v2\/posts"}],"about":[{"href":"https:\/\/vocesparalelas.com.ar\/sitio\/wp-json\/wp\/v2\/types\/post"}],"author":[{"embeddable":true,"href":"https:\/\/vocesparalelas.com.ar\/sitio\/wp-json\/wp\/v2\/users\/3"}],"replies":[{"embeddable":true,"href":"https:\/\/vocesparalelas.com.ar\/sitio\/wp-json\/wp\/v2\/comments?post=67072"}],"version-history":[{"count":1,"href":"https:\/\/vocesparalelas.com.ar\/sitio\/wp-json\/wp\/v2\/posts\/67072\/revisions"}],"predecessor-version":[{"id":67076,"href":"https:\/\/vocesparalelas.com.ar\/sitio\/wp-json\/wp\/v2\/posts\/67072\/revisions\/67076"}],"wp:featuredmedia":[{"embeddable":true,"href":"https:\/\/vocesparalelas.com.ar\/sitio\/wp-json\/wp\/v2\/media\/67075"}],"wp:attachment":[{"href":"https:\/\/vocesparalelas.com.ar\/sitio\/wp-json\/wp\/v2\/media?parent=67072"}],"wp:term":[{"taxonomy":"category","embeddable":true,"href":"https:\/\/vocesparalelas.com.ar\/sitio\/wp-json\/wp\/v2\/categories?post=67072"},{"taxonomy":"post_tag","embeddable":true,"href":"https:\/\/vocesparalelas.com.ar\/sitio\/wp-json\/wp\/v2\/tags?post=67072"}],"curies":[{"name":"wp","href":"https:\/\/api.w.org\/{rel}","templated":true}]}}