{"id":67044,"date":"2023-12-14T21:54:14","date_gmt":"2023-12-15T00:54:14","guid":{"rendered":"https:\/\/vocesparalelas.com.ar\/sitio\/?p=67044"},"modified":"2023-12-14T21:54:14","modified_gmt":"2023-12-15T00:54:14","slug":"autoridades-de-la-secretaria-de-estado-de-ambiente-y-desarrollo-sustentable-de-san-juan","status":"publish","type":"post","link":"https:\/\/vocesparalelas.com.ar\/sitio\/autoridades-de-la-secretaria-de-estado-de-ambiente-y-desarrollo-sustentable-de-san-juan\/","title":{"rendered":"Autoridades de la Secretar\u00eda de Estado de Ambiente y Desarrollo Sustentable de San Juan"},"content":{"rendered":"<div class=\"itemFullText\">\n<p>El Secretario de Estado de Ambiente y Desarrollo Sustentable del Gobierno de San Juan,\u00a0 Dr. Federico R\u00edos Y\u00e1\u00f1ez puso en funciones a los subsecretarios y Directores que trabajan en la gesti\u00f3n 2023 &#8211; 2027.<\/p>\n<p><strong><span style=\"color: #339966;\">Subsecretar\u00edas<\/span><\/strong><\/p>\n<ul>\n<li><strong><span style=\"color: #339966;\">Subsecretar\u00eda de Conservaci\u00f3n y \u00c1reas Protegidas<\/span><\/strong> a cargo del Lic. en Comunicaci\u00f3n Mario Santori, quien cumple funciones en la Secretar\u00eda desde el a\u00f1o 2006, adem\u00e1s particip\u00f3 y coordin\u00f3 Congresos Internacionales sobre Residuos S\u00f3lidos y \u00c1reas Protegidas; fue Jefe del Departamento de Comunicaci\u00f3n de dicha repartici\u00f3n y miembro del equipo T\u00e9cnico Ambiental del Gobernador Dr. Marcelo Orrego y del Vicegobernador Dr. Fabi\u00e1n Mart\u00edn.<\/li>\n<li><strong><span style=\"color: #339966;\">Subsecretar\u00eda de Desarrollo Sustentable<\/span><\/strong> es dirigida por el Dr. H\u00e9ctor Bustamante, abogado egresado de la Universidad Cat\u00f3lica de Cuyo, quien adem\u00e1s fue Director de Arbolado P\u00fablico entre el 2015 y 2019, e Integrante dela comisi\u00f3n ambiental del foro se abogado 2017. Tambi\u00e9n integr\u00f3 la Comisi\u00f3n T\u00e9cnica de Ambiente del Dr. Marcelo Orrego 2022 -2023.<\/li>\n<li><strong><span style=\"color: #339966;\">Subsecretar\u00eda de Residuos S\u00f3lidos Urbanos<\/span> <\/strong>a cargo del Ingeniero Santiago Ceballos egresado de la Facultad de Ingenier\u00eda de la Universidad Nacional de San Juan. Ceballos realiz\u00f3 una Maestr\u00eda en Gesti\u00f3n Integral de Residuos S\u00f3lidos e Ingenier\u00eda del Agua en la Universidad de Valencia en el a\u00f1o 2022; se desempe\u00f1\u00f3 en la Secretaria de Obras y Medio Ambiente de la Municipalidad de Rivadavia y es miembro de la Acci\u00f3n Cat\u00f3lica Argentina.<\/li>\n<\/ul>\n<p><span style=\"color: #339966;\"><strong>Direcciones<\/strong><\/span><\/p>\n<ul>\n<li><strong><span style=\"color: #339966;\">Direcci\u00f3n de Evaluaci\u00f3n e Impacto Ambiental:<\/span> <\/strong>a cargo de la ingeniera Qu\u00edmica Elizabeth Soria, egresada de la UNSJ, quien cuenta con Posgrados en Tratamiento de Efluentes, Tratamiento de Efluentes de Industria Minera, Residuos S\u00f3lidos Urbanos, Residuos Peligrosos, Gesti\u00f3n Ambiental e Higiene y Seguridad en el Trabajo. Tambi\u00e9n es docente de la UCC y de la UNSJ, adem\u00e1s de escuelas de orientaci\u00f3n t\u00e9cnica<\/li>\n<li><strong><span style=\"color: #339966;\">Direcci\u00f3n de Cambio Clim\u00e1tico<\/span>\u00a0<\/strong>a cargo del Ingeniero Electr\u00f3nico Gabriel Ca\u00f1adas, quien posee un Doctorado en Ingenier\u00eda de Sistemas de Control, es investigador en el Instituto de Bioingenier\u00eda (INBIO) de la UNSJ, y del \u00e1rea de tecnolog\u00eda del CONICET, Profesor Asociado en las Carreras de Bioingenier\u00eda e Ingenier\u00eda Electr\u00f3nica de la Facultad de Ingenier\u00eda de la UNSJ. El cargo de investigador lo desempe\u00f1o.<\/li>\n<li><strong><span style=\"color: #339966;\">Direcci\u00f3n de Conservaci\u00f3n<\/span><\/strong>\u00a0a cargo del licenciado en Biolog\u00eda Ezequiel Salom\u00f3n, desde el 2013 trabaja en mencionada Direcci\u00f3n como t\u00e9cnico evaluador, t\u00e9cnico asesor y responsable del Parque Presidente Sarmiento entre los a\u00f1os 2013 y 2020, desde ese a\u00f1o hasta el 2023 fue encargado del \u00e1rea protegida San Guillermo. Es docente de nivel medio y a cargo de las Pr\u00e1cticas Profesionalizantes del Instituto Superior Vida Silvestre, Naturaleza y Aventura<\/li>\n<li><strong><span style=\"color: #339966;\">Direcci\u00f3n de Ecolog\u00eda Urbana<\/span><\/strong>\u00a0a cargo de Melisa Olivero, T\u00e9cnico en Salud y Ambiente, T\u00e9cnica Universitaria en Prospecci\u00f3n y Exploraci\u00f3n Geol\u00f3gica de la UNSJ, actualmente se encuentra cursando la Lic. en Gesti\u00f3n Ambiental en la Universidad Cat\u00f3lica de Cuyo, particip\u00f3 en el proyecto \u00abComunidad y los sismos\u00bb dentro de la Secretar\u00eda de Extensi\u00f3n de la Facultad de Ciencias Exactas, F\u00edsicas y Naturales y fue Jefe de \u00c1rea de la Oficina de Empleo de la Municipalidad de Rivadavia.<\/li>\n<li><strong><span style=\"color: #339966;\">Direcci\u00f3n de Arbolado Urbano<\/span>\u00a0<\/strong>a cargo de la Ingeniera Agr\u00f3noma Cecilia Pe\u00f1alva egresado de la Universidad Nacional de C\u00f3rdoba, trabaja en la Secretar\u00eda de Ambiente desde el 2013 donde realiz\u00f3 la forestaci\u00f3n del Parque Tres Puentes, en el Parque de Tecnolog\u00edas Ambientales y fue responsable t\u00e9cnico del Plan Forestal hasta el 2019. Realiz\u00f3 una especializaci\u00f3n en tecnolog\u00edas del agua en el Instituto de Investigaciones Hidr\u00e1ulicas de la Facultad de Ingenier\u00eda UNSJ, es profesora universitaria en Ingenier\u00eda Agron\u00f3mica egresada de la Universidad de Mendoza y una Maestr\u00eda en Ecolog\u00eda Urbana en la FCEFyN de la UNSJ.<\/li>\n<li><strong><span style=\"color: #339966;\">Direcci\u00f3n de Bosques Nativos<\/span><\/strong>\u00a0a cargo del Dr. Gustavo Mercado, egresado de la UCC, diplomado en Gesti\u00f3n Ambiental. Trabaja en la Secretar\u00eda desde hace 12 a\u00f1os, donde realiz\u00f3 tareas como Director Administrativo Contable, fue Subsecretario Administrativo Financiero, miembro de la Comisi\u00f3n de Asunto Legislativo del COFEMA y titular alterno del mismo, adem\u00e1s es profesor en la diplomatura de Pol\u00edticas P\u00fablicas, en la especialidad ambiental en la Universidad de Congreso.<\/li>\n<li><strong><span style=\"color: #339966;\">Direcci\u00f3n de Econom\u00eda Circular<\/span>\u00a0<\/strong>a cargo de Sergio Ciganna, T\u00e9cnico en Minas, Productor Asesor de Seguros egresado de la Universidad Santo Tomas de Aquino, diplomado en Pol\u00edticas P\u00fablicas para el Desarrollo Local Regional, adem\u00e1s de realizar una Cl\u00ednica An\u00e1lisis Pol\u00edtico de Acep, Konrad Adenauer Stiftung.<\/li>\n<li><strong><span style=\"color: #339966;\">Direcci\u00f3n Administrativa Contable<\/span>\u00a0<\/strong>a cargo del Contador P\u00fablico Gerardo S\u00e1nchez Mu\u00f1oz, egresado de la UCC, cuenta con un curso de Tango Gesti\u00f3n, del Instituto Cervantes, una capacitaci\u00f3n en idioma Ingles, en Saint Paul School of English. Fue en el 2010, miembro de la comisi\u00f3n de impuestos del Consejo Profesional de Ciencias Econ\u00f3micas de San Juan.<\/li>\n<li><strong><span style=\"color: #339966;\">Direcci\u00f3n del Centro de Formaci\u00f3n Ambiental Anchipurac<\/span><\/strong>\u00a0a cargo de la Licenciada en Ciencias Pol\u00edticas Jenifer Tudela. Desde el 2012 se desempe\u00f1a en Administraci\u00f3n P\u00fablica como Asesora del Concejo Deliberante de la Municipalidad de Rivadavia, entre 2015 y 2019 fue Coordinadora de la Oficina de Empleo Municipalidad de Rivadavia desde el 2019 hasta el 2023 fue Concejal de Municipalidad de Rivadavia.<\/li>\n<li><strong><span style=\"color: #339966;\">Direcci\u00f3n de Promoci\u00f3n Ambiental<\/span>\u00a0<\/strong>a cargo de Jos\u00e9 Castro, entre el a\u00f1o 1996 y 2008 se desempe\u00f1\u00f3 como periodista en Diario de Cuyo, pas\u00f3 por medios locales como Diario Huarpe, una empresa productora de contenidos period\u00edsticos para LV5 y LV1. Tambi\u00e9n fue Jefe de Prensa en el municipio de Caucete, entre 2010 y 2011 trabaj\u00f3 en Diario La Rep\u00fablica de San Luis y desde el 2011 se desempe\u00f1\u00f3 en la Secretar\u00eda de Ambiente, donde cumpli\u00f3 tareas en \u00e1reas protegidas, fiscalizaci\u00f3n, tenencia responsable de animales, arbolado p\u00fablico y la Jefatura de Prensa.<\/li>\n<li><strong><span style=\"color: #339966;\">Tenencia Responsable:<\/span> <\/strong>a cargo de la Arq. Elisa Mart\u00ed, egresada de la UNSJ, se encuentra cursando la carrera Gesti\u00f3n Ambiental, adem\u00e1s trabaja en una empresa constructora en la Direcci\u00f3n de Obra. Desde hace ocho a\u00f1os trabaja como proyectista de espacios verdes en el Municipio de Rivadavia, donde tambi\u00e9n pas\u00f3 por el \u00e1rea de Medio Ambiente, fue encargada de Tenencia Responsable y es fundadora y presidente de la Asociaci\u00f3n ProVidaa. En la materia Dise\u00f1o Bioclim\u00e1tico de la FAUD es JTP y form\u00f3 parte de la Comisi\u00f3n T\u00e9cnica de Ambiente del Dr. Marcelo Orrego 2022 -2023.<\/li>\n<\/ul>\n<\/div>\n<div class=\"clr\"><img loading=\"lazy\" decoding=\"async\" class=\"alignnone size-large wp-image-18375\" src=\"https:\/\/vocesparalelas.com.ar\/sitio\/wp-content\/uploads\/2019\/01\/AMBIENTE-CARTEL-800x496.jpg\" alt=\"\" width=\"800\" height=\"496\" srcset=\"https:\/\/vocesparalelas.com.ar\/sitio\/wp-content\/uploads\/2019\/01\/AMBIENTE-CARTEL-800x496.jpg 800w, https:\/\/vocesparalelas.com.ar\/sitio\/wp-content\/uploads\/2019\/01\/AMBIENTE-CARTEL-300x186.jpg 300w, https:\/\/vocesparalelas.com.ar\/sitio\/wp-content\/uploads\/2019\/01\/AMBIENTE-CARTEL-768x476.jpg 768w, https:\/\/vocesparalelas.com.ar\/sitio\/wp-content\/uploads\/2019\/01\/AMBIENTE-CARTEL.jpg 1000w\" sizes=\"auto, (max-width: 800px) 100vw, 800px\" \/><\/div>\n<div class=\"itemContentFooter\"><\/div>\n","protected":false},"excerpt":{"rendered":"<p>El Secretario de Estado de Ambiente y Desarrollo Sustentable del Gobierno de San Juan,\u00a0 Dr. Federico R\u00edos Y\u00e1\u00f1ez puso en<\/p>\n","protected":false},"author":3,"featured_media":67047,"comment_status":"closed","ping_status":"closed","sticky":false,"template":"","format":"standard","meta":{"_acf_changed":false,"_seopress_robots_primary_cat":"none","_seopress_titles_title":"","_seopress_titles_desc":"","_seopress_robots_index":"","colormag_page_container_layout":"default_layout","colormag_page_sidebar_layout":"default_layout","footnotes":""},"categories":[1],"tags":[],"class_list":["post-67044","post","type-post","status-publish","format-standard","has-post-thumbnail","hentry","category-destacadas"],"acf":[],"_links":{"self":[{"href":"https:\/\/vocesparalelas.com.ar\/sitio\/wp-json\/wp\/v2\/posts\/67044","targetHints":{"allow":["GET"]}}],"collection":[{"href":"https:\/\/vocesparalelas.com.ar\/sitio\/wp-json\/wp\/v2\/posts"}],"about":[{"href":"https:\/\/vocesparalelas.com.ar\/sitio\/wp-json\/wp\/v2\/types\/post"}],"author":[{"embeddable":true,"href":"https:\/\/vocesparalelas.com.ar\/sitio\/wp-json\/wp\/v2\/users\/3"}],"replies":[{"embeddable":true,"href":"https:\/\/vocesparalelas.com.ar\/sitio\/wp-json\/wp\/v2\/comments?post=67044"}],"version-history":[{"count":1,"href":"https:\/\/vocesparalelas.com.ar\/sitio\/wp-json\/wp\/v2\/posts\/67044\/revisions"}],"predecessor-version":[{"id":67048,"href":"https:\/\/vocesparalelas.com.ar\/sitio\/wp-json\/wp\/v2\/posts\/67044\/revisions\/67048"}],"wp:featuredmedia":[{"embeddable":true,"href":"https:\/\/vocesparalelas.com.ar\/sitio\/wp-json\/wp\/v2\/media\/67047"}],"wp:attachment":[{"href":"https:\/\/vocesparalelas.com.ar\/sitio\/wp-json\/wp\/v2\/media?parent=67044"}],"wp:term":[{"taxonomy":"category","embeddable":true,"href":"https:\/\/vocesparalelas.com.ar\/sitio\/wp-json\/wp\/v2\/categories?post=67044"},{"taxonomy":"post_tag","embeddable":true,"href":"https:\/\/vocesparalelas.com.ar\/sitio\/wp-json\/wp\/v2\/tags?post=67044"}],"curies":[{"name":"wp","href":"https:\/\/api.w.org\/{rel}","templated":true}]}}