{"id":67040,"date":"2023-12-15T22:18:00","date_gmt":"2023-12-16T01:18:00","guid":{"rendered":"https:\/\/vocesparalelas.com.ar\/sitio\/?p=67040"},"modified":"2023-12-18T00:20:07","modified_gmt":"2023-12-18T03:20:07","slug":"colonias-de-verano-en-el-complejo-el-palomar-de-la-unsj","status":"publish","type":"post","link":"https:\/\/vocesparalelas.com.ar\/sitio\/colonias-de-verano-en-el-complejo-el-palomar-de-la-unsj\/","title":{"rendered":"Colonias de Verano en el Complejo El Palomar de la UNSJ"},"content":{"rendered":"<p>La Secretar\u00eda de Bienestar de la Universidad Nacional de San Juan, a trav\u00e9s de su \u00e1rea de Deportes est\u00e1 desarrollando una intensa actividad por la temporada estival, orientada a brindar colonia de verano para las ni\u00f1eces y ahora tambi\u00e9n, empezar\u00e1n una colonia recreativa para las personas adultas mayores.<\/p>\n<p>Al respecto, el director de Deportes de la Secretar\u00eda de Bienestar Universitaria, Prof. Jorge Riveros,\u00a0 manifest\u00f3 que la Colonia recreativa para adultos mayores, \u201cs una nueva propuesta surgida de la demanda por parte de estas personas, de continuar haciendo actividades durante el verano en el Complejo El Palomar\u201d.<\/p>\n<p>La actividad destinada a las personas en esta etapa de su vida, inicia el 3 de Enero de 2024 y se desarrolla durante Enero y Febrero, cuatro d\u00edas a la semana, de 9 a 12.30 hs, de martes a viernes. Es autofinanciada y est\u00e1 destinada tanto a socios como a toda la comunidad interesada.<\/p>\n<p>\u201cLa iniciativa se origin\u00f3 en conjunto con los gremios de ADICUS y APUNSJ, ya que ambas instituciones tienen su centro de jubilados, con el fin de contener este grupo et\u00e9reo, fundamentalmente a quienes han pasado por la Universidad, para que de alguna manera sigan vinculados al \u00e1mbito universitario\u201d aclar\u00f3 Riveros.<\/p>\n<p>La actividad si bien ya recibi\u00f3\u00a0m\u00e1s de 100 consultas, cuenta con un cupo predeterminado en funci\u00f3n de la capacidad operativa que se tiene en el predio, teniendo en cuenta que tambi\u00e9n est\u00e1 en marcha la colonia de ni\u00f1os, cuya concurrencia es numerosa.<\/p>\n<p><span style=\"color: #0000ff;\"><b>Escuela de Verano<\/b><\/span><\/p>\n<p>Por otro lado, el coordinador de la Escuela de Verano del Palomar, Lautaro Ortega, manifest\u00f3 que la tradicional colonia de ni\u00f1os y ni\u00f1as \u201cinici\u00f3 con \u00e9xito, en su m\u00e1xima capacidad. En esta oportunidad se super\u00f3 la matr\u00edcula de 600 infantes, que asisten en el turno ma\u00f1ana\u201d.<\/p>\n<p>Para atender a esta gran concurrencia de ni\u00f1eces se cuenta con un plantel de 62 personas entre los que se encuentran el coordinador, docentes, monitores\/as, una enfermera y un gabinete de psicopedag\u00f3gico con un\/a profesional en psicolog\u00eda de campo.<\/p>\n<p>Los ejes abordados en esta escuela de verano son: nataci\u00f3n, tiempo libre, vida en la naturaleza y deportes.<\/p>\n<p>&nbsp;<\/p>\n<p><img loading=\"lazy\" decoding=\"async\" class=\"alignnone size-large wp-image-6496\" src=\"https:\/\/vocesparalelas.com.ar\/sitio\/wp-content\/uploads\/2017\/10\/EL-PALOMAR-16-800x450.jpg\" alt=\"\" width=\"800\" height=\"450\" srcset=\"https:\/\/vocesparalelas.com.ar\/sitio\/wp-content\/uploads\/2017\/10\/EL-PALOMAR-16-800x450.jpg 800w, https:\/\/vocesparalelas.com.ar\/sitio\/wp-content\/uploads\/2017\/10\/EL-PALOMAR-16-300x169.jpg 300w, https:\/\/vocesparalelas.com.ar\/sitio\/wp-content\/uploads\/2017\/10\/EL-PALOMAR-16-768x432.jpg 768w, https:\/\/vocesparalelas.com.ar\/sitio\/wp-content\/uploads\/2017\/10\/EL-PALOMAR-16.jpg 1024w\" sizes=\"auto, (max-width: 800px) 100vw, 800px\" \/><\/p>\n","protected":false},"excerpt":{"rendered":"<p>La Secretar\u00eda de Bienestar de la Universidad Nacional de San Juan, a trav\u00e9s de su \u00e1rea de Deportes est\u00e1 desarrollando<\/p>\n","protected":false},"author":3,"featured_media":55328,"comment_status":"closed","ping_status":"closed","sticky":false,"template":"","format":"standard","meta":{"_acf_changed":false,"_seopress_robots_primary_cat":"none","_seopress_titles_title":"","_seopress_titles_desc":"","_seopress_robots_index":"","colormag_page_container_layout":"default_layout","colormag_page_sidebar_layout":"default_layout","footnotes":""},"categories":[2],"tags":[],"class_list":["post-67040","post","type-post","status-publish","format-standard","has-post-thumbnail","hentry","category-convocatorias"],"acf":[],"_links":{"self":[{"href":"https:\/\/vocesparalelas.com.ar\/sitio\/wp-json\/wp\/v2\/posts\/67040","targetHints":{"allow":["GET"]}}],"collection":[{"href":"https:\/\/vocesparalelas.com.ar\/sitio\/wp-json\/wp\/v2\/posts"}],"about":[{"href":"https:\/\/vocesparalelas.com.ar\/sitio\/wp-json\/wp\/v2\/types\/post"}],"author":[{"embeddable":true,"href":"https:\/\/vocesparalelas.com.ar\/sitio\/wp-json\/wp\/v2\/users\/3"}],"replies":[{"embeddable":true,"href":"https:\/\/vocesparalelas.com.ar\/sitio\/wp-json\/wp\/v2\/comments?post=67040"}],"version-history":[{"count":1,"href":"https:\/\/vocesparalelas.com.ar\/sitio\/wp-json\/wp\/v2\/posts\/67040\/revisions"}],"predecessor-version":[{"id":67054,"href":"https:\/\/vocesparalelas.com.ar\/sitio\/wp-json\/wp\/v2\/posts\/67040\/revisions\/67054"}],"wp:featuredmedia":[{"embeddable":true,"href":"https:\/\/vocesparalelas.com.ar\/sitio\/wp-json\/wp\/v2\/media\/55328"}],"wp:attachment":[{"href":"https:\/\/vocesparalelas.com.ar\/sitio\/wp-json\/wp\/v2\/media?parent=67040"}],"wp:term":[{"taxonomy":"category","embeddable":true,"href":"https:\/\/vocesparalelas.com.ar\/sitio\/wp-json\/wp\/v2\/categories?post=67040"},{"taxonomy":"post_tag","embeddable":true,"href":"https:\/\/vocesparalelas.com.ar\/sitio\/wp-json\/wp\/v2\/tags?post=67040"}],"curies":[{"name":"wp","href":"https:\/\/api.w.org\/{rel}","templated":true}]}}