{"id":67000,"date":"2023-12-13T23:26:55","date_gmt":"2023-12-14T02:26:55","guid":{"rendered":"https:\/\/vocesparalelas.com.ar\/sitio\/?p=67000"},"modified":"2023-12-13T23:27:55","modified_gmt":"2023-12-14T02:27:55","slug":"fundacion-banco-san-juan-presente-en-el-ministerio-de-educacion","status":"publish","type":"post","link":"https:\/\/vocesparalelas.com.ar\/sitio\/fundacion-banco-san-juan-presente-en-el-ministerio-de-educacion\/","title":{"rendered":"Fundaci\u00f3n Banco San Juan presente en el Ministerio de Educaci\u00f3n"},"content":{"rendered":"<p>La ministra de Educaci\u00f3n del Gobierno de San Juan, Lic. Silvia Fuentes, junto a la secretaria de Educaci\u00f3n, Prof. Mariela Lueje, recibi\u00f3 a las integrantes de la Fundaci\u00f3n Banco San Juan.<\/p>\n<p>Es importante destacar que la FBSJ se especializa en Educaci\u00f3n de calidad y trabaja en muchos aspectos para contribuir los logros en la Educaci\u00f3n de San Juan.<\/p>\n<p>La comitiva estuvo presidida por la vicepresidenta de las Fundaci\u00f3n Grupo Petersen, Dra. Hilda Callegaro, la coordinadora general de las Fundaciones Grupo Petersen, Lic. Mar\u00eda Cecilia Hancevic y por la Fundaci\u00f3n del Banco San Juan, la secretaria ejecutiva, Prof. Laura Adamoli y la coordinadora de Proyectos educativos, Ing. Andrea D\u00edaz.<\/p>\n<p>El prop\u00f3sito fue analizar y coordinar acciones futuras para la realizaci\u00f3n de actividades acad\u00e9micas, cient\u00edficas y t\u00e9cnicas. El financiamiento de proyectos de investigaci\u00f3n elaborados por los estudiantes. A dem\u00e1s de asesoramiento y fortalecimiento institucional, como tambi\u00e9n cursos, talleres y jornadas.<\/p>\n<p>Las integrantes de la Fundaci\u00f3n desearon la ministra Lic. Silvia Fuentes \u00e9xitos en su gesti\u00f3n para seguir apostando a la educaci\u00f3n de calidad.<\/p>\n<p>&nbsp;<\/p>\n<p><img loading=\"lazy\" decoding=\"async\" class=\"alignnone size-full wp-image-28629\" src=\"https:\/\/vocesparalelas.com.ar\/sitio\/wp-content\/uploads\/2020\/05\/MINISTERIO-EDUCACION-SJ.jpg\" alt=\"\" width=\"800\" height=\"533\" srcset=\"https:\/\/vocesparalelas.com.ar\/sitio\/wp-content\/uploads\/2020\/05\/MINISTERIO-EDUCACION-SJ.jpg 800w, https:\/\/vocesparalelas.com.ar\/sitio\/wp-content\/uploads\/2020\/05\/MINISTERIO-EDUCACION-SJ-300x200.jpg 300w, https:\/\/vocesparalelas.com.ar\/sitio\/wp-content\/uploads\/2020\/05\/MINISTERIO-EDUCACION-SJ-768x512.jpg 768w\" sizes=\"auto, (max-width: 800px) 100vw, 800px\" \/><\/p>\n","protected":false},"excerpt":{"rendered":"<p>La ministra de Educaci\u00f3n del Gobierno de San Juan, Lic. Silvia Fuentes, junto a la secretaria de Educaci\u00f3n, Prof. Mariela<\/p>\n","protected":false},"author":3,"featured_media":67003,"comment_status":"closed","ping_status":"closed","sticky":false,"template":"","format":"standard","meta":{"_acf_changed":false,"_seopress_robots_primary_cat":"none","_seopress_titles_title":"","_seopress_titles_desc":"","_seopress_robots_index":"","colormag_page_container_layout":"default_layout","colormag_page_sidebar_layout":"default_layout","footnotes":""},"categories":[1],"tags":[],"class_list":["post-67000","post","type-post","status-publish","format-standard","has-post-thumbnail","hentry","category-destacadas"],"acf":[],"_links":{"self":[{"href":"https:\/\/vocesparalelas.com.ar\/sitio\/wp-json\/wp\/v2\/posts\/67000","targetHints":{"allow":["GET"]}}],"collection":[{"href":"https:\/\/vocesparalelas.com.ar\/sitio\/wp-json\/wp\/v2\/posts"}],"about":[{"href":"https:\/\/vocesparalelas.com.ar\/sitio\/wp-json\/wp\/v2\/types\/post"}],"author":[{"embeddable":true,"href":"https:\/\/vocesparalelas.com.ar\/sitio\/wp-json\/wp\/v2\/users\/3"}],"replies":[{"embeddable":true,"href":"https:\/\/vocesparalelas.com.ar\/sitio\/wp-json\/wp\/v2\/comments?post=67000"}],"version-history":[{"count":2,"href":"https:\/\/vocesparalelas.com.ar\/sitio\/wp-json\/wp\/v2\/posts\/67000\/revisions"}],"predecessor-version":[{"id":67005,"href":"https:\/\/vocesparalelas.com.ar\/sitio\/wp-json\/wp\/v2\/posts\/67000\/revisions\/67005"}],"wp:featuredmedia":[{"embeddable":true,"href":"https:\/\/vocesparalelas.com.ar\/sitio\/wp-json\/wp\/v2\/media\/67003"}],"wp:attachment":[{"href":"https:\/\/vocesparalelas.com.ar\/sitio\/wp-json\/wp\/v2\/media?parent=67000"}],"wp:term":[{"taxonomy":"category","embeddable":true,"href":"https:\/\/vocesparalelas.com.ar\/sitio\/wp-json\/wp\/v2\/categories?post=67000"},{"taxonomy":"post_tag","embeddable":true,"href":"https:\/\/vocesparalelas.com.ar\/sitio\/wp-json\/wp\/v2\/tags?post=67000"}],"curies":[{"name":"wp","href":"https:\/\/api.w.org\/{rel}","templated":true}]}}