{"id":66949,"date":"2023-12-12T22:05:25","date_gmt":"2023-12-13T01:05:25","guid":{"rendered":"https:\/\/vocesparalelas.com.ar\/sitio\/?p=66949"},"modified":"2023-12-12T22:05:25","modified_gmt":"2023-12-13T01:05:25","slug":"asumieron-los-directivos-del-hospital-dr-marcial-quiroga-de-san-juan","status":"publish","type":"post","link":"https:\/\/vocesparalelas.com.ar\/sitio\/asumieron-los-directivos-del-hospital-dr-marcial-quiroga-de-san-juan\/","title":{"rendered":"Asumieron los directivos del Hospital Dr. Marcial Quiroga de San Juan"},"content":{"rendered":"<p>Frente del Hospital Dr. Marcial Quiroga, cinco funcionarios est\u00e1n en el periodo 2023 &#8211; 2027 y fueron puestos en funci\u00f3n por el Ministro de Salud del Gobierno de San Juan, Dr. Amilcar Dobladez, en el sal\u00f3n de actos del nosocomio.<\/p>\n<p>Con la ratificaci\u00f3n y continuidad en sus cargos del director ejecutivo y m\u00e9dico, y tres incorporaciones,<\/p>\n<p><strong><span style=\"color: #339966;\">Directorio del Hospital Dr. Marcial Quiroga<\/span><\/strong><\/p>\n<ul>\n<li>Director ejecutivo, Dr. Andr\u00e9s Escudero<\/li>\n<li>Director m\u00e9dico, Dr. Sergio Albarrac\u00edn<\/li>\n<li>Director administrativo, CPN Sebasti\u00e1n Godoy<\/li>\n<li>Gerente T\u00e9cnico, Dra. Natalia Fern\u00e1ndez<\/li>\n<li>Gerente Contable, CPN Diego Billia,<\/li>\n<\/ul>\n<p>Luego de poner en funci\u00f3n al directorio y en presencia del personal del nosocomio, el Dr. Amilcar Dobladez dijo que \u00abvuelvo al hospital 16 a\u00f1os despu\u00e9s, para m\u00ed es un placer personal y profesional regresar como Ministro de Salud. Estuve cinco a\u00f1os en el Hospital Dr. Marcial Quiroga con grandes l\u00edderes y de quienes tengo muchos recuerdos. Hoy vengo a acompa\u00f1ar a los doctores Escudero y Albarrac\u00edn, con quienes despu\u00e9s de varias conversaciones nos pusimos de acuerdo, en la continuidad de su trabajo era importante, pero con un cambio de mirada que va a tener esta gesti\u00f3n\u201d.<\/p>\n<p>Para luego agregar que \u201cesta gesti\u00f3n ha logrado cambiar dos cosas, primero el nombre del ministerio que deja de llamarse Salud P\u00fablica para ser Ministerio de Salud, entendiendo que la salud es una sola interviniendo tanto la p\u00fablica como la privada, porque no la podemos dividir. Y por otro lado, cambiamos el organigrama de la secretar\u00eda de Planificaci\u00f3n que estaba del 1977. Hab\u00eda que darle una modernizaci\u00f3n y a ra\u00edz de ese cambio de nombre y de organigrama es que hemos determinado objetivos a corto, mediano y largo plazo\u201d.<\/p>\n<p>En tanto que, el director ejecutivo, Dr. Andr\u00e9 Escudero destac\u00f3 que \u201cel Hospital Dr. Marcial Quiroga ha logrado sus objetivos dentro de las \u00e1reas quir\u00fargicas y cl\u00ednicas. Y se han obtenido n\u00fameros asistenciales en cuanto a cirug\u00edas y atenci\u00f3n ambulatoria como en las mejores \u00e9pocas. Esto tiene que ver con no solo una planificaci\u00f3n, sino con un enorme esfuerzo del personal en cuanto a la asistencia a los pacientes\u201d.<\/p>\n<p>\u201cEl Marcial Quiroga ha crecido en cuanto a infraestructura edilicia, tecnol\u00f3gica y contamos con un tom\u00f3grafo. Los cuales empezaron a funcionar apenas se inauguraron y hoy prestan un servicio protag\u00f3nico en la provincia en cuanto a asistencia sanitaria. Y esto no solo tiene que ver con inversi\u00f3n de estructura edilicia sino con el compromiso del recurso humano, del personal asistencial y administrativo que ha llevado a que prestemos una asistencia como la actual\u201d.<\/p>\n<p>\u201cTenemos algunas l\u00edneas que marcar y van en mejorar la asistencia ambulatoria ya que es trascendente por una demanda de la sociedad para con el sistema. Adem\u00e1s, mejorar las \u00e1reas de segundo y tercer nivel que tienen que ver con las \u00e1reas quir\u00fargicas, siendo eficiente con el uso de los recursos. Y trazar nuevas estrategias de atenci\u00f3n de la salud mental son algunos de nuestro desaf\u00edos y creemos que como instituci\u00f3n podemos cumplir un rol protag\u00f3nico\u201d &#8211; concluy\u00f3 el Dr. Andr\u00e9s Escudero.<\/p>\n<p><img loading=\"lazy\" decoding=\"async\" class=\"alignnone size-full wp-image-50515\" src=\"https:\/\/vocesparalelas.com.ar\/sitio\/wp-content\/uploads\/2022\/07\/HMQ-FRENTE.jpg\" alt=\"\" width=\"800\" height=\"600\" srcset=\"https:\/\/vocesparalelas.com.ar\/sitio\/wp-content\/uploads\/2022\/07\/HMQ-FRENTE.jpg 800w, https:\/\/vocesparalelas.com.ar\/sitio\/wp-content\/uploads\/2022\/07\/HMQ-FRENTE-300x225.jpg 300w, https:\/\/vocesparalelas.com.ar\/sitio\/wp-content\/uploads\/2022\/07\/HMQ-FRENTE-768x576.jpg 768w\" sizes=\"auto, (max-width: 800px) 100vw, 800px\" \/><\/p>\n","protected":false},"excerpt":{"rendered":"<p>Frente del Hospital Dr. Marcial Quiroga, cinco funcionarios est\u00e1n en el periodo 2023 &#8211; 2027 y fueron puestos en funci\u00f3n<\/p>\n","protected":false},"author":3,"featured_media":66952,"comment_status":"closed","ping_status":"closed","sticky":false,"template":"","format":"standard","meta":{"_acf_changed":false,"_seopress_robots_primary_cat":"none","_seopress_titles_title":"","_seopress_titles_desc":"","_seopress_robots_index":"","colormag_page_container_layout":"default_layout","colormag_page_sidebar_layout":"default_layout","footnotes":""},"categories":[1],"tags":[],"class_list":["post-66949","post","type-post","status-publish","format-standard","has-post-thumbnail","hentry","category-destacadas"],"acf":[],"_links":{"self":[{"href":"https:\/\/vocesparalelas.com.ar\/sitio\/wp-json\/wp\/v2\/posts\/66949","targetHints":{"allow":["GET"]}}],"collection":[{"href":"https:\/\/vocesparalelas.com.ar\/sitio\/wp-json\/wp\/v2\/posts"}],"about":[{"href":"https:\/\/vocesparalelas.com.ar\/sitio\/wp-json\/wp\/v2\/types\/post"}],"author":[{"embeddable":true,"href":"https:\/\/vocesparalelas.com.ar\/sitio\/wp-json\/wp\/v2\/users\/3"}],"replies":[{"embeddable":true,"href":"https:\/\/vocesparalelas.com.ar\/sitio\/wp-json\/wp\/v2\/comments?post=66949"}],"version-history":[{"count":1,"href":"https:\/\/vocesparalelas.com.ar\/sitio\/wp-json\/wp\/v2\/posts\/66949\/revisions"}],"predecessor-version":[{"id":66953,"href":"https:\/\/vocesparalelas.com.ar\/sitio\/wp-json\/wp\/v2\/posts\/66949\/revisions\/66953"}],"wp:featuredmedia":[{"embeddable":true,"href":"https:\/\/vocesparalelas.com.ar\/sitio\/wp-json\/wp\/v2\/media\/66952"}],"wp:attachment":[{"href":"https:\/\/vocesparalelas.com.ar\/sitio\/wp-json\/wp\/v2\/media?parent=66949"}],"wp:term":[{"taxonomy":"category","embeddable":true,"href":"https:\/\/vocesparalelas.com.ar\/sitio\/wp-json\/wp\/v2\/categories?post=66949"},{"taxonomy":"post_tag","embeddable":true,"href":"https:\/\/vocesparalelas.com.ar\/sitio\/wp-json\/wp\/v2\/tags?post=66949"}],"curies":[{"name":"wp","href":"https:\/\/api.w.org\/{rel}","templated":true}]}}