{"id":66923,"date":"2023-12-12T17:37:05","date_gmt":"2023-12-12T20:37:05","guid":{"rendered":"https:\/\/vocesparalelas.com.ar\/sitio\/?p=66923"},"modified":"2023-12-13T01:06:33","modified_gmt":"2023-12-13T04:06:33","slug":"asumio-el-jefe-de-la-policia-de-san-juan-comisario-general-dr-eduardo-ramon-lirola","status":"publish","type":"post","link":"https:\/\/vocesparalelas.com.ar\/sitio\/asumio-el-jefe-de-la-policia-de-san-juan-comisario-general-dr-eduardo-ramon-lirola\/","title":{"rendered":"Asumi\u00f3 el jefe de la Polic\u00eda de San Juan, Comisario General Dr. Eduardo Ram\u00f3n Lirola"},"content":{"rendered":"<p>En el Patio de Arma de la Escuela de Polic\u00eda, Departamento Rivadavia, se realiz\u00f3 el acto oficial, donde el gobernador de San Juan, Dr. Marcelo Orrego, puso en funciones Jefe de la Polic\u00eda de San Juan, el Comisario General Dr. Eduardo Ram\u00f3n Lirola con la formaci\u00f3n de la agrupaci\u00f3n 11 de Diciembre.<\/p>\n<p>Para dar inicio al acto, el gobernador de San Juan, Dr. Marcelo Orrego junto al Jefe de Polic\u00eda de San Juan, Comisario Luis Mart\u00ednez y el secretario de Seguridad y Orden P\u00fablico, Dr. Gustavo S\u00e1nchez, quienes pasaron revista a los uniformados apostados.<\/p>\n<p><img loading=\"lazy\" decoding=\"async\" class=\"alignnone size-full wp-image-66930\" src=\"https:\/\/vocesparalelas.com.ar\/sitio\/wp-content\/uploads\/2023\/12\/GSJ-POLICIA-JEFE-05.jpg\" alt=\"\" width=\"800\" height=\"533\" srcset=\"https:\/\/vocesparalelas.com.ar\/sitio\/wp-content\/uploads\/2023\/12\/GSJ-POLICIA-JEFE-05.jpg 800w, https:\/\/vocesparalelas.com.ar\/sitio\/wp-content\/uploads\/2023\/12\/GSJ-POLICIA-JEFE-05-300x200.jpg 300w, https:\/\/vocesparalelas.com.ar\/sitio\/wp-content\/uploads\/2023\/12\/GSJ-POLICIA-JEFE-05-768x512.jpg 768w\" sizes=\"auto, (max-width: 800px) 100vw, 800px\" \/><\/p>\n<p>Posteriormente, saludaron a la formaci\u00f3n \u00ab11 de diciembre\u00bb. Seguidamente, las autoridades se ubicaron el palco oficial.<\/p>\n<p><img loading=\"lazy\" decoding=\"async\" class=\"alignnone size-full wp-image-66928\" src=\"https:\/\/vocesparalelas.com.ar\/sitio\/wp-content\/uploads\/2023\/12\/GSJ-POLICIA-JEFE-03.jpg\" alt=\"\" width=\"800\" height=\"533\" srcset=\"https:\/\/vocesparalelas.com.ar\/sitio\/wp-content\/uploads\/2023\/12\/GSJ-POLICIA-JEFE-03.jpg 800w, https:\/\/vocesparalelas.com.ar\/sitio\/wp-content\/uploads\/2023\/12\/GSJ-POLICIA-JEFE-03-300x200.jpg 300w, https:\/\/vocesparalelas.com.ar\/sitio\/wp-content\/uploads\/2023\/12\/GSJ-POLICIA-JEFE-03-768x512.jpg 768w\" sizes=\"auto, (max-width: 800px) 100vw, 800px\" \/><\/p>\n<p>Luego se enton\u00f3 el Himno Nacional Argentino con el acompa\u00f1amiento de la Banda de M\u00fasica de la Polic\u00eda de San Juan.<\/p>\n<p><iframe loading=\"lazy\" title=\"POLIC\u00cdA SAN JUAN HIMNO NACIONAL ARGENTINO\" width=\"800\" height=\"450\" src=\"https:\/\/www.youtube.com\/embed\/pHKd8xR12pw?feature=oembed\" frameborder=\"0\" allow=\"accelerometer; autoplay; clipboard-write; encrypted-media; gyroscope; picture-in-picture; web-share\" allowfullscreen><\/iframe><\/p>\n<p>El momento m\u00e1s emotivo, fue cuando el Gobernador de San Juan, Dr. Marcelo Orrego tom\u00f3 el juramento de compromiso y puso en funciones\u00a0 al Jefe de la Polic\u00eda de San Juan, Comisario General Dr. Eduardo Ram\u00f3n Lirola,<\/p>\n<p><iframe loading=\"lazy\" title=\"POLICIA SAN JUAN\" width=\"800\" height=\"450\" src=\"https:\/\/www.youtube.com\/embed\/JPafUkvJ1X8?feature=oembed\" frameborder=\"0\" allow=\"accelerometer; autoplay; clipboard-write; encrypted-media; gyroscope; picture-in-picture; web-share\" allowfullscreen><\/iframe><\/p>\n<p>Un reconocimiento, al jefe de Polic\u00eda saliente, Comisario Luis Mart\u00ednez con una placa por los servicios ofrecidos a San Juan.<\/p>\n<p>&nbsp;<\/p>\n<p><img loading=\"lazy\" decoding=\"async\" class=\"alignnone size-full wp-image-66926\" src=\"https:\/\/vocesparalelas.com.ar\/sitio\/wp-content\/uploads\/2023\/12\/GSJ-POLICIA-JEFE-01.jpg\" alt=\"\" width=\"800\" height=\"533\" srcset=\"https:\/\/vocesparalelas.com.ar\/sitio\/wp-content\/uploads\/2023\/12\/GSJ-POLICIA-JEFE-01.jpg 800w, https:\/\/vocesparalelas.com.ar\/sitio\/wp-content\/uploads\/2023\/12\/GSJ-POLICIA-JEFE-01-300x200.jpg 300w, https:\/\/vocesparalelas.com.ar\/sitio\/wp-content\/uploads\/2023\/12\/GSJ-POLICIA-JEFE-01-768x512.jpg 768w\" sizes=\"auto, (max-width: 800px) 100vw, 800px\" \/><\/p>\n<p>A continuaci\u00f3n, el sacerdote Gabriel Laciar bendijo el inicio del servicio, quien dese\u00f3 \u00e9xito en la gesti\u00f3n y cargo encomendado para el bien com\u00fan de la poblaci\u00f3n de San Juan al Jefe de la Polic\u00eda de San Juan, el comisario general Dr. Eduardo Ram\u00f3n Lirola.<\/p>\n<p>A su momento, el secretario de Seguridad y Orden P\u00fablico, Dr. Gustavo S\u00e1nchez puntualiz\u00f3 que\u00a0 \u201cqueremos que el polic\u00eda sea un verdadero protagonista social basado \u00fanicamente en el servicio, la austeridad, el valor, el coraje, virtudes que no solo se ven detr\u00e1s de un pupitre sino que las tenemos que ver en el campo de batalla, en las calles\u201d.<\/p>\n<p>El jefe de la polic\u00eda de San Juan, comisario general Dr. Eduardo Ram\u00f3n Lirola manifest\u00f3 que \u00abhay muchos desaf\u00edos por delante, voy a tratar de continuar la tarea que inici\u00f3 y llev\u00f3 a cabo durante muchos a\u00f1os el comisario Luis Mart\u00ednez y le agradezco su labor. Me comprometo a velar por dos aspectos puntuales, la seguridad integral del personal policial en actividad y para incrementar tambi\u00e9n la relaci\u00f3n con el personal policial en retiro efectivo pero sobre todo y ante todo brindarle a nuestros ciudadanos la estabilidad y la tranquilidad que todos merecemos al salir y al regresar a nuestros hogares\u201d.<\/p>\n<p><iframe loading=\"lazy\" title=\"POLIC\u00cdA DE SAN JUAN DR.\" width=\"800\" height=\"450\" src=\"https:\/\/www.youtube.com\/embed\/50c_G4pHvBo?feature=oembed\" frameborder=\"0\" allow=\"accelerometer; autoplay; clipboard-write; encrypted-media; gyroscope; picture-in-picture; web-share\" allowfullscreen><\/iframe><\/p>\n<p>Finalmente, el Gobernador de San Juan, Dr. Marcelo Orrego sostuvo que Hay tres \u00e1reas que son sensibles para la vida de la gente que son la salud, la educaci\u00f3n y la seguridad porque son \u00e1reas que tienen que ver con proteger a las familias. La seguridad, sin dudas, va a cumplir un lugar central en mi gobierno. Un vecino no puede salir con miedo a la calle y nosotros tenemos que trabajar juntos para que realmente podamos vivir en una comunidad mejor\u201d.<\/p>\n<p><iframe loading=\"lazy\" title=\"POLIC\u00cdA SAN JUAN DR MARCELO ORREGO\" width=\"800\" height=\"450\" src=\"https:\/\/www.youtube.com\/embed\/awMbgdPQZ8I?feature=oembed\" frameborder=\"0\" allow=\"accelerometer; autoplay; clipboard-write; encrypted-media; gyroscope; picture-in-picture; web-share\" allowfullscreen><\/iframe><\/p>\n<p>&nbsp;<\/p>\n<p><img loading=\"lazy\" decoding=\"async\" class=\"alignnone size-full wp-image-66928\" src=\"https:\/\/vocesparalelas.com.ar\/sitio\/wp-content\/uploads\/2023\/12\/GSJ-POLICIA-JEFE-03.jpg\" alt=\"\" width=\"800\" height=\"533\" srcset=\"https:\/\/vocesparalelas.com.ar\/sitio\/wp-content\/uploads\/2023\/12\/GSJ-POLICIA-JEFE-03.jpg 800w, https:\/\/vocesparalelas.com.ar\/sitio\/wp-content\/uploads\/2023\/12\/GSJ-POLICIA-JEFE-03-300x200.jpg 300w, https:\/\/vocesparalelas.com.ar\/sitio\/wp-content\/uploads\/2023\/12\/GSJ-POLICIA-JEFE-03-768x512.jpg 768w\" sizes=\"auto, (max-width: 800px) 100vw, 800px\" \/><\/p>\n<p>&nbsp;<\/p>\n","protected":false},"excerpt":{"rendered":"<p>En el Patio de Arma de la Escuela de Polic\u00eda, Departamento Rivadavia, se realiz\u00f3 el acto oficial, donde el gobernador<\/p>\n","protected":false},"author":3,"featured_media":66927,"comment_status":"closed","ping_status":"closed","sticky":false,"template":"","format":"standard","meta":{"_acf_changed":false,"_seopress_robots_primary_cat":"none","_seopress_titles_title":"","_seopress_titles_desc":"","_seopress_robots_index":"","colormag_page_container_layout":"default_layout","colormag_page_sidebar_layout":"default_layout","footnotes":""},"categories":[1,7],"tags":[],"class_list":["post-66923","post","type-post","status-publish","format-standard","has-post-thumbnail","hentry","category-destacadas","category-videos"],"acf":[],"_links":{"self":[{"href":"https:\/\/vocesparalelas.com.ar\/sitio\/wp-json\/wp\/v2\/posts\/66923","targetHints":{"allow":["GET"]}}],"collection":[{"href":"https:\/\/vocesparalelas.com.ar\/sitio\/wp-json\/wp\/v2\/posts"}],"about":[{"href":"https:\/\/vocesparalelas.com.ar\/sitio\/wp-json\/wp\/v2\/types\/post"}],"author":[{"embeddable":true,"href":"https:\/\/vocesparalelas.com.ar\/sitio\/wp-json\/wp\/v2\/users\/3"}],"replies":[{"embeddable":true,"href":"https:\/\/vocesparalelas.com.ar\/sitio\/wp-json\/wp\/v2\/comments?post=66923"}],"version-history":[{"count":3,"href":"https:\/\/vocesparalelas.com.ar\/sitio\/wp-json\/wp\/v2\/posts\/66923\/revisions"}],"predecessor-version":[{"id":66962,"href":"https:\/\/vocesparalelas.com.ar\/sitio\/wp-json\/wp\/v2\/posts\/66923\/revisions\/66962"}],"wp:featuredmedia":[{"embeddable":true,"href":"https:\/\/vocesparalelas.com.ar\/sitio\/wp-json\/wp\/v2\/media\/66927"}],"wp:attachment":[{"href":"https:\/\/vocesparalelas.com.ar\/sitio\/wp-json\/wp\/v2\/media?parent=66923"}],"wp:term":[{"taxonomy":"category","embeddable":true,"href":"https:\/\/vocesparalelas.com.ar\/sitio\/wp-json\/wp\/v2\/categories?post=66923"},{"taxonomy":"post_tag","embeddable":true,"href":"https:\/\/vocesparalelas.com.ar\/sitio\/wp-json\/wp\/v2\/tags?post=66923"}],"curies":[{"name":"wp","href":"https:\/\/api.w.org\/{rel}","templated":true}]}}