{"id":66912,"date":"2023-12-12T16:03:59","date_gmt":"2023-12-12T19:03:59","guid":{"rendered":"https:\/\/vocesparalelas.com.ar\/sitio\/?p=66912"},"modified":"2023-12-12T16:03:59","modified_gmt":"2023-12-12T19:03:59","slug":"definen-lineas-de-trabajo-para-mejorar-los-edificios-escolares-de-san-juan","status":"publish","type":"post","link":"https:\/\/vocesparalelas.com.ar\/sitio\/definen-lineas-de-trabajo-para-mejorar-los-edificios-escolares-de-san-juan\/","title":{"rendered":"Definen l\u00edneas de trabajo para mejorar los Edificios Escolares de San Juan"},"content":{"rendered":"<p>El ministro de Infraestructura, Agua y Energ\u00eda &#8211; MIAyE &#8211; del Gobierno de San Juan, Arq. Fernando Perea y parte de su gabinete, se reunieron con las autoridades del Ministerio de Educaci\u00f3n para conocer detalles del relevamiento de los edificios escolares.<\/p>\n<p>El objetivo es obtener informaci\u00f3n sobre las mejoras edilicias que se deben realizar.<\/p>\n<p>En el contexto del Cierre del Ciclo Lectivo 2023, se comenz\u00f3 a trabajar en la organizaci\u00f3n del Plan de Mantenimiento Estival.<\/p>\n<p>De esta manera se busca conocer y mejorar las condiciones de las instituciones educativas para iniciar los trabajos de reposici\u00f3n de estructuras, equipos, mobiliario y limpieza, entre otras cosas.<\/p>\n<p>Durante este primer encuentro, el ministro Perea se reuni\u00f3 con su par de Educaci\u00f3n, Lic. Silvia Fuentes, en las instalaciones del MIAyE.<\/p>\n<p>Los funcionarios estuvieron a acompa\u00f1ados por el secretario de Infraestructura, Ariel Villavicencio, el subsecretario de Servicios P\u00fablicos Rub\u00e9n Manni y el subsecretario de Obras P\u00fablicas Jorge Simoni, entre otros funcionarios del MIAyE.<\/p>\n<p>Este encuentro fue el puntapi\u00e9 inicial para definir las l\u00edneas de trabajo que se comienzan aplicar dentro de unos d\u00edas, cuando las actividades escolares hayan concluido definitivamente.<\/p>\n<p><img loading=\"lazy\" decoding=\"async\" class=\"alignnone size-full wp-image-33367\" src=\"https:\/\/vocesparalelas.com.ar\/sitio\/wp-content\/uploads\/2020\/12\/ESCUELAS-OBRAS-MENORES.jpg\" alt=\"\" width=\"800\" height=\"450\" srcset=\"https:\/\/vocesparalelas.com.ar\/sitio\/wp-content\/uploads\/2020\/12\/ESCUELAS-OBRAS-MENORES.jpg 800w, https:\/\/vocesparalelas.com.ar\/sitio\/wp-content\/uploads\/2020\/12\/ESCUELAS-OBRAS-MENORES-300x169.jpg 300w, https:\/\/vocesparalelas.com.ar\/sitio\/wp-content\/uploads\/2020\/12\/ESCUELAS-OBRAS-MENORES-768x432.jpg 768w\" sizes=\"auto, (max-width: 800px) 100vw, 800px\" \/><\/p>\n<p>&nbsp;<\/p>\n","protected":false},"excerpt":{"rendered":"<p>El ministro de Infraestructura, Agua y Energ\u00eda &#8211; MIAyE &#8211; del Gobierno de San Juan, Arq. Fernando Perea y parte<\/p>\n","protected":false},"author":3,"featured_media":66915,"comment_status":"closed","ping_status":"closed","sticky":false,"template":"","format":"standard","meta":{"_acf_changed":false,"_seopress_robots_primary_cat":"none","_seopress_titles_title":"","_seopress_titles_desc":"","_seopress_robots_index":"","colormag_page_container_layout":"default_layout","colormag_page_sidebar_layout":"default_layout","footnotes":""},"categories":[1],"tags":[],"class_list":["post-66912","post","type-post","status-publish","format-standard","has-post-thumbnail","hentry","category-destacadas"],"acf":[],"_links":{"self":[{"href":"https:\/\/vocesparalelas.com.ar\/sitio\/wp-json\/wp\/v2\/posts\/66912","targetHints":{"allow":["GET"]}}],"collection":[{"href":"https:\/\/vocesparalelas.com.ar\/sitio\/wp-json\/wp\/v2\/posts"}],"about":[{"href":"https:\/\/vocesparalelas.com.ar\/sitio\/wp-json\/wp\/v2\/types\/post"}],"author":[{"embeddable":true,"href":"https:\/\/vocesparalelas.com.ar\/sitio\/wp-json\/wp\/v2\/users\/3"}],"replies":[{"embeddable":true,"href":"https:\/\/vocesparalelas.com.ar\/sitio\/wp-json\/wp\/v2\/comments?post=66912"}],"version-history":[{"count":1,"href":"https:\/\/vocesparalelas.com.ar\/sitio\/wp-json\/wp\/v2\/posts\/66912\/revisions"}],"predecessor-version":[{"id":66916,"href":"https:\/\/vocesparalelas.com.ar\/sitio\/wp-json\/wp\/v2\/posts\/66912\/revisions\/66916"}],"wp:featuredmedia":[{"embeddable":true,"href":"https:\/\/vocesparalelas.com.ar\/sitio\/wp-json\/wp\/v2\/media\/66915"}],"wp:attachment":[{"href":"https:\/\/vocesparalelas.com.ar\/sitio\/wp-json\/wp\/v2\/media?parent=66912"}],"wp:term":[{"taxonomy":"category","embeddable":true,"href":"https:\/\/vocesparalelas.com.ar\/sitio\/wp-json\/wp\/v2\/categories?post=66912"},{"taxonomy":"post_tag","embeddable":true,"href":"https:\/\/vocesparalelas.com.ar\/sitio\/wp-json\/wp\/v2\/tags?post=66912"}],"curies":[{"name":"wp","href":"https:\/\/api.w.org\/{rel}","templated":true}]}}