{"id":66908,"date":"2023-12-10T15:11:43","date_gmt":"2023-12-10T18:11:43","guid":{"rendered":"https:\/\/vocesparalelas.com.ar\/sitio\/?p=66908"},"modified":"2023-12-12T21:31:52","modified_gmt":"2023-12-13T00:31:52","slug":"asumen-las-distintas-autoridades-del-ministerio-de-educacion-del-gobierno-de-san-juan-2023-2027","status":"publish","type":"post","link":"https:\/\/vocesparalelas.com.ar\/sitio\/asumen-las-distintas-autoridades-del-ministerio-de-educacion-del-gobierno-de-san-juan-2023-2027\/","title":{"rendered":"Asumen las distintas autoridades del Ministerio de Educaci\u00f3n del Gobierno de San Juan 2023 &#8211; 2027"},"content":{"rendered":"<p>El Martes,12 de Diciembre de 2023, a las 18 hs.; en el Centro de Convenciones Guillermo Barreta Guzm\u00e1n asumen las distintas autoridades del Ministerio de Educaci\u00f3n del Gobierno de San Juan 2023 &#8211; 2027, que conforman parte de la Gesti\u00f3n del Gobernador de San Juan, Dr. Marcelo Orrego y el Vicegobernador, Dr. Fabi\u00e1n Mart\u00edn.<\/p>\n<p><img loading=\"lazy\" decoding=\"async\" class=\"alignnone size-full wp-image-65367\" src=\"https:\/\/vocesparalelas.com.ar\/sitio\/wp-content\/uploads\/2023\/11\/CENTRO-CONVECIONES-FRENTE.jpg\" alt=\"\" width=\"800\" height=\"599\" srcset=\"https:\/\/vocesparalelas.com.ar\/sitio\/wp-content\/uploads\/2023\/11\/CENTRO-CONVECIONES-FRENTE.jpg 800w, https:\/\/vocesparalelas.com.ar\/sitio\/wp-content\/uploads\/2023\/11\/CENTRO-CONVECIONES-FRENTE-300x225.jpg 300w, https:\/\/vocesparalelas.com.ar\/sitio\/wp-content\/uploads\/2023\/11\/CENTRO-CONVECIONES-FRENTE-768x575.jpg 768w\" sizes=\"auto, (max-width: 800px) 100vw, 800px\" \/><\/p>\n","protected":false},"excerpt":{"rendered":"<p>El Martes,12 de Diciembre de 2023, a las 18 hs.; en el Centro de Convenciones Guillermo Barreta Guzm\u00e1n asumen las<\/p>\n","protected":false},"author":3,"featured_media":28629,"comment_status":"closed","ping_status":"closed","sticky":false,"template":"","format":"standard","meta":{"_acf_changed":false,"_seopress_robots_primary_cat":"none","_seopress_titles_title":"","_seopress_titles_desc":"","_seopress_robots_index":"","colormag_page_container_layout":"default_layout","colormag_page_sidebar_layout":"default_layout","footnotes":""},"categories":[1],"tags":[],"class_list":["post-66908","post","type-post","status-publish","format-standard","has-post-thumbnail","hentry","category-destacadas"],"acf":[],"_links":{"self":[{"href":"https:\/\/vocesparalelas.com.ar\/sitio\/wp-json\/wp\/v2\/posts\/66908","targetHints":{"allow":["GET"]}}],"collection":[{"href":"https:\/\/vocesparalelas.com.ar\/sitio\/wp-json\/wp\/v2\/posts"}],"about":[{"href":"https:\/\/vocesparalelas.com.ar\/sitio\/wp-json\/wp\/v2\/types\/post"}],"author":[{"embeddable":true,"href":"https:\/\/vocesparalelas.com.ar\/sitio\/wp-json\/wp\/v2\/users\/3"}],"replies":[{"embeddable":true,"href":"https:\/\/vocesparalelas.com.ar\/sitio\/wp-json\/wp\/v2\/comments?post=66908"}],"version-history":[{"count":1,"href":"https:\/\/vocesparalelas.com.ar\/sitio\/wp-json\/wp\/v2\/posts\/66908\/revisions"}],"predecessor-version":[{"id":66911,"href":"https:\/\/vocesparalelas.com.ar\/sitio\/wp-json\/wp\/v2\/posts\/66908\/revisions\/66911"}],"wp:featuredmedia":[{"embeddable":true,"href":"https:\/\/vocesparalelas.com.ar\/sitio\/wp-json\/wp\/v2\/media\/28629"}],"wp:attachment":[{"href":"https:\/\/vocesparalelas.com.ar\/sitio\/wp-json\/wp\/v2\/media?parent=66908"}],"wp:term":[{"taxonomy":"category","embeddable":true,"href":"https:\/\/vocesparalelas.com.ar\/sitio\/wp-json\/wp\/v2\/categories?post=66908"},{"taxonomy":"post_tag","embeddable":true,"href":"https:\/\/vocesparalelas.com.ar\/sitio\/wp-json\/wp\/v2\/tags?post=66908"}],"curies":[{"name":"wp","href":"https:\/\/api.w.org\/{rel}","templated":true}]}}