{"id":66902,"date":"2023-12-13T14:51:07","date_gmt":"2023-12-13T17:51:07","guid":{"rendered":"https:\/\/vocesparalelas.com.ar\/sitio\/?p=66902"},"modified":"2023-12-14T00:18:41","modified_gmt":"2023-12-14T03:18:41","slug":"se-reanuda-la-primera-sesion-extraordinaria-de-la-camara-de-diputados-de-san-juan","status":"publish","type":"post","link":"https:\/\/vocesparalelas.com.ar\/sitio\/se-reanuda-la-primera-sesion-extraordinaria-de-la-camara-de-diputados-de-san-juan\/","title":{"rendered":"Se reanuda la Primera Sesi\u00f3n Extraordinaria de la C\u00e1mara de Diputados de San Juan"},"content":{"rendered":"<div class=\"itemFullText jbintrotext\">\n<p>La C\u00e1mara de Diputados de San Juan reanuda el Jueves, 14 de Diciembre, a partir de las 9.30 horas, la Primera Sesi\u00f3n Extraordinaria.<\/p>\n<p>Cabe recordar que el Domingo, 10 de Diciembre, con la asunci\u00f3n del vicegobernador de San Juan, Dr. Fabi\u00e1n Mart\u00edn junto con los treinta y seis diputados del per\u00edodo 2023-2027 y la jura del gobernador de San Juan, Dr. Marcelo Orrego, que tras su discurso el cuerpo legislativo acord\u00f3 pasar a un cuarto intermedio para dar continuidad con el orden el 14 de Diciembre 2023.<\/p>\n<\/div>\n<div class=\"itemFullText\">\n<p><span style=\"color: #800080;\"><strong>Puntos a tratar<\/strong><\/span><\/p>\n<ul>\n<li>Sorteo para la integraci\u00f3n de las Salas Acusadora y Juzgadora, a los fines de la tramitaci\u00f3n del Juicio Pol\u00edtico (art\u00edculos 220 y 221 de la Constituci\u00f3n Provincial).<\/li>\n<li>Designaci\u00f3n de dos Diputadas o Diputados titulares y dos suplentes, para que integren el Jurado de Enjuiciamiento (art\u00edculo 230 de la Constituci\u00f3n Provincial).<\/li>\n<li>Designaci\u00f3n de los se\u00f1ores diputados, titular y suplente, para integrar el Consejo de la Magistratura (art\u00edculo 215 de la Constituci\u00f3n Provincial).<\/li>\n<li>Designaci\u00f3n de los se\u00f1ores diputados que integrar\u00e1n la Comisi\u00f3n Permanente (art\u00edculo 172 de la Constituci\u00f3n Provincial).<\/li>\n<li>Designaci\u00f3n de los dos vocales que ser\u00e1n miembros del Tribunal de Cuentas (art\u00edculo 258 de la Constituci\u00f3n Provincial).<\/li>\n<li>Designaci\u00f3n de dos vocales del Instituto Provincial de Exploraciones y Explotaciones Mineras, IPEEM (Ley N\u00ba 387-A).<\/li>\n<li>Y, por \u00faltimo, designar a los se\u00f1ores diputados, representantes de esta C\u00e1mara de Diputados, ante las Audiencias P\u00fablicas que sean convocadas por el Ente Provincial Regulador de la Electricidad (EPRE).<\/li>\n<\/ul>\n<figure id=\"attachment_37951\" aria-describedby=\"caption-attachment-37951\" style=\"width: 800px\" class=\"wp-caption alignnone\"><img loading=\"lazy\" decoding=\"async\" class=\"size-full wp-image-37951\" src=\"https:\/\/vocesparalelas.com.ar\/sitio\/wp-content\/uploads\/2021\/05\/CAMARA-EDIFICIO.jpg\" alt=\"\" width=\"800\" height=\"515\" srcset=\"https:\/\/vocesparalelas.com.ar\/sitio\/wp-content\/uploads\/2021\/05\/CAMARA-EDIFICIO.jpg 800w, https:\/\/vocesparalelas.com.ar\/sitio\/wp-content\/uploads\/2021\/05\/CAMARA-EDIFICIO-300x193.jpg 300w, https:\/\/vocesparalelas.com.ar\/sitio\/wp-content\/uploads\/2021\/05\/CAMARA-EDIFICIO-768x494.jpg 768w\" sizes=\"auto, (max-width: 800px) 100vw, 800px\" \/><figcaption id=\"caption-attachment-37951\" class=\"wp-caption-text\">Legislatura Provincial de San Juan, Rep\u00fablica Argentina<\/figcaption><\/figure>\n<\/div>\n","protected":false},"excerpt":{"rendered":"<p>La C\u00e1mara de Diputados de San Juan reanuda el Jueves, 14 de Diciembre, a partir de las 9.30 horas, la<\/p>\n","protected":false},"author":3,"featured_media":8062,"comment_status":"closed","ping_status":"closed","sticky":false,"template":"","format":"standard","meta":{"_acf_changed":false,"_seopress_robots_primary_cat":"none","_seopress_titles_title":"","_seopress_titles_desc":"","_seopress_robots_index":"","colormag_page_container_layout":"default_layout","colormag_page_sidebar_layout":"default_layout","footnotes":""},"categories":[1],"tags":[],"class_list":["post-66902","post","type-post","status-publish","format-standard","has-post-thumbnail","hentry","category-destacadas"],"acf":[],"_links":{"self":[{"href":"https:\/\/vocesparalelas.com.ar\/sitio\/wp-json\/wp\/v2\/posts\/66902","targetHints":{"allow":["GET"]}}],"collection":[{"href":"https:\/\/vocesparalelas.com.ar\/sitio\/wp-json\/wp\/v2\/posts"}],"about":[{"href":"https:\/\/vocesparalelas.com.ar\/sitio\/wp-json\/wp\/v2\/types\/post"}],"author":[{"embeddable":true,"href":"https:\/\/vocesparalelas.com.ar\/sitio\/wp-json\/wp\/v2\/users\/3"}],"replies":[{"embeddable":true,"href":"https:\/\/vocesparalelas.com.ar\/sitio\/wp-json\/wp\/v2\/comments?post=66902"}],"version-history":[{"count":3,"href":"https:\/\/vocesparalelas.com.ar\/sitio\/wp-json\/wp\/v2\/posts\/66902\/revisions"}],"predecessor-version":[{"id":66907,"href":"https:\/\/vocesparalelas.com.ar\/sitio\/wp-json\/wp\/v2\/posts\/66902\/revisions\/66907"}],"wp:featuredmedia":[{"embeddable":true,"href":"https:\/\/vocesparalelas.com.ar\/sitio\/wp-json\/wp\/v2\/media\/8062"}],"wp:attachment":[{"href":"https:\/\/vocesparalelas.com.ar\/sitio\/wp-json\/wp\/v2\/media?parent=66902"}],"wp:term":[{"taxonomy":"category","embeddable":true,"href":"https:\/\/vocesparalelas.com.ar\/sitio\/wp-json\/wp\/v2\/categories?post=66902"},{"taxonomy":"post_tag","embeddable":true,"href":"https:\/\/vocesparalelas.com.ar\/sitio\/wp-json\/wp\/v2\/tags?post=66902"}],"curies":[{"name":"wp","href":"https:\/\/api.w.org\/{rel}","templated":true}]}}