{"id":66879,"date":"2023-12-06T21:30:58","date_gmt":"2023-12-07T00:30:58","guid":{"rendered":"https:\/\/vocesparalelas.com.ar\/sitio\/?p=66879"},"modified":"2023-12-16T00:26:57","modified_gmt":"2023-12-16T03:26:57","slug":"diplomatura-de-extension-universitaria-en-practicas-socioeducativas-de-la-unsj","status":"publish","type":"post","link":"https:\/\/vocesparalelas.com.ar\/sitio\/diplomatura-de-extension-universitaria-en-practicas-socioeducativas-de-la-unsj\/","title":{"rendered":"Diplomatura de Extensi\u00f3n Universitaria en Pr\u00e1cticas Socioeducativas de la UNSJ"},"content":{"rendered":"<p>La Universidad Nacional de San Juan dict\u00f3 la\u00a0Diplomatura de Extensi\u00f3n Universitaria en Pr\u00e1cticas Socioeducativas, en distintos espacios, destinada al personal Nodocente.<\/p>\n<p>Las misma se desarroll\u00f3 los Viernes y S\u00e1bados, por ello, las autoridades de la Facultad de Ciencias Exactas, F\u00edsicas y Naturales, de la Facultad de Arquitectura, Urbanismo y Dise\u00f1o y de la Escuela Universitaria de Ciencias de la Salud de la UNSJ, invitan el Viernes, 15 de Diciembre, a las 17.30 hs.;\u00a0en el Sala\u00a0de Multimedia \u00abProf. Pedro Pablo Cortez\u00bb, Subsuelo de la\u00a0FCEFN de la UNSJ, en el CUIM, Meglioli e Ignacio De La Roza, Departamento Rivadavia, al Acto de Entrega de certificaciones de\u00a0la Diplomatura de Extensi\u00f3n Universitaria de Pr\u00e1cticas\u00a0Socioeducativas de la UNSJ.<\/p>\n<p>Es as\u00ed, que Voces Paralelas desarroll\u00f3 una entrevista Period\u00edstica a la Coordinadora del PSE de la UNSJ, Arq. Lorena Platero, quien describi\u00f3 lo que significa la Diplomatura de Extensi\u00f3n Universitaria de Pr\u00e1cticas\u00a0Socioeducativas de la UNSJ.<\/p>\n<figure id=\"attachment_66510\" aria-describedby=\"caption-attachment-66510\" style=\"width: 800px\" class=\"wp-caption alignnone\"><img loading=\"lazy\" decoding=\"async\" class=\"size-full wp-image-66510\" src=\"https:\/\/vocesparalelas.com.ar\/sitio\/wp-content\/uploads\/2023\/12\/UNSJ-ARQ-LORENA-PLATERO.jpg\" alt=\"\" width=\"800\" height=\"533\" srcset=\"https:\/\/vocesparalelas.com.ar\/sitio\/wp-content\/uploads\/2023\/12\/UNSJ-ARQ-LORENA-PLATERO.jpg 800w, https:\/\/vocesparalelas.com.ar\/sitio\/wp-content\/uploads\/2023\/12\/UNSJ-ARQ-LORENA-PLATERO-300x200.jpg 300w, https:\/\/vocesparalelas.com.ar\/sitio\/wp-content\/uploads\/2023\/12\/UNSJ-ARQ-LORENA-PLATERO-768x512.jpg 768w\" sizes=\"auto, (max-width: 800px) 100vw, 800px\" \/><figcaption id=\"caption-attachment-66510\" class=\"wp-caption-text\">Coordinadora del PSE de la UNSJ, Arq. Lorena Platero<\/figcaption><\/figure>\n<p>&nbsp;<\/p>\n<p><iframe loading=\"lazy\" title=\"UNSJ COORDINADORA PSE ARQ LORENA PLATERO\" width=\"800\" height=\"450\" src=\"https:\/\/www.youtube.com\/embed\/eXLvD4_Dw3Q?feature=oembed\" frameborder=\"0\" allow=\"accelerometer; autoplay; clipboard-write; encrypted-media; gyroscope; picture-in-picture; web-share\" allowfullscreen><\/iframe><\/p>\n<figure id=\"attachment_66882\" aria-describedby=\"caption-attachment-66882\" style=\"width: 800px\" class=\"wp-caption alignnone\"><img loading=\"lazy\" decoding=\"async\" class=\"wp-image-66882 size-full\" src=\"https:\/\/vocesparalelas.com.ar\/sitio\/wp-content\/uploads\/2023\/12\/UNSJ-ARQ-LORENA-PLATERO-01-1.jpg\" alt=\"\" width=\"800\" height=\"533\" srcset=\"https:\/\/vocesparalelas.com.ar\/sitio\/wp-content\/uploads\/2023\/12\/UNSJ-ARQ-LORENA-PLATERO-01-1.jpg 800w, https:\/\/vocesparalelas.com.ar\/sitio\/wp-content\/uploads\/2023\/12\/UNSJ-ARQ-LORENA-PLATERO-01-1-300x200.jpg 300w, https:\/\/vocesparalelas.com.ar\/sitio\/wp-content\/uploads\/2023\/12\/UNSJ-ARQ-LORENA-PLATERO-01-1-768x512.jpg 768w\" sizes=\"auto, (max-width: 800px) 100vw, 800px\" \/><figcaption id=\"caption-attachment-66882\" class=\"wp-caption-text\">Las Secretarias de Investigaci\u00f3n y Extensi\u00f3n: de la EUCS, Dra. Ana Naranjo, de la FCEFN Prof. Patricia Asunto, de la FAUD, D.I.G. Eliana Perniche y la Coordinador del PSE de la UNSJ, Arq. Lorena Platero<\/figcaption><\/figure>\n<p>Una experiencia Socioeducativa<\/p>\n<p><img loading=\"lazy\" decoding=\"async\" class=\"alignnone size-large wp-image-66883\" src=\"https:\/\/vocesparalelas.com.ar\/sitio\/wp-content\/uploads\/2023\/12\/UNSJ-ARQ-LORENA-PLATERO-02-800x600.jpg\" alt=\"\" width=\"800\" height=\"600\" srcset=\"https:\/\/vocesparalelas.com.ar\/sitio\/wp-content\/uploads\/2023\/12\/UNSJ-ARQ-LORENA-PLATERO-02-800x600.jpg 800w, https:\/\/vocesparalelas.com.ar\/sitio\/wp-content\/uploads\/2023\/12\/UNSJ-ARQ-LORENA-PLATERO-02-300x225.jpg 300w, https:\/\/vocesparalelas.com.ar\/sitio\/wp-content\/uploads\/2023\/12\/UNSJ-ARQ-LORENA-PLATERO-02-768x576.jpg 768w, https:\/\/vocesparalelas.com.ar\/sitio\/wp-content\/uploads\/2023\/12\/UNSJ-ARQ-LORENA-PLATERO-02.jpg 1024w\" sizes=\"auto, (max-width: 800px) 100vw, 800px\" \/><\/p>\n<p>El grupo de alumnos de Diplomatura de Extensi\u00f3n Universitaria en Pr\u00e1cticas Socioeducativas<\/p>\n<p><img loading=\"lazy\" decoding=\"async\" class=\"alignnone size-large wp-image-66884\" src=\"https:\/\/vocesparalelas.com.ar\/sitio\/wp-content\/uploads\/2023\/12\/UNSJ-ARQ-LORENA-PLATERO-03-800x600.jpg\" alt=\"\" width=\"800\" height=\"600\" srcset=\"https:\/\/vocesparalelas.com.ar\/sitio\/wp-content\/uploads\/2023\/12\/UNSJ-ARQ-LORENA-PLATERO-03-800x600.jpg 800w, https:\/\/vocesparalelas.com.ar\/sitio\/wp-content\/uploads\/2023\/12\/UNSJ-ARQ-LORENA-PLATERO-03-300x225.jpg 300w, https:\/\/vocesparalelas.com.ar\/sitio\/wp-content\/uploads\/2023\/12\/UNSJ-ARQ-LORENA-PLATERO-03-768x576.jpg 768w, https:\/\/vocesparalelas.com.ar\/sitio\/wp-content\/uploads\/2023\/12\/UNSJ-ARQ-LORENA-PLATERO-03.jpg 1000w\" sizes=\"auto, (max-width: 800px) 100vw, 800px\" \/><\/p>\n<p><img loading=\"lazy\" decoding=\"async\" class=\"alignnone size-full wp-image-53945\" src=\"https:\/\/vocesparalelas.com.ar\/sitio\/wp-content\/uploads\/2022\/10\/UNSJ-LOGO-50-FINAL.jpg\" alt=\"\" width=\"800\" height=\"476\" srcset=\"https:\/\/vocesparalelas.com.ar\/sitio\/wp-content\/uploads\/2022\/10\/UNSJ-LOGO-50-FINAL.jpg 800w, https:\/\/vocesparalelas.com.ar\/sitio\/wp-content\/uploads\/2022\/10\/UNSJ-LOGO-50-FINAL-300x179.jpg 300w, https:\/\/vocesparalelas.com.ar\/sitio\/wp-content\/uploads\/2022\/10\/UNSJ-LOGO-50-FINAL-768x457.jpg 768w\" sizes=\"auto, (max-width: 800px) 100vw, 800px\" \/> <img loading=\"lazy\" decoding=\"async\" class=\"alignnone size-full wp-image-54035\" src=\"https:\/\/vocesparalelas.com.ar\/sitio\/wp-content\/uploads\/2022\/11\/UNSJ-LOGO-10.jpg\" alt=\"\" width=\"800\" height=\"533\" srcset=\"https:\/\/vocesparalelas.com.ar\/sitio\/wp-content\/uploads\/2022\/11\/UNSJ-LOGO-10.jpg 800w, https:\/\/vocesparalelas.com.ar\/sitio\/wp-content\/uploads\/2022\/11\/UNSJ-LOGO-10-300x200.jpg 300w, https:\/\/vocesparalelas.com.ar\/sitio\/wp-content\/uploads\/2022\/11\/UNSJ-LOGO-10-768x512.jpg 768w\" sizes=\"auto, (max-width: 800px) 100vw, 800px\" \/><\/p>\n","protected":false},"excerpt":{"rendered":"<p>La Universidad Nacional de San Juan dict\u00f3 la\u00a0Diplomatura de Extensi\u00f3n Universitaria en Pr\u00e1cticas Socioeducativas, en distintos espacios, destinada al personal<\/p>\n","protected":false},"author":3,"featured_media":66882,"comment_status":"closed","ping_status":"closed","sticky":false,"template":"","format":"standard","meta":{"_acf_changed":false,"_seopress_robots_primary_cat":"none","_seopress_titles_title":"","_seopress_titles_desc":"","_seopress_robots_index":"","colormag_page_container_layout":"default_layout","colormag_page_sidebar_layout":"default_layout","footnotes":""},"categories":[15,7],"tags":[],"class_list":["post-66879","post","type-post","status-publish","format-standard","has-post-thumbnail","hentry","category-posgrados","category-videos"],"acf":[],"_links":{"self":[{"href":"https:\/\/vocesparalelas.com.ar\/sitio\/wp-json\/wp\/v2\/posts\/66879","targetHints":{"allow":["GET"]}}],"collection":[{"href":"https:\/\/vocesparalelas.com.ar\/sitio\/wp-json\/wp\/v2\/posts"}],"about":[{"href":"https:\/\/vocesparalelas.com.ar\/sitio\/wp-json\/wp\/v2\/types\/post"}],"author":[{"embeddable":true,"href":"https:\/\/vocesparalelas.com.ar\/sitio\/wp-json\/wp\/v2\/users\/3"}],"replies":[{"embeddable":true,"href":"https:\/\/vocesparalelas.com.ar\/sitio\/wp-json\/wp\/v2\/comments?post=66879"}],"version-history":[{"count":1,"href":"https:\/\/vocesparalelas.com.ar\/sitio\/wp-json\/wp\/v2\/posts\/66879\/revisions"}],"predecessor-version":[{"id":66885,"href":"https:\/\/vocesparalelas.com.ar\/sitio\/wp-json\/wp\/v2\/posts\/66879\/revisions\/66885"}],"wp:featuredmedia":[{"embeddable":true,"href":"https:\/\/vocesparalelas.com.ar\/sitio\/wp-json\/wp\/v2\/media\/66882"}],"wp:attachment":[{"href":"https:\/\/vocesparalelas.com.ar\/sitio\/wp-json\/wp\/v2\/media?parent=66879"}],"wp:term":[{"taxonomy":"category","embeddable":true,"href":"https:\/\/vocesparalelas.com.ar\/sitio\/wp-json\/wp\/v2\/categories?post=66879"},{"taxonomy":"post_tag","embeddable":true,"href":"https:\/\/vocesparalelas.com.ar\/sitio\/wp-json\/wp\/v2\/tags?post=66879"}],"curies":[{"name":"wp","href":"https:\/\/api.w.org\/{rel}","templated":true}]}}