{"id":66863,"date":"2023-12-11T17:41:21","date_gmt":"2023-12-11T20:41:21","guid":{"rendered":"https:\/\/vocesparalelas.com.ar\/sitio\/?p=66863"},"modified":"2023-12-11T17:41:21","modified_gmt":"2023-12-11T20:41:21","slug":"1-reunion-de-gabinete-del-ministerio-de-produccion-trabajo-e-innovacion-de-san-juan","status":"publish","type":"post","link":"https:\/\/vocesparalelas.com.ar\/sitio\/1-reunion-de-gabinete-del-ministerio-de-produccion-trabajo-e-innovacion-de-san-juan\/","title":{"rendered":"1\u00b0 reuni\u00f3n de Gabinete del Ministerio de Producci\u00f3n, Trabajo e Innovaci\u00f3n de San Juan"},"content":{"rendered":"<p>El ministro de Producci\u00f3n, Trabajo e Innovaci\u00f3n, CPN Gustavo Fern\u00e1ndez, tuvo el Lunes, 11 de Diciembre, la 1\u00b0 reuni\u00f3n de gabinete para realizar una evaluaci\u00f3n inicial y definir los lineamientos que gu\u00edan el trabajo colaborativo entre las distintas secretarias y agencias que integran su cartera.<\/p>\n<p><strong>Participaron del encuentro<\/strong><\/p>\n<ul>\n<li>Secretarios de Agricultura, Ganader\u00eda y Agroindustria, Miguel Moreno;<\/li>\n<li>Secretario de Industria, Comercio y Servicios, Alejandro Mart\u00edn;<\/li>\n<li>Secretario de Coordinaci\u00f3n para el Desarrollo Econ\u00f3mico, Alfredo Aciar; y<\/li>\n<li>Secretario de Ciencia, T\u00e9cnica e Innovaci\u00f3n, Dr. Germ\u00e1n Von Euw.<\/li>\n<\/ul>\n","protected":false},"excerpt":{"rendered":"<p>El ministro de Producci\u00f3n, Trabajo e Innovaci\u00f3n, CPN Gustavo Fern\u00e1ndez, tuvo el Lunes, 11 de Diciembre, la 1\u00b0 reuni\u00f3n de<\/p>\n","protected":false},"author":3,"featured_media":66867,"comment_status":"closed","ping_status":"closed","sticky":false,"template":"","format":"standard","meta":{"_acf_changed":false,"_seopress_robots_primary_cat":"none","_seopress_titles_title":"","_seopress_titles_desc":"","_seopress_robots_index":"","colormag_page_container_layout":"default_layout","colormag_page_sidebar_layout":"default_layout","footnotes":""},"categories":[1],"tags":[],"class_list":["post-66863","post","type-post","status-publish","format-standard","has-post-thumbnail","hentry","category-destacadas"],"acf":[],"_links":{"self":[{"href":"https:\/\/vocesparalelas.com.ar\/sitio\/wp-json\/wp\/v2\/posts\/66863","targetHints":{"allow":["GET"]}}],"collection":[{"href":"https:\/\/vocesparalelas.com.ar\/sitio\/wp-json\/wp\/v2\/posts"}],"about":[{"href":"https:\/\/vocesparalelas.com.ar\/sitio\/wp-json\/wp\/v2\/types\/post"}],"author":[{"embeddable":true,"href":"https:\/\/vocesparalelas.com.ar\/sitio\/wp-json\/wp\/v2\/users\/3"}],"replies":[{"embeddable":true,"href":"https:\/\/vocesparalelas.com.ar\/sitio\/wp-json\/wp\/v2\/comments?post=66863"}],"version-history":[{"count":1,"href":"https:\/\/vocesparalelas.com.ar\/sitio\/wp-json\/wp\/v2\/posts\/66863\/revisions"}],"predecessor-version":[{"id":66868,"href":"https:\/\/vocesparalelas.com.ar\/sitio\/wp-json\/wp\/v2\/posts\/66863\/revisions\/66868"}],"wp:featuredmedia":[{"embeddable":true,"href":"https:\/\/vocesparalelas.com.ar\/sitio\/wp-json\/wp\/v2\/media\/66867"}],"wp:attachment":[{"href":"https:\/\/vocesparalelas.com.ar\/sitio\/wp-json\/wp\/v2\/media?parent=66863"}],"wp:term":[{"taxonomy":"category","embeddable":true,"href":"https:\/\/vocesparalelas.com.ar\/sitio\/wp-json\/wp\/v2\/categories?post=66863"},{"taxonomy":"post_tag","embeddable":true,"href":"https:\/\/vocesparalelas.com.ar\/sitio\/wp-json\/wp\/v2\/tags?post=66863"}],"curies":[{"name":"wp","href":"https:\/\/api.w.org\/{rel}","templated":true}]}}