{"id":66858,"date":"2023-12-11T16:25:58","date_gmt":"2023-12-11T19:25:58","guid":{"rendered":"https:\/\/vocesparalelas.com.ar\/sitio\/?p=66858"},"modified":"2023-12-11T17:26:10","modified_gmt":"2023-12-11T20:26:10","slug":"es-para-mi-un-dia-de-trabajo-pero-tambien-de-toma-de-decisiones","status":"publish","type":"post","link":"https:\/\/vocesparalelas.com.ar\/sitio\/es-para-mi-un-dia-de-trabajo-pero-tambien-de-toma-de-decisiones\/","title":{"rendered":"\u00abEs para m\u00ed un d\u00eda de trabajo pero tambi\u00e9n de toma de decisiones\u00bb"},"content":{"rendered":"<p>El Lunes, 11 de Diciembre, el Gobernador de San Juan, Dr. Marcelo Orrego, ingres\u00f3 a Casa de Gobierno para comenzar con sus funciones encomendado por la poblaci\u00f3n.<\/p>\n<p>Fue recibido por La Guardia de Infanter\u00eda y la Banda de M\u00fasica de la Polic\u00eda de San Juan, quienes presentaron el saludo protocolar al nuevo mandatario provincial.<\/p>\n<p>Lo acompa\u00f1aron el secretario de Seguridad, Dr. Gustavo S\u00e1nchez; el comisario Eduardo Lirola, quien asume el Lunes, 11 de Diciembre, a las 19 hs.; en la Escuela de Polic\u00eda como Jefe de Polic\u00eda de San Juan; el jefe de Asesores, Dr. Rodolfo Colombo y dem\u00e1s funcionarios de su gabinete.<\/p>\n<p><iframe loading=\"lazy\" title=\"Orrego en Casa de Gobierno: \u201cHemos venido a servir, a hacer y a cumplir con la sociedad sanjuanina\u201d\" width=\"800\" height=\"450\" src=\"https:\/\/www.youtube.com\/embed\/T54e5uwp14U?feature=oembed\" frameborder=\"0\" allow=\"accelerometer; autoplay; clipboard-write; encrypted-media; gyroscope; picture-in-picture; web-share\" allowfullscreen><\/iframe><\/p>\n<p>Por ello, fue recibido por el Secretario General, Lic. Emilio Achem y empleados de las distintas reparticiones del lugar, a quienes salud\u00f3 cordialmente, tomando contacto por primera vez con el personal que a partir de hoy trabajar\u00e1 a su servicio.<\/p>\n<p>El Gobernador, Dr. Marcelo Orrego dijo que \u00abeste es para m\u00ed un d\u00eda de trabajo pero tambi\u00e9n, de toma de decisiones, que vienen dentro del paquete de medidas que tomaremos y se conocer\u00e1n hoy por la tarde. Estoy comprometido con toda la sociedad sanjuanina, porque gracias a ella estamos ac\u00e1, hemos venido a servir, a hacer y a cumplir\u201d.<\/p>\n<p>\u00abNos toca asumir en el peor momento de la Argentina. Adem\u00e1s, hay que sumar los problemas de San Juan en materia financiera, que tenemos que resolver en el corto plazo. Vamos a resolver los problemas de la gente\u201d &#8211; concluy\u00f3 muy preocupado<\/p>\n","protected":false},"excerpt":{"rendered":"<p>El Lunes, 11 de Diciembre, el Gobernador de San Juan, Dr. Marcelo Orrego, ingres\u00f3 a Casa de Gobierno para comenzar<\/p>\n","protected":false},"author":3,"featured_media":66861,"comment_status":"closed","ping_status":"closed","sticky":false,"template":"","format":"standard","meta":{"_acf_changed":false,"_seopress_robots_primary_cat":"none","_seopress_titles_title":"","_seopress_titles_desc":"","_seopress_robots_index":"","colormag_page_container_layout":"default_layout","colormag_page_sidebar_layout":"default_layout","footnotes":""},"categories":[1,7],"tags":[],"class_list":["post-66858","post","type-post","status-publish","format-standard","has-post-thumbnail","hentry","category-destacadas","category-videos"],"acf":[],"_links":{"self":[{"href":"https:\/\/vocesparalelas.com.ar\/sitio\/wp-json\/wp\/v2\/posts\/66858","targetHints":{"allow":["GET"]}}],"collection":[{"href":"https:\/\/vocesparalelas.com.ar\/sitio\/wp-json\/wp\/v2\/posts"}],"about":[{"href":"https:\/\/vocesparalelas.com.ar\/sitio\/wp-json\/wp\/v2\/types\/post"}],"author":[{"embeddable":true,"href":"https:\/\/vocesparalelas.com.ar\/sitio\/wp-json\/wp\/v2\/users\/3"}],"replies":[{"embeddable":true,"href":"https:\/\/vocesparalelas.com.ar\/sitio\/wp-json\/wp\/v2\/comments?post=66858"}],"version-history":[{"count":1,"href":"https:\/\/vocesparalelas.com.ar\/sitio\/wp-json\/wp\/v2\/posts\/66858\/revisions"}],"predecessor-version":[{"id":66862,"href":"https:\/\/vocesparalelas.com.ar\/sitio\/wp-json\/wp\/v2\/posts\/66858\/revisions\/66862"}],"wp:featuredmedia":[{"embeddable":true,"href":"https:\/\/vocesparalelas.com.ar\/sitio\/wp-json\/wp\/v2\/media\/66861"}],"wp:attachment":[{"href":"https:\/\/vocesparalelas.com.ar\/sitio\/wp-json\/wp\/v2\/media?parent=66858"}],"wp:term":[{"taxonomy":"category","embeddable":true,"href":"https:\/\/vocesparalelas.com.ar\/sitio\/wp-json\/wp\/v2\/categories?post=66858"},{"taxonomy":"post_tag","embeddable":true,"href":"https:\/\/vocesparalelas.com.ar\/sitio\/wp-json\/wp\/v2\/tags?post=66858"}],"curies":[{"name":"wp","href":"https:\/\/api.w.org\/{rel}","templated":true}]}}