{"id":66854,"date":"2023-12-11T17:11:05","date_gmt":"2023-12-11T20:11:05","guid":{"rendered":"https:\/\/vocesparalelas.com.ar\/sitio\/?p=66854"},"modified":"2023-12-12T16:44:15","modified_gmt":"2023-12-12T19:44:15","slug":"el-gobierno-de-san-juan-fortalece-la-austeridad-responsabilidad-y-eficiencia-en-la-administracion-publica","status":"publish","type":"post","link":"https:\/\/vocesparalelas.com.ar\/sitio\/el-gobierno-de-san-juan-fortalece-la-austeridad-responsabilidad-y-eficiencia-en-la-administracion-publica\/","title":{"rendered":"El Gobierno de San Juan fortalece la austeridad, responsabilidad y eficiencia en la Administraci\u00f3n P\u00fablica"},"content":{"rendered":"<p>El Gobernador de San Juan, Dr- Marcelo Orrego ha tomado decisiones firmes para el cumplimiento estricto del art\u00edculo 46 de la Constituci\u00f3n Provincial, la Ley de Responsabilidad Fiscal y Ley de Emergencia Econ\u00f3mica, que establecen la prohibici\u00f3n de realizar nombramientos en los seis meses previos al t\u00e9rmino del mandato, habida cuenta de la situaci\u00f3n econ\u00f3mica que atraviesa el pa\u00eds y del que nuestra provincia es parte. El Estado no puede incorporar miles de personas a la administraci\u00f3n p\u00fablica, incrementando el gasto y poniendo en riesgo las finanzas de la provincia.<\/p>\n<p>En consonancia con la reducci\u00f3n del 30% de los cargos pol\u00edticos anunciado. Estas nuevas medidas consisten en la baja de contrataciones, renovaciones y pases a planta permanente de personal contratado realizadas en los \u00faltimos meses del mandato anterior.<\/p>\n<p><strong><span style=\"color: #339966;\">Detalles de las medidas implementadas<\/span><\/strong><\/p>\n<ol>\n<li><span style=\"color: #339966;\"><strong>Anulaci\u00f3n de Nombramientos Recientes<\/strong>:<\/span> Se revocan los actos administrativos que resultaron en nombramientos en planta permanente de la administraci\u00f3n p\u00fablica en los seis meses previos.<\/li>\n<li><span style=\"color: #339966;\"><strong>Revisi\u00f3n de la Continuidad del Servicio<\/strong><\/span>: Se invalidan los nombramientos de aquellos agentes que, aunque designados en los \u00faltimos nueve meses, no cumplieron con un m\u00ednimo de seis meses de servicio efectivo y continuo.<\/li>\n<li><span style=\"color: #339966;\"><strong>Cese de Funciones<\/strong>:<\/span> Los empleados afectados por estas disposiciones cesar\u00e1n en sus cargos de forma inmediata.<\/li>\n<li><span style=\"color: #339966;\"><strong>Anulaci\u00f3n de extensiones de contrato: <\/strong><\/span>Se da de baja la extensi\u00f3n de contratos administrativos de servicio de colaboraci\u00f3n del a\u00f1o 2023, realizadas por el gobierno anterior.<\/li>\n<li><span style=\"color: #339966;\"><strong>Evaluaciones Puntuales<\/strong>:<\/span> Se constituye una Comisi\u00f3n Evaluadora, para casos puntuales que puedan cumplir con los requisitos de contrataci\u00f3n a fin de garantizar los derechos de los mismos.<\/li>\n<\/ol>\n<p>El Gobernador Dr. Marcelo Orrego reafirma el compromiso del Gobierno de San Juan con la austeridad, responsabilidad y eficiencia en la administraci\u00f3n p\u00fablica.<\/p>\n<p>&nbsp;<\/p>\n","protected":false},"excerpt":{"rendered":"<p>El Gobernador de San Juan, Dr- Marcelo Orrego ha tomado decisiones firmes para el cumplimiento estricto del art\u00edculo 46 de<\/p>\n","protected":false},"author":3,"featured_media":34375,"comment_status":"closed","ping_status":"closed","sticky":false,"template":"","format":"standard","meta":{"_acf_changed":false,"_seopress_robots_primary_cat":"none","_seopress_titles_title":"","_seopress_titles_desc":"","_seopress_robots_index":"","colormag_page_container_layout":"default_layout","colormag_page_sidebar_layout":"default_layout","footnotes":""},"categories":[2],"tags":[],"class_list":["post-66854","post","type-post","status-publish","format-standard","has-post-thumbnail","hentry","category-convocatorias"],"acf":[],"_links":{"self":[{"href":"https:\/\/vocesparalelas.com.ar\/sitio\/wp-json\/wp\/v2\/posts\/66854","targetHints":{"allow":["GET"]}}],"collection":[{"href":"https:\/\/vocesparalelas.com.ar\/sitio\/wp-json\/wp\/v2\/posts"}],"about":[{"href":"https:\/\/vocesparalelas.com.ar\/sitio\/wp-json\/wp\/v2\/types\/post"}],"author":[{"embeddable":true,"href":"https:\/\/vocesparalelas.com.ar\/sitio\/wp-json\/wp\/v2\/users\/3"}],"replies":[{"embeddable":true,"href":"https:\/\/vocesparalelas.com.ar\/sitio\/wp-json\/wp\/v2\/comments?post=66854"}],"version-history":[{"count":2,"href":"https:\/\/vocesparalelas.com.ar\/sitio\/wp-json\/wp\/v2\/posts\/66854\/revisions"}],"predecessor-version":[{"id":66866,"href":"https:\/\/vocesparalelas.com.ar\/sitio\/wp-json\/wp\/v2\/posts\/66854\/revisions\/66866"}],"wp:featuredmedia":[{"embeddable":true,"href":"https:\/\/vocesparalelas.com.ar\/sitio\/wp-json\/wp\/v2\/media\/34375"}],"wp:attachment":[{"href":"https:\/\/vocesparalelas.com.ar\/sitio\/wp-json\/wp\/v2\/media?parent=66854"}],"wp:term":[{"taxonomy":"category","embeddable":true,"href":"https:\/\/vocesparalelas.com.ar\/sitio\/wp-json\/wp\/v2\/categories?post=66854"},{"taxonomy":"post_tag","embeddable":true,"href":"https:\/\/vocesparalelas.com.ar\/sitio\/wp-json\/wp\/v2\/tags?post=66854"}],"curies":[{"name":"wp","href":"https:\/\/api.w.org\/{rel}","templated":true}]}}