{"id":66738,"date":"2023-12-08T22:25:17","date_gmt":"2023-12-09T01:25:17","guid":{"rendered":"https:\/\/vocesparalelas.com.ar\/sitio\/?p=66738"},"modified":"2023-12-09T02:13:40","modified_gmt":"2023-12-09T05:13:40","slug":"los-lideres-que-buscan-posicionar-en-sus-funciones-al-departamento-rivadavia-y-a-la-provincia-de-san-juan","status":"publish","type":"post","link":"https:\/\/vocesparalelas.com.ar\/sitio\/los-lideres-que-buscan-posicionar-en-sus-funciones-al-departamento-rivadavia-y-a-la-provincia-de-san-juan\/","title":{"rendered":"Los l\u00edderes que buscan posicionar en sus funciones al Departamento Rivadavia y a la provincia de San Juan"},"content":{"rendered":"<p>El Viernes, 8 de Diciembre de 2023, el Intendente de la Municipalidad de Rivadavia y Vicegobernador Electo de San Juan, Dr. Fabi\u00e1n Mart\u00edn junto al Intendente Electo de la Municipalidad de Rivadavia y Diputado por Rivadavia, Sergio Miodowsky ofrecieron una conferencia de prensa a los Periodistas San Juan, en el sala de reuniones de la intendencia municipal, del edificio central.<\/p>\n<p>La conferencia de prensa comenz\u00f3 con las palabras del Intendente Electo de la Municipalidad de Rivadavia, Sergio Miodowsky, quien describi\u00f3 lo que se viene para los vecinos del Departamento Rivadavia.<\/p>\n<p><iframe loading=\"lazy\" title=\"RIVADAVIA SERGIO MIODOWSKY\" width=\"800\" height=\"450\" src=\"https:\/\/www.youtube.com\/embed\/SuZQ5mNNTN0?feature=oembed\" frameborder=\"0\" allow=\"accelerometer; autoplay; clipboard-write; encrypted-media; gyroscope; picture-in-picture; web-share\" allowfullscreen><\/iframe><\/p>\n<p>Luego, el Intendente de la Municipalidad de Rivadavia y Vicegobernador Electo de San Juan, Dr. Fabi\u00e1n Mart\u00edn, realiz\u00f3 un an\u00e1lisis de su gesti\u00f3n muy emocionado por dejar un funci\u00f3n y asumir una funci\u00f3n desafiante.<\/p>\n<p>&nbsp;<\/p>\n<p><iframe loading=\"lazy\" title=\"RIVADAVIA DR. FABI\u00c1N MART\u00cdN\" width=\"800\" height=\"450\" src=\"https:\/\/www.youtube.com\/embed\/2QS7jBUDmLI?feature=oembed\" frameborder=\"0\" allow=\"accelerometer; autoplay; clipboard-write; encrypted-media; gyroscope; picture-in-picture; web-share\" allowfullscreen><\/iframe><\/p>\n<p>Es importante destacar que luego, se trasladaron al Parque de Rivadavia para realizar el traspaso de mando entre el Intendente de la Municipalidad de Rivadavia, Dr. Fabi\u00e1n Mart\u00edn al Intendente Electo de la Municipalidad de Rivadavia, Sergio Miodowsky.<\/p>\n<p>Adem\u00e1s, el Vicegobernador Electo de San Juan, Dr. Fabi\u00e1n Mart\u00edn y el Gobernador Electo de San Juan, Dr. Marcelo Orrego, recibe el atributo el Domingo, 10 de Diciembre de 2023 para una gesti\u00f3n de 4 a\u00f1os 2023 &#8211; 2o27.<\/p>\n<p>&nbsp;<\/p>\n<p>&nbsp;<\/p>\n<p>&nbsp;<\/p>\n","protected":false},"excerpt":{"rendered":"<p>El Viernes, 8 de Diciembre de 2023, el Intendente de la Municipalidad de Rivadavia y Vicegobernador Electo de San Juan,<\/p>\n","protected":false},"author":3,"featured_media":66741,"comment_status":"closed","ping_status":"closed","sticky":false,"template":"","format":"standard","meta":{"_acf_changed":false,"_seopress_robots_primary_cat":"none","_seopress_titles_title":"","_seopress_titles_desc":"","_seopress_robots_index":"","colormag_page_container_layout":"default_layout","colormag_page_sidebar_layout":"default_layout","footnotes":""},"categories":[1,7],"tags":[],"class_list":["post-66738","post","type-post","status-publish","format-standard","has-post-thumbnail","hentry","category-destacadas","category-videos"],"acf":[],"_links":{"self":[{"href":"https:\/\/vocesparalelas.com.ar\/sitio\/wp-json\/wp\/v2\/posts\/66738","targetHints":{"allow":["GET"]}}],"collection":[{"href":"https:\/\/vocesparalelas.com.ar\/sitio\/wp-json\/wp\/v2\/posts"}],"about":[{"href":"https:\/\/vocesparalelas.com.ar\/sitio\/wp-json\/wp\/v2\/types\/post"}],"author":[{"embeddable":true,"href":"https:\/\/vocesparalelas.com.ar\/sitio\/wp-json\/wp\/v2\/users\/3"}],"replies":[{"embeddable":true,"href":"https:\/\/vocesparalelas.com.ar\/sitio\/wp-json\/wp\/v2\/comments?post=66738"}],"version-history":[{"count":2,"href":"https:\/\/vocesparalelas.com.ar\/sitio\/wp-json\/wp\/v2\/posts\/66738\/revisions"}],"predecessor-version":[{"id":66752,"href":"https:\/\/vocesparalelas.com.ar\/sitio\/wp-json\/wp\/v2\/posts\/66738\/revisions\/66752"}],"wp:featuredmedia":[{"embeddable":true,"href":"https:\/\/vocesparalelas.com.ar\/sitio\/wp-json\/wp\/v2\/media\/66741"}],"wp:attachment":[{"href":"https:\/\/vocesparalelas.com.ar\/sitio\/wp-json\/wp\/v2\/media?parent=66738"}],"wp:term":[{"taxonomy":"category","embeddable":true,"href":"https:\/\/vocesparalelas.com.ar\/sitio\/wp-json\/wp\/v2\/categories?post=66738"},{"taxonomy":"post_tag","embeddable":true,"href":"https:\/\/vocesparalelas.com.ar\/sitio\/wp-json\/wp\/v2\/tags?post=66738"}],"curies":[{"name":"wp","href":"https:\/\/api.w.org\/{rel}","templated":true}]}}