{"id":66731,"date":"2023-12-08T22:23:57","date_gmt":"2023-12-09T01:23:57","guid":{"rendered":"https:\/\/vocesparalelas.com.ar\/sitio\/?p=66731"},"modified":"2023-12-08T22:23:57","modified_gmt":"2023-12-09T01:23:57","slug":"analisis-de-la-gestion-del-gobierno-de-san-juan-en-mineria","status":"publish","type":"post","link":"https:\/\/vocesparalelas.com.ar\/sitio\/analisis-de-la-gestion-del-gobierno-de-san-juan-en-mineria\/","title":{"rendered":"An\u00e1lisis de la Gesti\u00f3n del Gobierno de San Juan en Miner\u00eda"},"content":{"rendered":"<p>El Ministro de Miner\u00eda del Gobierno de San Juan, Ing. Carlos Astudillo, present\u00f3 a la prensa de San Juan un an\u00e1lisis de su gesti\u00f3n frente a la cartera.<\/p>\n<p><iframe loading=\"lazy\" title=\"MINERIA SAN JUAN ING CARLOS ASTUDILLO\" width=\"800\" height=\"450\" src=\"https:\/\/www.youtube.com\/embed\/HkYOgKy5HUs?feature=oembed\" frameborder=\"0\" allow=\"accelerometer; autoplay; clipboard-write; encrypted-media; gyroscope; picture-in-picture; web-share\" allowfullscreen><\/iframe><\/p>\n<p>&nbsp;<\/p>\n<p><img loading=\"lazy\" decoding=\"async\" class=\"alignnone size-full wp-image-27844\" src=\"https:\/\/vocesparalelas.com.ar\/sitio\/wp-content\/uploads\/2020\/04\/BARRICK-NOCHE.jpg\" alt=\"\" width=\"800\" height=\"400\" srcset=\"https:\/\/vocesparalelas.com.ar\/sitio\/wp-content\/uploads\/2020\/04\/BARRICK-NOCHE.jpg 800w, https:\/\/vocesparalelas.com.ar\/sitio\/wp-content\/uploads\/2020\/04\/BARRICK-NOCHE-300x150.jpg 300w, https:\/\/vocesparalelas.com.ar\/sitio\/wp-content\/uploads\/2020\/04\/BARRICK-NOCHE-768x384.jpg 768w\" sizes=\"auto, (max-width: 800px) 100vw, 800px\" \/><\/p>\n","protected":false},"excerpt":{"rendered":"<p>El Ministro de Miner\u00eda del Gobierno de San Juan, Ing. Carlos Astudillo, present\u00f3 a la prensa de San Juan un<\/p>\n","protected":false},"author":3,"featured_media":66676,"comment_status":"closed","ping_status":"closed","sticky":false,"template":"","format":"standard","meta":{"_acf_changed":false,"_seopress_robots_primary_cat":"none","_seopress_titles_title":"","_seopress_titles_desc":"","_seopress_robots_index":"","colormag_page_container_layout":"default_layout","colormag_page_sidebar_layout":"default_layout","footnotes":""},"categories":[1,7],"tags":[],"class_list":["post-66731","post","type-post","status-publish","format-standard","has-post-thumbnail","hentry","category-destacadas","category-videos"],"acf":[],"_links":{"self":[{"href":"https:\/\/vocesparalelas.com.ar\/sitio\/wp-json\/wp\/v2\/posts\/66731","targetHints":{"allow":["GET"]}}],"collection":[{"href":"https:\/\/vocesparalelas.com.ar\/sitio\/wp-json\/wp\/v2\/posts"}],"about":[{"href":"https:\/\/vocesparalelas.com.ar\/sitio\/wp-json\/wp\/v2\/types\/post"}],"author":[{"embeddable":true,"href":"https:\/\/vocesparalelas.com.ar\/sitio\/wp-json\/wp\/v2\/users\/3"}],"replies":[{"embeddable":true,"href":"https:\/\/vocesparalelas.com.ar\/sitio\/wp-json\/wp\/v2\/comments?post=66731"}],"version-history":[{"count":1,"href":"https:\/\/vocesparalelas.com.ar\/sitio\/wp-json\/wp\/v2\/posts\/66731\/revisions"}],"predecessor-version":[{"id":66734,"href":"https:\/\/vocesparalelas.com.ar\/sitio\/wp-json\/wp\/v2\/posts\/66731\/revisions\/66734"}],"wp:featuredmedia":[{"embeddable":true,"href":"https:\/\/vocesparalelas.com.ar\/sitio\/wp-json\/wp\/v2\/media\/66676"}],"wp:attachment":[{"href":"https:\/\/vocesparalelas.com.ar\/sitio\/wp-json\/wp\/v2\/media?parent=66731"}],"wp:term":[{"taxonomy":"category","embeddable":true,"href":"https:\/\/vocesparalelas.com.ar\/sitio\/wp-json\/wp\/v2\/categories?post=66731"},{"taxonomy":"post_tag","embeddable":true,"href":"https:\/\/vocesparalelas.com.ar\/sitio\/wp-json\/wp\/v2\/tags?post=66731"}],"curies":[{"name":"wp","href":"https:\/\/api.w.org\/{rel}","templated":true}]}}