{"id":66643,"date":"2023-12-06T20:22:11","date_gmt":"2023-12-06T23:22:11","guid":{"rendered":"https:\/\/vocesparalelas.com.ar\/sitio\/?p=66643"},"modified":"2023-12-06T22:22:22","modified_gmt":"2023-12-07T01:22:22","slug":"asumio-el-juez-de-faltas-de-primera-nominacion-de-san-juan-dr-marcelo-pablo-esposito","status":"publish","type":"post","link":"https:\/\/vocesparalelas.com.ar\/sitio\/asumio-el-juez-de-faltas-de-primera-nominacion-de-san-juan-dr-marcelo-pablo-esposito\/","title":{"rendered":"Asumi\u00f3 el Juez de Faltas de Primera Nominaci\u00f3n de San Juan, Dr. Marcelo Pablo Esp\u00f3sito"},"content":{"rendered":"<p>El vicegobernador de la Provincia en ejercicio del Poder Ejecutivo, CPN Roberto Gattoni, tom\u00f3 juramento al Dr. Marcelo Pablo Esp\u00f3sito, quien cumpli\u00f3 funciones como subsecretario general de la Gobernaci\u00f3n durante la gesti\u00f3n del gobernador Dr. Sergio U\u00f1ac y ahora se, desempe\u00f1a como Juez de Faltas de Primera Nominaci\u00f3n.<\/p>\n<p>\u201cHe sido designado con esta gran responsabilidad. El vicegobernador me transmiti\u00f3 sus felicitaciones y estuvimos dialogando sobre la tarea que ahora me toca llevar adelante\u201d, expres\u00f3 el funcionario.<\/p>\n<p>Seguidamente, el flamante juez agreg\u00f3 que tomar\u00e1 contacto con el personal para dialogar y tomar conocimiento sobre detalles del trabajo en el juzgado y dar una impronta para que las tareas contin\u00faen realiz\u00e1ndose de la mejor manera, en pos de que esa responsabilidad llegue a buen puerto\u201d.<\/p>\n<p>Para cerrar, el letrado manifest\u00f3 que \u201cde lo mejor de mi pasada gesti\u00f3n me llevo los contactos de las personas que colaboraron conmigo para que en estos ocho a\u00f1os hici\u00e9ramos el mejor trabajo administrativo, apuntando a que la sociedad sanjuanina se beneficiara con el servicio brindado por el gobierno local. Quedaron algunas cosas en el tintero, pero se resolver\u00e1n durante el gobierno entrante. Dimos lo mejor\u201d, concluy\u00f3 Esp\u00f3sito.<\/p>\n","protected":false},"excerpt":{"rendered":"<p>El vicegobernador de la Provincia en ejercicio del Poder Ejecutivo, CPN Roberto Gattoni, tom\u00f3 juramento al Dr. Marcelo Pablo Esp\u00f3sito,<\/p>\n","protected":false},"author":3,"featured_media":66647,"comment_status":"closed","ping_status":"closed","sticky":false,"template":"","format":"standard","meta":{"_acf_changed":false,"_seopress_robots_primary_cat":"none","_seopress_titles_title":"","_seopress_titles_desc":"","_seopress_robots_index":"","colormag_page_container_layout":"default_layout","colormag_page_sidebar_layout":"default_layout","footnotes":""},"categories":[1],"tags":[],"class_list":["post-66643","post","type-post","status-publish","format-standard","has-post-thumbnail","hentry","category-destacadas"],"acf":[],"_links":{"self":[{"href":"https:\/\/vocesparalelas.com.ar\/sitio\/wp-json\/wp\/v2\/posts\/66643","targetHints":{"allow":["GET"]}}],"collection":[{"href":"https:\/\/vocesparalelas.com.ar\/sitio\/wp-json\/wp\/v2\/posts"}],"about":[{"href":"https:\/\/vocesparalelas.com.ar\/sitio\/wp-json\/wp\/v2\/types\/post"}],"author":[{"embeddable":true,"href":"https:\/\/vocesparalelas.com.ar\/sitio\/wp-json\/wp\/v2\/users\/3"}],"replies":[{"embeddable":true,"href":"https:\/\/vocesparalelas.com.ar\/sitio\/wp-json\/wp\/v2\/comments?post=66643"}],"version-history":[{"count":1,"href":"https:\/\/vocesparalelas.com.ar\/sitio\/wp-json\/wp\/v2\/posts\/66643\/revisions"}],"predecessor-version":[{"id":66648,"href":"https:\/\/vocesparalelas.com.ar\/sitio\/wp-json\/wp\/v2\/posts\/66643\/revisions\/66648"}],"wp:featuredmedia":[{"embeddable":true,"href":"https:\/\/vocesparalelas.com.ar\/sitio\/wp-json\/wp\/v2\/media\/66647"}],"wp:attachment":[{"href":"https:\/\/vocesparalelas.com.ar\/sitio\/wp-json\/wp\/v2\/media?parent=66643"}],"wp:term":[{"taxonomy":"category","embeddable":true,"href":"https:\/\/vocesparalelas.com.ar\/sitio\/wp-json\/wp\/v2\/categories?post=66643"},{"taxonomy":"post_tag","embeddable":true,"href":"https:\/\/vocesparalelas.com.ar\/sitio\/wp-json\/wp\/v2\/tags?post=66643"}],"curies":[{"name":"wp","href":"https:\/\/api.w.org\/{rel}","templated":true}]}}