{"id":66638,"date":"2023-12-06T20:14:05","date_gmt":"2023-12-06T23:14:05","guid":{"rendered":"https:\/\/vocesparalelas.com.ar\/sitio\/?p=66638"},"modified":"2023-12-06T22:22:51","modified_gmt":"2023-12-07T01:22:51","slug":"asumio-el-jefe-del-rim-22-san-juan-teniente-coronel-ruben-gaston-patera","status":"publish","type":"post","link":"https:\/\/vocesparalelas.com.ar\/sitio\/asumio-el-jefe-del-rim-22-san-juan-teniente-coronel-ruben-gaston-patera\/","title":{"rendered":"Asumi\u00f3 el Jefe del RIM 22 San Juan, Teniente Coronel Rub\u00e9n Gast\u00f3n Patera"},"content":{"rendered":"<p>El Mi\u00e9rcoles, 06 de Diciembre de 2023, en la plaza de armas de la unidad Militar, se realiz\u00f3 la asunci\u00f3n del nuevo jefe del Regimiento de Infanter\u00eda de Monta\u00f1a 22, Teniente Coronel Rub\u00e9n Gast\u00f3n Patera.<\/p>\n<p>Estuvieron presentes en el acto el vicegobernador, CPN Roberto Gattoni; el secretario de Seguridad, Dr. Carlos Munisaga; el jefe de la Segunda Agrupaci\u00f3n de Gendarmer\u00eda, comandante mayor Ariel Adri\u00e1n Camera; el segundo jefe de la Agrupaci\u00f3n de Gendarmer\u00eda, comandante principal Gustavo Alfredo Espinosa; el jefe de la Agencia Regional Cuyo de la Polic\u00eda Federal, comisario mayor Silvio Carrizo; el jefe del Departamento Investigaciones Federales San Juan, comisario inspector Fabricio Luis Britos; el jefe de la Unidad Operativa Federal San Juan de la Polic\u00eda Federal Argentina, subcomisario Luis Agust\u00edn Cho; el subjefe de la unidad operativa Federal San Juan de la Polic\u00eda Federal Argentina, Lucas Ariel Bobadilla; el jefe de la Polic\u00eda de San Juan, comisario general retirado Luis Mart\u00ednez; el director del Servicio Penitenciario, Ariel Fern\u00e1ndez; el subdirector del Servicio Penitenciario, Dr. Dar\u00edo Javier Cuevas; el presidente de la Asociaci\u00f3n Cultural Sanmartiniana, Dr. Eduardo Licciardi; el presidente del Concejo Deliberante de Rivadavia, a cargo de la intendencia, Dr. Juan Cruz C\u00f3rdoba; invitados especiales; familiares.<\/p>\n<p>La ceremonia comenz\u00f3 con la entonaci\u00f3n del Himno Nacional Argentino y la presentaci\u00f3n por parte del jefe saliente del Regimiento de Monta\u00f1a 22, coronel Mart\u00edn Guillermo Mendoza, de los efectivos formados al comandante de la Octava Brigada de Monta\u00f1a y al vicegobernador en ejercicio del Ejecutivo, CPN Roberto Gattoni.<\/p>\n<p>Asimismo se realiz\u00f3 la entrega del mando de la unidad con la lectura del decreto que pone en funciones al nuevo jefe del RIM 22, Teniente Coronel Rub\u00e9n Gast\u00f3n Patera. Posteriormente se realiz\u00f3 la toma de juramento de fidelidad y respeto a la Constituci\u00f3n.<\/p>\n<p>El vicegobernador CPN Roberto Gattoni hizo entrega de una placa recordatoria al jefe saliente, Martin Guillermo Mendoza, quien se\u00f1al\u00f3 que \u00abhace dos a\u00f1os, exactamente en esta fecha, al otro d\u00eda de haberme hecho cargo, tuve una de las m\u00e1s grandes satisfacciones de la vida militar cuando volv\u00ed a este querido regimiento que me introdujo en las actividades de la monta\u00f1a ya como oficial jefe. Hoy en la ma\u00f1ana le contaba a los cuadros y soldados y sent\u00ed la verdadera camarader\u00eda del soldado en el saludo\u00bb.<\/p>\n<p>\u201cHoy voy a agradecer la confianza, el apoyo permanente, la predisposici\u00f3n completa y la libertad de acci\u00f3n que me han dado para conducir la unidad siendo este uno de mis principales logros de la carrera militar\u201d, agreg\u00f3.<\/p>\n<p>Tambi\u00e9n agradeci\u00f3 al gobierno por \u201cla consideraci\u00f3n al Regimiento de Monta\u00f1a 22, por hacernos part\u00edcipes de la vida provincial en diversas actividades de protocolo, de ceremonial, de protecci\u00f3n civil y otras que nos hacen acercarnos cada vez m\u00e1s y entender porqu\u00e9 este regimiento y la comunidad sanjuanina se encuentran tan unidos\u201d.<\/p>\n<p>En otro p\u00e1rrafo de su discurso record\u00f3 muy especialmente \u201cal soldado voluntario de primera Vega del Canto y al cabo Javier Bustos, ambos fallecidos en accidentes de tr\u00e1nsito. Un abrazo a sus familias\u201d.<\/p>\n<p>Por \u00faltimo dijo que \u201cme llevo en el coraz\u00f3n luego de estos dos a\u00f1os las cosas sencillas de la vida del soldado, la imagen del m\u00e1stil que vemos en las ma\u00f1anas, las noches fr\u00edas en campa\u00f1a, la camarader\u00eda sin jerarqu\u00edas, los animales del cuartel, las juras nuestras, la generosidad de los baqueanos, el esp\u00edritu y la alegr\u00eda de los j\u00f3venes de nuestra amada Infanter\u00eda\u201d.<\/p>\n<p>El acto finaliz\u00f3 con el desarrollo del tradicional desfile militar.<\/p>\n<p><iframe loading=\"lazy\" title=\"Asumi\u00f3 el nuevo jefe del RIM 22 Teniente Coronel Rub\u00e9n Gast\u00f3n Patera\" width=\"800\" height=\"450\" src=\"https:\/\/www.youtube.com\/embed\/hxMOWXpqQwU?feature=oembed\" frameborder=\"0\" allow=\"accelerometer; autoplay; clipboard-write; encrypted-media; gyroscope; picture-in-picture; web-share\" allowfullscreen><\/iframe><\/p>\n","protected":false},"excerpt":{"rendered":"<p>El Mi\u00e9rcoles, 06 de Diciembre de 2023, en la plaza de armas de la unidad Militar, se realiz\u00f3 la asunci\u00f3n<\/p>\n","protected":false},"author":3,"featured_media":66641,"comment_status":"closed","ping_status":"closed","sticky":false,"template":"","format":"standard","meta":{"_acf_changed":false,"_seopress_robots_primary_cat":"none","_seopress_titles_title":"","_seopress_titles_desc":"","_seopress_robots_index":"","colormag_page_container_layout":"default_layout","colormag_page_sidebar_layout":"default_layout","footnotes":""},"categories":[1,7],"tags":[],"class_list":["post-66638","post","type-post","status-publish","format-standard","has-post-thumbnail","hentry","category-destacadas","category-videos"],"acf":[],"_links":{"self":[{"href":"https:\/\/vocesparalelas.com.ar\/sitio\/wp-json\/wp\/v2\/posts\/66638","targetHints":{"allow":["GET"]}}],"collection":[{"href":"https:\/\/vocesparalelas.com.ar\/sitio\/wp-json\/wp\/v2\/posts"}],"about":[{"href":"https:\/\/vocesparalelas.com.ar\/sitio\/wp-json\/wp\/v2\/types\/post"}],"author":[{"embeddable":true,"href":"https:\/\/vocesparalelas.com.ar\/sitio\/wp-json\/wp\/v2\/users\/3"}],"replies":[{"embeddable":true,"href":"https:\/\/vocesparalelas.com.ar\/sitio\/wp-json\/wp\/v2\/comments?post=66638"}],"version-history":[{"count":1,"href":"https:\/\/vocesparalelas.com.ar\/sitio\/wp-json\/wp\/v2\/posts\/66638\/revisions"}],"predecessor-version":[{"id":66642,"href":"https:\/\/vocesparalelas.com.ar\/sitio\/wp-json\/wp\/v2\/posts\/66638\/revisions\/66642"}],"wp:featuredmedia":[{"embeddable":true,"href":"https:\/\/vocesparalelas.com.ar\/sitio\/wp-json\/wp\/v2\/media\/66641"}],"wp:attachment":[{"href":"https:\/\/vocesparalelas.com.ar\/sitio\/wp-json\/wp\/v2\/media?parent=66638"}],"wp:term":[{"taxonomy":"category","embeddable":true,"href":"https:\/\/vocesparalelas.com.ar\/sitio\/wp-json\/wp\/v2\/categories?post=66638"},{"taxonomy":"post_tag","embeddable":true,"href":"https:\/\/vocesparalelas.com.ar\/sitio\/wp-json\/wp\/v2\/tags?post=66638"}],"curies":[{"name":"wp","href":"https:\/\/api.w.org\/{rel}","templated":true}]}}