{"id":66632,"date":"2023-12-06T17:51:20","date_gmt":"2023-12-06T20:51:20","guid":{"rendered":"https:\/\/vocesparalelas.com.ar\/sitio\/?p=66632"},"modified":"2023-12-08T22:17:15","modified_gmt":"2023-12-09T01:17:15","slug":"acto-de-asuncion-de-los-intendentes-y-concejales-de-las-municipalidades-de-san-juan","status":"publish","type":"post","link":"https:\/\/vocesparalelas.com.ar\/sitio\/acto-de-asuncion-de-los-intendentes-y-concejales-de-las-municipalidades-de-san-juan\/","title":{"rendered":"Acto de asunci\u00f3n de los Intendentes y concejales de las Municipalidades de San Juan"},"content":{"rendered":"<p>Voces Paralelas publica el momento de asunci\u00f3n de los Intendentes de las Municipalidades de San Juan.<\/p>\n<p><img loading=\"lazy\" decoding=\"async\" class=\"alignnone size-large wp-image-26336\" src=\"https:\/\/vocesparalelas.com.ar\/sitio\/wp-content\/uploads\/2020\/01\/CAPITAL-BANDERA-ARGENTINA-03-800x640.jpg\" alt=\"\" width=\"800\" height=\"640\" srcset=\"https:\/\/vocesparalelas.com.ar\/sitio\/wp-content\/uploads\/2020\/01\/CAPITAL-BANDERA-ARGENTINA-03.jpg 800w, https:\/\/vocesparalelas.com.ar\/sitio\/wp-content\/uploads\/2020\/01\/CAPITAL-BANDERA-ARGENTINA-03-300x240.jpg 300w, https:\/\/vocesparalelas.com.ar\/sitio\/wp-content\/uploads\/2020\/01\/CAPITAL-BANDERA-ARGENTINA-03-768x614.jpg 768w\" sizes=\"auto, (max-width: 800px) 100vw, 800px\" \/><\/p>\n<hr \/>\n<p>Viernes, 08 de Diciembre, a las 20 hs.; en el Parque de Rivadavia, se realiza el acto de Jura y Asunci\u00f3n del Intendente de la Municipalidad de Rivadavia, Sergio David Miodowsky, concejales y las nuevas autoridades municipales.<\/p>\n<p><span style=\"color: #800080;\"><strong>Departamento Rivadavia<\/strong><\/span><\/p>\n<ul>\n<li><span style=\"color: #800080;\"><strong>Intendente de la Municipalidad de Rivadavia:<\/strong> <\/span>Sergio David Miodowsky<\/li>\n<li><span style=\"color: #800080;\"><strong>Concejales:<\/strong> <\/span>Pedro Federico R\u00edos Ya\u00f1ez; Romina Julia Albarrac\u00edn Guti\u00e9rrez; Marcelo Barros; Sergio Fernando Carrion Ferreyra; Carolina In\u00e9s Correa Corts; Herman Maximiliano Cuk Perisotto; Leonardo Martin Videla Belascoain; Cristian Ricardo Morales; Beatriz M\u00f3nica Castro; Mariela Mingorance<\/li>\n<\/ul>\n<hr \/>\n<p style=\"line-height: 16.5pt; margin: 0cm 0cm 11.25pt 0cm;\"><span style=\"font-family: 'Arial',sans-serif; color: #333333;\">El Viernes, 8 de Diciembre, horario y lugar por confirmar, asume el Intendente de Angaco, Jos\u00e9 Castro, <\/span><span style=\"font-family: 'Arial',sans-serif; color: #333333;\">concejales y las nuevas autoridades municipales.<\/span><\/p>\n<p><span style=\"color: #800080;\"><strong>Departamento Angaco<\/strong><\/span><\/p>\n<ul>\n<li><span style=\"color: #800080;\"><strong>Intendente de la Municipalidad de Angaco:<\/strong><\/span>\u00a0Jos\u00e9 Castro Galdeano<\/li>\n<li><strong><span style=\"color: #800080;\">Concejales:<\/span>\u00a0<\/strong>Alberto Enrique De Los R\u00edos Barboza; Luis Alejandro Paredes; Roberto Carlos L\u00f3pez; Gloria Elizabeth Herrera Elizondo; Andr\u00e9s Mariano Olivera<\/li>\n<\/ul>\n<hr \/>\n<p>El S\u00e1bado, 9 de Diciembre, a las 20 hs.; en el Cine Teatro Municipal, se realiza el acto de Jura y Asunci\u00f3n de la intendenta Electa de la Municipalidad de la Ciudad de San Juan, Dra. Susana Laciar, concejales y las nuevas autoridades municipales.<\/p>\n<p><span style=\"color: #800080;\"><strong>Departamento Capital<\/strong><\/span><\/p>\n<ul>\n<li><span style=\"color: #800080;\"><strong>Intendente de la Municipalidad Capital:<\/strong><\/span>\u00a0Susana Alicia Laciar<\/li>\n<li><span style=\"color: #800080;\"><strong>Concejales:<\/strong><\/span>\u00a0Elio Rub\u00e9n Martos Vargas; Horacio Esteban Lucero; Pablo Andr\u00e9s Us\u00edn; Dante Javier Garc\u00eda; M\u00f3nica Lorena Lobos; Eliana Antonia Lujan Camacho; Beatriz Encarnaci\u00f3n Mu\u00f1oz; Alberto Elio D\u00e1vila; Ariel Eduardo Palma P\u00e9rez; Mirtha Estela R\u00edos; Alejandra Esperanza Gonzales; Mariano Dom\u00ednguez Ginestar<\/li>\n<\/ul>\n<hr \/>\n<p style=\"line-height: 16.5pt; margin: 0cm 0cm 11.25pt 0cm;\"><span style=\"font-family: 'Arial',sans-serif; color: #333333;\">El S\u00e1bado, 9 de Diciembre, a las 21 hs.; en el Complejo Cultural Teatro Albard\u00f3n, asume el Intendente de la Municipalidad de Albard\u00f3n, Juan Carlos Abarca, concejales y las nuevas autoridades municipales.<\/span><\/p>\n<p><span style=\"color: #800080;\"><strong>Departamento Albard\u00f3n<\/strong><\/span><\/p>\n<ul>\n<li><span style=\"color: #800080;\"><strong>Intendente de la Municipalidad de Albard\u00f3n:<\/strong><\/span>\u00a0Juan Carlos Abarca<\/li>\n<li><span style=\"color: #800080;\"><strong>Concejales:<\/strong>\u00a0<\/span>Cristian Jon Yunes Navas; Silvina Raquel Tejada; Ram\u00f3n Abel Quiroga; Natacha Daniela Cereceda; Eugenia Natalia Pereyra Suarez; Jorge Luis Colomer<\/li>\n<\/ul>\n<hr \/>\n<p style=\"line-height: 16.5pt; margin: 0cm 0cm 11.25pt 0cm;\"><span style=\"font-family: 'Arial',sans-serif; color: #333333;\">El S\u00e1bado, 9 de Diciembre, a las 21 hs.; en la Plaza Departamental asume el Intendente de la Municipalidad de Sarmiento, Alfredo Castro, concejales y las nuevas autoridades municipales..<\/span><\/p>\n<p><span style=\"color: #800080;\"><strong>Departamento Sarmiento<\/strong><\/span><\/p>\n<ul>\n<li><strong><span style=\"color: #800080;\">Intendente de la Municipalidad de Sarmiento:<\/span>\u00a0<\/strong>Alfredo Mario Castro L\u00f3pez<\/li>\n<li><span style=\"color: #800080;\"><strong>Concejales:<\/strong>\u00a0<\/span>Jos\u00e9 Luis Fern\u00e1ndez; Mauricio Helenio Cendon; Valeria Roxana Lourdes Rios; Marcela Beatriz Gonzalez; Lucas Alberto Gomez; Diego Alberto Cortez Pereyra<\/li>\n<\/ul>\n<hr \/>\n<p><span style=\"font-family: 'Arial',sans-serif; color: #333333;\">El S\u00e1bado, 9 de Diciembre, a las 21:30 hs.; asume el Intendente de la Municipalidad de 25 de Mayo, Rodolfo Jalife, concejales y las nuevas autoridades municipales..<\/span><\/p>\n<p><span style=\"color: #800080;\"><strong>Departamento 25 de Mayo<\/strong><\/span><\/p>\n<ul>\n<li><strong><span style=\"color: #800080;\">Intendente de la Municipalidad de 25 de Mayo:<\/span>\u00a0<\/strong>Rodolfo Alejandro Jalife Candino<\/li>\n<li><span style=\"color: #800080;\"><strong>Concejales:\u00a0<\/strong><\/span>Juan Domingo Mercado; Sandra Rosa Quiroga Caballero; Maria Daniela Berenguer Miguel; Javier Alfredo Villegas; Alberto Tomas Plaza Leyes; Wilson Gabriel Jesus Alcaras Bustos<\/li>\n<\/ul>\n<hr \/>\n<p>El S\u00e1bado, 9 de Diciembre, a las 20:00 hs:, en la Plaza Centenario de Villa Krause asume el Intendente de la Municipalidad de Rawson, Dr. Carlos Munisaga, concejales y las nuevas autoridades municipales.<\/p>\n<p><span style=\"color: #800080;\"><strong>Departamento Rawson<\/strong><\/span><\/p>\n<ul>\n<li><span style=\"color: #800080;\"><strong>Intendente de la Municipal de Rawson:<\/strong><\/span>\u00a0Carlos Ariel Munisaga Almenzar<\/li>\n<li><span style=\"color: #800080;\"><strong>Concejales:<\/strong><\/span>\u00a0Ignacio Ariel Coronado Saez; Elio Ramon Frack; Pedro Ernesto Calvo Ranea; Vanina Maria Andino Gilabert; Adriana Juana D\u00edaz; Ceferino Antonio Ruiz; Rosa Gabriela Sosa; Daniel Eduardo Poblete; Modesto Antonio Fern\u00e1ndez; Ram\u00f3n Luciano De La Presilla Araya; Azucena Romelia R\u00edos; Cesar Gustavo Sosa<\/li>\n<\/ul>\n<hr \/>\n<p style=\"line-height: 16.5pt; margin: 0cm 0cm 11.25pt 0cm;\"><span style=\"font-family: 'Arial',sans-serif; color: #333333;\">El S\u00e1bado, 9 de Diciembre, a las 20 horas.\u00a0 asume el Intendente de la Municipalidad de Caucete, Lic. Romina Rosas, <\/span><span style=\"font-family: 'Arial',sans-serif; color: #333333;\">concejales y las nuevas autoridades municipales..<\/span><\/p>\n<p><span style=\"color: #800080;\"><strong>Departamento Caucete<\/strong><\/span><\/p>\n<ul>\n<li><span style=\"color: #800080;\"><strong>Intendente de la Municipalidad de Caucete:<\/strong><\/span>\u00a0Rosas, Romina Gabriela<\/li>\n<li><span style=\"color: #800080;\"><strong>Concejales:<\/strong>\u00a0<\/span>Jos\u00e9 Luis Gim\u00e9nez; Franco Emanuel Buffagni; Erik Emanuel Castro; Rosa Marina Poblete; Adriana Elizabeth Ginestar; Farran Ramiro Fern\u00e1ndez; Luis Emilio Roca P\u00e9rez<\/li>\n<\/ul>\n<hr \/>\n<p>El S\u00e1bado, <span style=\"font-family: 'Arial',sans-serif; color: #333333;\">9 de Diciembre, a las 20:30 hs.; en la Plaza Independencia, asume el Intendente de 9 de Julio, Daniel Banega, <\/span><span style=\"font-family: 'Arial',sans-serif; color: #333333;\">concejales y las nuevas autoridades municipales.<\/span><\/p>\n<p><span style=\"color: #800080;\"><strong>Departamento 9 de Julio<\/strong><\/span><\/p>\n<ul>\n<li><span style=\"color: #800080;\"><strong>Intendente de la Municipalidad de 9 de Julio:<\/strong>\u00a0<\/span>Eduardo Daniel Banega Allende,<\/li>\n<li><span style=\"color: #800080;\"><strong>Concejales:\u00a0<\/strong><\/span>Franco Jair Barrionuevo; Olga Elizabeth S\u00e1nchez; G\u00e9nesis Bel\u00e9n Lencina G\u00f3mez; Julieta Salome Bustos Matamora; V\u00edctor Daniel Baz\u00e1n<\/li>\n<\/ul>\n<hr \/>\n<p style=\"line-height: 16.5pt; margin: 0cm 0cm 11.25pt 0cm;\"><span style=\"font-family: 'Arial',sans-serif; color: #333333;\">El S\u00e1bado, 9 de Diciembre, a las 10 horas, en el Polideportivo Municipal asume el Intendente de Iglesia, Dr. Jorge Espejo, concejales y las nuevas autoridades municipales.<\/span><\/p>\n<p><span style=\"color: #800080;\"><strong>Departamento\u00a0Iglesia<\/strong><\/span><\/p>\n<ul>\n<li><span style=\"color: #800080;\"><strong>Intendente de la Municipalidad de Iglesia:<\/strong><\/span>\u00a0Jorge Leopoldo Espejo<\/li>\n<li><strong><span style=\"color: #800080;\">Concejales:<\/span>\u00a0<\/strong>Enrique David Mu\u00f1oz; Roberto Pinto; Claudia Andrea Cabral; Pablo Miguel Esquibel; Marcelo Fabio Agudo<\/li>\n<\/ul>\n<hr \/>\n<p>El Domino, 10 de Diciembre, a las 09:30 hs.; en el Camping Municipal de Ullum, Vidart a metros de Valent\u00edn Ru\u00edz, asume el Intendente de la Municipalidad de Ullum, David Dominguez, concejales y las nuevas autoridades municipales.<\/p>\n<p><span style=\"color: #800080;\"><strong>Departamento Ullum<\/strong><\/span><\/p>\n<ul>\n<li><span style=\"color: #800080;\"><strong>Intendente de la Municipalidad de Ullum:<\/strong><\/span>\u00a0Hugo David Dominguez Monta\u00f1a<\/li>\n<li><span style=\"color: #800080;\"><strong>Concejales:\u00a0<\/strong><\/span>Daniel Esteban Riveros; Jos\u00e9 Eduardo Trigo; Vanesa Griselda Cortez; Ver\u00f3nica In\u00e9s Trigo; Romina Guadalupe Solera<\/li>\n<\/ul>\n<hr \/>\n<p style=\"line-height: 16.5pt; margin: 0cm 0cm 11.25pt 0cm;\"><span style=\"font-family: 'Arial',sans-serif; color: #333333;\">El D<\/span><span style=\"font-family: 'Arial',sans-serif; color: #333333;\">omingo, 10 de Diciembre, a las 09 hs.; en el Sal\u00f3n Cultural Tambar\u00edas, asume el Intendente de Calingasta, Dr. Sebasti\u00e1n Carbajal, <\/span><span style=\"font-family: 'Arial',sans-serif; color: #333333;\">concejales y las nuevas autoridades municipales.<\/span><\/p>\n<p><span style=\"color: #800080;\"><strong>Departamento Calingasta<\/strong><\/span><\/p>\n<ul>\n<li><strong><span style=\"color: #800080;\">Intendente de la Municipalidad de Calingasta:<\/span>\u00a0<\/strong>Sebastian Alberto Carbajal<\/li>\n<li><span style=\"color: #800080;\"><strong>Concejales:<\/strong>\u00a0<\/span>Gloria Patricia Castillo; Juan Sebasti\u00e1n Ramos; Heber Leonel Tapia P\u00e9rez; Santos Domingo Zarate; Nora Beatriz Olivares<\/li>\n<\/ul>\n<hr \/>\n<p>El Lunes, 11 de Diciembre, a las 18:30 hs.; en el Sal\u00f3n Palmares , Centenario 837 &#8211; O &#8211; Chimbas, asume el Intendente de la Municipalidad de Chimbas, Daniela Ver\u00f3nica Corzo Rodr\u00edguez, concejales y las nuevas autoridades municipales.<\/p>\n<p><span style=\"color: #800080;\"><strong>Departamento Chimbas<\/strong><\/span><\/p>\n<ul>\n<li><strong><span style=\"color: #666699;\"><span style=\"color: #800080;\">Intendente de la Municipalidad de Chimbas<\/span>:<\/span><\/strong> Daniela Ver\u00f3nica Corzo Rodr\u00edguez<\/li>\n<li><strong><span style=\"color: #666699;\"><span style=\"color: #800080;\">Concejales:<\/span> <\/span><\/strong>Ivana Natalia Cortez; Julio Cesar Godoy; Noelia Daiana Tortarolo Cozza; Eduardo Esteban Rodr\u00edguez; Isidro Ariel Rivero; Amilcar Luciano Osvaldo Cano; Eduardo Daniel Nu\u00f1ez; Mar\u00eda Antonia Arredondo; Augusto Bernab\u00e9 Neira; Griselda Lorena Chavez<\/li>\n<\/ul>\n<hr \/>\n<p style=\"line-height: 16.5pt; margin: 0cm 0cm 11.25pt 0cm;\"><span style=\"font-family: 'Arial',sans-serif; color: #333333;\">El Lunes, 11 de Diciembre, a las 8:30 hs.; en el Estadio Marcelo Garc\u00eda asume el Intendente de la Municipalidad de Pocito, Prof. Fabi\u00e1n Aballay, <\/span><span style=\"font-family: 'Arial',sans-serif; color: #333333;\">concejales y las nuevas autoridades municipales..<\/span><\/p>\n<p><span style=\"color: #800080;\"><strong>Departamento Pocito<\/strong><\/span><\/p>\n<ul>\n<li><span style=\"color: #800080;\"><strong>Intendente de la Municipalidad de Pocito:\u00a0<\/strong><\/span>N\u00e9stor Fabi\u00e1n Aballay<\/li>\n<li><span style=\"color: #800080;\"><strong>Concejales:<\/strong>\u00a0<\/span>Flavio Adolfo Quadri; Yuliana Anahi Romero; Laura Marisa Palma Pelaez; Cristina Ester Orellano; Oscar Albino Arevalo; Juan Carlos Cepulbeda; M\u00f3nica Nancy Navarro; Juan Andr\u00e9s Alfaro<\/li>\n<\/ul>\n<hr \/>\n<p style=\"line-height: 16.5pt; margin: 0cm 0cm 11.25pt 0cm;\"><span style=\"font-family: 'Arial',sans-serif; color: #333333;\">El Lunes, 11 de Diciembre, a las 20 hs.; asume la Intendenta de la Municipalidad de San Mart\u00edn, Lic. Anal\u00eda Paula Becerra, concejales y las nuevas autoridades municipales..<\/span><\/p>\n<p><span style=\"color: #800080;\"><strong>Departamento San Mart\u00edn<\/strong><\/span><\/p>\n<ul>\n<li><span style=\"color: #800080;\"><strong>Intendente de la Municipalidad de San Mart\u00edn:<\/strong>\u00a0<\/span>Anal\u00eda Paula Becerra<\/li>\n<li><span style=\"color: #800080;\"><strong>Concejales:\u00a0<\/strong><\/span>Edgar Eduardo Orozco Mercado; Mar\u00eda Bel\u00e9n Romero; Anal\u00eda Ver\u00f3nica Escudero Monta\u00f1o; Roberto Carlos P\u00e1ez; Julio Salman<\/li>\n<\/ul>\n<hr \/>\n<p style=\"line-height: 16.5pt; margin: 0cm 0cm 11.25pt 0cm;\"><span style=\"font-family: 'Arial',sans-serif; color: #333333;\">El Lunes, 11 de Diciembre, a las 20 hs. asume el Intendente de Valle F\u00e9rtil, Mario Riveros, concejales y las nuevas autoridades municipales.<\/span><\/p>\n<p><span style=\"color: #800080;\"><strong>Departamento Valle F\u00e9rtil<\/strong><\/span><\/p>\n<ul>\n<li><span style=\"color: #800080;\"><strong>Intendente de la Municipalidad de Valle F\u00e9rtil:<\/strong><\/span>\u00a0Mario Julio Riveros<\/li>\n<li><strong><span style=\"color: #800080;\">Concejales:<\/span>\u00a0<\/strong>Jorge Dante Castro; Sergio Alberto Alvarez Ortiz; Monica Elisabeth Rivero; Pedro Ariel Lucero; Rosana Carina Calivar<\/li>\n<\/ul>\n<hr \/>\n<p style=\"line-height: 16.5pt; margin: 0cm 0cm 11.25pt 0cm;\"><span style=\"font-family: 'Arial',sans-serif; color: #333333;\">El Mi\u00e9rcoles, 13 de Diciembre, horario y lugar a confirmar, asume el Intendente de la Municipalidad de Santa Luc\u00eda, Dr. \u00a0Juan Jos\u00e9 Orrego, concejales y las nuevas autoridades municipales.<\/span><\/p>\n<p><span style=\"color: #800080;\"><strong>Departamento Santa Luc\u00eda<\/strong><\/span><\/p>\n<ul>\n<li><span style=\"color: #800080;\"><strong>Intendente de la Municipalidad de Santa Luc\u00eda:<\/strong><\/span> Juan Jos\u00e9 Orrego<\/li>\n<li><span style=\"color: #800080;\"><strong>Concejales:<\/strong><\/span>\u00a0Juan Manuel Roca; Guillermo Eduardo Gonz\u00e1lez Carabajal; Silvia Sara Fuentes Gimenez; Luis Emilio Estebes; Etel Carolina Del Valle Porres Tapia; Nathalia Noel Sanchez; H\u00e9ctor Hugo Mart\u00ednez; Humberto Gonz\u00e1lez<\/li>\n<\/ul>\n<hr \/>\n<p><span style=\"font-family: 'Arial',sans-serif; color: #333333;\">El S\u00e1bado, 09 de Diciembre, a las 20:30 hs.; en la Plaza Departamental asume el Intendente de la Municipalidad de J\u00e1chal, Dr. Mat\u00edas Espejo, <\/span><span style=\"font-family: 'Arial',sans-serif; color: #333333;\">concejales y las nuevas autoridades municipales.<\/span><\/p>\n<p><span style=\"color: #800080;\"><strong>Departamento J\u00e1chal<\/strong><\/span><\/p>\n<ul>\n<li><span style=\"color: #800080;\"><strong>Intendente de la Municipalidad de J\u00e1chal:<\/strong>\u00a0<\/span>Horacio Mat\u00edas Jos\u00e9 Espejo Salinero<\/li>\n<li><span style=\"color: #800080;\"><strong>Concejales:\u00a0<\/strong><\/span>H\u00e9ctor S\u00e1nchez; Sonia Beatriz Araya; Silvia Gema Casas; Mariela Beatriz Mesias; Washington Walter Beron; Felipe Alberto Tanez Ruiz<\/li>\n<\/ul>\n<hr \/>\n<p>Fecha, hora y lugar a confirmar <span style=\"font-family: 'Arial',sans-serif; color: #333333;\">asume el Intendente de Zonda, Juan Jos\u00e9 Atampiz, <\/span><span style=\"font-family: 'Arial',sans-serif; color: #333333;\">concejales y las nuevas autoridades municipales.<\/span><\/p>\n<p><span style=\"color: #800080;\"><strong>Departamento Zonda<\/strong><\/span><\/p>\n<ul>\n<li><span style=\"color: #800080;\"><strong>Intendente de la Municipalidad de Zonda:<\/strong><\/span>\u00a0Juan Jose Atampiz,<\/li>\n<li><strong><span style=\"color: #800080;\">Concejales:<\/span>\u00a0<\/strong>Alfredo Sergio Mart\u00ednez; Monoica Anal\u00eda Ontiveros; V\u00edctor Hugo Monta\u00f1a; Gustavo Martin Ledesma; Jorge Nicolas Andujar Carbajal<\/li>\n<\/ul>\n<p>&nbsp;<\/p>\n<p>&nbsp;<\/p>\n<p>&nbsp;<\/p>\n<p><img loading=\"lazy\" decoding=\"async\" class=\"alignnone size-full wp-image-59964\" src=\"https:\/\/vocesparalelas.com.ar\/sitio\/wp-content\/uploads\/2023\/06\/BANDERA-SAN-JUAN.jpg\" alt=\"\" width=\"800\" height=\"600\" srcset=\"https:\/\/vocesparalelas.com.ar\/sitio\/wp-content\/uploads\/2023\/06\/BANDERA-SAN-JUAN.jpg 800w, https:\/\/vocesparalelas.com.ar\/sitio\/wp-content\/uploads\/2023\/06\/BANDERA-SAN-JUAN-300x225.jpg 300w, https:\/\/vocesparalelas.com.ar\/sitio\/wp-content\/uploads\/2023\/06\/BANDERA-SAN-JUAN-768x576.jpg 768w\" sizes=\"auto, (max-width: 800px) 100vw, 800px\" \/><\/p>\n<p>&nbsp;<\/p>\n<p>&nbsp;<\/p>\n","protected":false},"excerpt":{"rendered":"<p>Voces Paralelas publica el momento de asunci\u00f3n de los Intendentes de las Municipalidades de San Juan. Viernes, 08 de Diciembre,<\/p>\n","protected":false},"author":3,"featured_media":21792,"comment_status":"closed","ping_status":"closed","sticky":false,"template":"","format":"standard","meta":{"_acf_changed":false,"_seopress_robots_primary_cat":"none","_seopress_titles_title":"","_seopress_titles_desc":"","_seopress_robots_index":"","colormag_page_container_layout":"default_layout","colormag_page_sidebar_layout":"default_layout","footnotes":""},"categories":[6],"tags":[],"class_list":["post-66632","post","type-post","status-publish","format-standard","has-post-thumbnail","hentry","category-eventos"],"acf":[],"_links":{"self":[{"href":"https:\/\/vocesparalelas.com.ar\/sitio\/wp-json\/wp\/v2\/posts\/66632","targetHints":{"allow":["GET"]}}],"collection":[{"href":"https:\/\/vocesparalelas.com.ar\/sitio\/wp-json\/wp\/v2\/posts"}],"about":[{"href":"https:\/\/vocesparalelas.com.ar\/sitio\/wp-json\/wp\/v2\/types\/post"}],"author":[{"embeddable":true,"href":"https:\/\/vocesparalelas.com.ar\/sitio\/wp-json\/wp\/v2\/users\/3"}],"replies":[{"embeddable":true,"href":"https:\/\/vocesparalelas.com.ar\/sitio\/wp-json\/wp\/v2\/comments?post=66632"}],"version-history":[{"count":9,"href":"https:\/\/vocesparalelas.com.ar\/sitio\/wp-json\/wp\/v2\/posts\/66632\/revisions"}],"predecessor-version":[{"id":66730,"href":"https:\/\/vocesparalelas.com.ar\/sitio\/wp-json\/wp\/v2\/posts\/66632\/revisions\/66730"}],"wp:featuredmedia":[{"embeddable":true,"href":"https:\/\/vocesparalelas.com.ar\/sitio\/wp-json\/wp\/v2\/media\/21792"}],"wp:attachment":[{"href":"https:\/\/vocesparalelas.com.ar\/sitio\/wp-json\/wp\/v2\/media?parent=66632"}],"wp:term":[{"taxonomy":"category","embeddable":true,"href":"https:\/\/vocesparalelas.com.ar\/sitio\/wp-json\/wp\/v2\/categories?post=66632"},{"taxonomy":"post_tag","embeddable":true,"href":"https:\/\/vocesparalelas.com.ar\/sitio\/wp-json\/wp\/v2\/tags?post=66632"}],"curies":[{"name":"wp","href":"https:\/\/api.w.org\/{rel}","templated":true}]}}