{"id":66624,"date":"2023-12-06T19:37:03","date_gmt":"2023-12-06T22:37:03","guid":{"rendered":"https:\/\/vocesparalelas.com.ar\/sitio\/?p=66624"},"modified":"2023-12-07T23:00:07","modified_gmt":"2023-12-08T02:00:07","slug":"algunas-voces-de-lo-que-se-viene-para-san-juan","status":"publish","type":"post","link":"https:\/\/vocesparalelas.com.ar\/sitio\/algunas-voces-de-lo-que-se-viene-para-san-juan\/","title":{"rendered":"Algunas voces de lo que se viene para San Juan"},"content":{"rendered":"<p>En la previa a la entrega de los certificados a las Autoridades Electas de San Juan, el 10 de Noviembre, en el Centro de Convenciones \u00abGuillermo Barrena Guzm\u00e1n\u00bb, donde\u00a0Voces Paralelas desarroll\u00f3 entrevistas period\u00edsticas a distintas autoridades, que felices llegaron a recibir el tan apreciado documento que les permite jurar y asumir el 10 de Diciembre por el Per\u00edodo 2023 &#8211; 2027.<\/p>\n<p><span style=\"color: #800080;\"><strong>Gobernador Electo de San Juan, Dr. Marcelo Orrego<\/strong><\/span><\/p>\n<p><iframe loading=\"lazy\" title=\"GOBERNADOR ELECTO DR MARCELO ORREGO\" width=\"800\" height=\"450\" src=\"https:\/\/www.youtube.com\/embed\/BYWOQSZuCqM?feature=oembed\" frameborder=\"0\" allow=\"accelerometer; autoplay; clipboard-write; encrypted-media; gyroscope; picture-in-picture; web-share\" allowfullscreen><\/iframe><\/p>\n<p><span style=\"color: #800080;\"><strong>Vicegobernador Electo de San Juan, Dr. Fabi\u00e1n Mart\u00edn<\/strong><\/span><\/p>\n<p>&nbsp;<\/p>\n<p><iframe loading=\"lazy\" title=\"VICEGOBERNADOR ELECTO DR FABI\u00c1N MART\u00cdN\" width=\"800\" height=\"450\" src=\"https:\/\/www.youtube.com\/embed\/HLuLSm3iKUI?feature=oembed\" frameborder=\"0\" allow=\"accelerometer; autoplay; clipboard-write; encrypted-media; gyroscope; picture-in-picture; web-share\" allowfullscreen><\/iframe><\/p>\n<p><span style=\"color: #800080;\"><strong>Intendenta Electa de la Municipalidad de la Ciudad Capital de San Juan, Dra. Susana Laciar<\/strong><\/span><\/p>\n<p><iframe loading=\"lazy\" title=\"INTENDENTA ELECTA CAPITAL DRA SUSANA LACIAR\" width=\"800\" height=\"450\" src=\"https:\/\/www.youtube.com\/embed\/AkKoYdfy_44?feature=oembed\" frameborder=\"0\" allow=\"accelerometer; autoplay; clipboard-write; encrypted-media; gyroscope; picture-in-picture; web-share\" allowfullscreen><\/iframe><\/p>\n<p><strong><span style=\"color: #800080;\">Intendente Electo de la Municipalidad de Rivadavia, Sergio Miodowsky<\/span><\/strong><\/p>\n<p><iframe loading=\"lazy\" title=\"INTENDENTE ELECTO RIVADAVIA SERGIO MIODOWSKY\" width=\"800\" height=\"450\" src=\"https:\/\/www.youtube.com\/embed\/ksj_pdPUUK4?feature=oembed\" frameborder=\"0\" allow=\"accelerometer; autoplay; clipboard-write; encrypted-media; gyroscope; picture-in-picture; web-share\" allowfullscreen><\/iframe><\/p>\n<p><span style=\"color: #800080;\"><strong>Intendente Electo de la Municipalidad de Rawson, Dr. Carlos Munisaga<\/strong><\/span><\/p>\n<p><iframe loading=\"lazy\" title=\"INTENDENTE ELECTO DE RAWSON DR CARLOS MUNISAGA\" width=\"800\" height=\"450\" src=\"https:\/\/www.youtube.com\/embed\/vx57MZM3aP8?feature=oembed\" frameborder=\"0\" allow=\"accelerometer; autoplay; clipboard-write; encrypted-media; gyroscope; picture-in-picture; web-share\" allowfullscreen><\/iframe><\/p>\n<p><strong><span style=\"color: #800080;\">Intendente Electo de la Municipalidad de Albard\u00f3n, Juan Carlos Abarca<\/span><\/strong><\/p>\n<p><iframe loading=\"lazy\" title=\"INTENDENTE ELECTO DE ALBARDON JUAN CARLOS ABARCA\" width=\"800\" height=\"450\" src=\"https:\/\/www.youtube.com\/embed\/24tSHKGZuIQ?feature=oembed\" frameborder=\"0\" allow=\"accelerometer; autoplay; clipboard-write; encrypted-media; gyroscope; picture-in-picture; web-share\" allowfullscreen><\/iframe><\/p>\n<p><strong><span style=\"color: #800080;\">Intendente Electo de la Municipalidad de Santa Luc\u00eda, Dr. Juan Jos\u00e9 Orrego<\/span><\/strong><\/p>\n<p><iframe loading=\"lazy\" title=\"INTENDENTE ELECTO DE SANTA LUC\u00cdA DR JUAN JOS\u00c9 ORREGO\" width=\"800\" height=\"450\" src=\"https:\/\/www.youtube.com\/embed\/29M1JD725XM?feature=oembed\" frameborder=\"0\" allow=\"accelerometer; autoplay; clipboard-write; encrypted-media; gyroscope; picture-in-picture; web-share\" allowfullscreen><\/iframe><\/p>\n<p><span style=\"color: #800080;\"><strong>Diputados Provinciales por el Sistema de Representaci\u00f3n Proporcional<\/strong><\/span><\/p>\n<p>Cristina del Carmen L\u00f3pez; Carlos Gustavo Jaime Quiroga;\u00a0Mario Alberto Herrero;\u00a0Marcela Ruth Quiroga;\u00a0Marisa Sandra L\u00f3pez;\u00a0Jorge Daniel Ripoll;\u00a0Eduardo Omar Cabello;\u00a0Mar\u00eda Rita Lascano;\u00a0Graciela Hilda Seva;\u00a0Enzo Ariel Cornejo;\u00a0Mar\u00eda Fernanda Paredes Zarate;\u00a0Franco Sebasti\u00e1n Aranda Croce;\u00a0Fernando Rodolfo Patinella;\u00a0Alejandra Natalia Leonardo;\u00a0Luis Hern\u00e1n Rueda;\u00a0Horacio Juan Quiroga;\u00a0Gustavo Walter Usin.<\/p>\n<p><span style=\"color: #800080;\"><strong>Departamento Albard\u00f3n<\/strong><\/span><\/p>\n<ul>\n<li><span style=\"color: #800080;\"><strong>Intendente de la Municipalidad de Albard\u00f3n:<\/strong>\u00a0<\/span>Juan Carlos Abarca<\/li>\n<li><strong><span style=\"color: #800080;\">Diputado Departamental:<\/span>\u00a0<\/strong>Pedro Enrique Albagli<\/li>\n<li><span style=\"color: #800080;\"><strong>Concejales:<\/strong>\u00a0<\/span>Cristian Jon Yunes Navas; Silvina Raquel Tejada; Ram\u00f3n Abel Quiroga; Natacha Daniela Cereceda; Eugenia Natalia Pereyra Suarez; Jorge Luis Colomer<\/li>\n<\/ul>\n<p><span style=\"color: #800080;\"><strong>Departamento Angaco<\/strong><\/span><\/p>\n<ul>\n<li><span style=\"color: #800080;\"><strong>Intendente de la Municipalidad de Angaco:<\/strong><\/span>\u00a0Jos\u00e9 Castro Galdeano<\/li>\n<li><span style=\"color: #800080;\"><strong>Diputado Departamental:<\/strong><\/span>\u00a0Andr\u00e9s Marcelo Mallea<\/li>\n<li><span style=\"color: #800080;\"><strong>Concejales:\u00a0<\/strong><\/span>Alberto Enrique De Los R\u00edos Barboza; Luis Alejandro Paredes; Roberto Carlos L\u00f3pez; Gloria Elizabeth Herrera Elizondo; Andr\u00e9s Mariano Olivera<\/li>\n<\/ul>\n<p><span style=\"color: #800080;\"><strong>Departamento Calingasta<\/strong><\/span><\/p>\n<ul>\n<li><strong><span style=\"color: #800080;\">Intendente de la Municipalidad de Calingasta:<\/span>\u00a0<\/strong>Sebastian Alberto Carbajal<\/li>\n<li><span style=\"color: #800080;\"><strong>Diputado Departamental:<\/strong><\/span>\u00a0Jorge Cipriano Cata\u00f1eda<\/li>\n<li><span style=\"color: #800080;\"><strong>Concejales:<\/strong>\u00a0<\/span>Gloria Patricia Castillo; Juan Sebasti\u00e1n Ramos; Heber Leonel Tapia P\u00e9rez; Santos Domingo Zarate; Nora Beatriz Olivares<\/li>\n<\/ul>\n<p><span style=\"color: #800080;\"><strong>Departamento Capital<\/strong><\/span><\/p>\n<ul>\n<li><span style=\"color: #800080;\"><strong>Intendente de la Municipalidad Capital:<\/strong>\u00a0<\/span>Susana Alicia Laciar<\/li>\n<li><span style=\"color: #800080;\"><strong>Diputado Departamental:<\/strong>\u00a0<\/span>Gustavo Emilio Fern\u00e1ndez<\/li>\n<li><span style=\"color: #800080;\"><strong>Concejales:<\/strong><\/span>\u00a0Elio Rub\u00e9n Martos Vargas; Horacio Esteban Lucero; Pablo Andr\u00e9s Us\u00edn; Dante Javier Garc\u00eda; M\u00f3nica Lorena Lobos; Eliana Antonia Lujan Camacho; Beatriz Encarnaci\u00f3n Mu\u00f1oz; Alberto Elio D\u00e1vila; Ariel Eduardo Palma P\u00e9rez; Mirtha Estela R\u00edos; Alejandra Esperanza Gonzales; Mariano Dom\u00ednguez Ginestar<\/li>\n<\/ul>\n<p><span style=\"color: #800080;\"><strong>Departamento Caucete<\/strong><\/span><\/p>\n<ul>\n<li><span style=\"color: #800080;\"><strong>Intendente de la Municipalidad de Caucete:<\/strong><\/span>\u00a0Rosas, Romina Gabriela<\/li>\n<li><span style=\"color: #800080;\"><strong>Diputado Departamental:<\/strong><\/span>\u00a0Emilio Gabriel Escudero<\/li>\n<li><span style=\"color: #800080;\"><strong>Concejales:<\/strong>\u00a0<\/span>Jos\u00e9 Luis Gim\u00e9nez; Franco Emanuel Buffagni; Erik Emanuel Castro; Rosa Marina Poblete; Adriana Elizabeth Ginestar; Farran Ramiro Fern\u00e1ndez; Luis Emilio Roca P\u00e9rez<\/li>\n<\/ul>\n<p><span style=\"color: #800080;\"><strong>Departamento Chimbas<\/strong><\/span><\/p>\n<ul>\n<li><span style=\"color: #800080;\"><strong>Intendente de la Municipalidad de Chimbas:<\/strong>\u00a0<\/span>Daniela Ver\u00f3nica Corzo Rodr\u00edguez<\/li>\n<li><span style=\"color: #800080;\"><strong>Diputado Departamental:<\/strong>\u00a0<\/span>Gabriel Ignacio S\u00e1nchez Baron<\/li>\n<li><strong><span style=\"color: #800080;\">Concejales:<\/span>\u00a0<\/strong>Ivana Natalia Cortez; Julio Cesar Godoy; Noelia Daiana Tortarolo Cozza; Eduardo Esteban Rodr\u00edguez; Isidro Ariel Rivero; Amilcar Luciano Osvaldo Cano; Eduardo Daniel Nu\u00f1ez; Mar\u00eda Antonia Arredondo; Augusto Bernab\u00e9 Neira; Griselda Lorena Chavez<\/li>\n<\/ul>\n<p><span style=\"color: #800080;\"><strong>Departamento\u00a0Iglesia<\/strong><\/span><\/p>\n<ul>\n<li><span style=\"color: #800080;\"><strong>Intendente:<\/strong>\u00a0<\/span>Jorge Leopoldo Espejo<\/li>\n<li><strong><span style=\"color: #800080;\">Diputado Departamental:<\/span>\u00a0<\/strong>Gustavo Elias Deguer,<\/li>\n<li><strong><span style=\"color: #800080;\">Concejales:<\/span>\u00a0<\/strong>Enrique David Mu\u00f1oz; Roberto Pinto; Claudia Andrea Cabral; Pablo Miguel Esquibel; Marcelo Fabio Agudo;<\/li>\n<\/ul>\n<p><span style=\"color: #800080;\"><strong>Departamento J\u00e1chal<\/strong><\/span><\/p>\n<ul>\n<li><span style=\"color: #800080;\"><strong>Intendente de la Municipalidad de J\u00e1chal:<\/strong>\u00a0<\/span>Horacio Mat\u00edas Jos\u00e9 Espejo Salinero<\/li>\n<li><span style=\"color: #800080;\"><strong>Diputado Departamental:<\/strong><\/span>\u00a0Miguel \u00c1ngel Vega<\/li>\n<li><strong><span style=\"color: #800080;\">Concejales:<\/span>\u00a0<\/strong>H\u00e9ctor S\u00e1nchez; Sonia Beatriz Araya; Silvia Gema Casas; Mariela Beatriz Mesias; Washington Walter Beron; Felipe Alberto Tanez Ruiz<\/li>\n<\/ul>\n<p><span style=\"color: #800080;\"><strong>Departamento 9 de Julio<\/strong><\/span><\/p>\n<ul>\n<li><span style=\"color: #800080;\"><strong>Intendente de la Municipalidad de 9 de Julio:<\/strong><\/span>\u00a0Eduardo Daniel Banega Allende,<\/li>\n<li><span style=\"color: #800080;\"><strong>Diputado Departamental:<\/strong>\u00a0<\/span>Gustavo Emilio N\u00fa\u00f1ez<\/li>\n<li><span style=\"color: #800080;\"><strong>Concejales:\u00a0<\/strong><\/span>Franco Jair Barrionuevo; Olga Elizabeth S\u00e1nchez; G\u00e9nesis Bel\u00e9n Lencina G\u00f3mez; Julieta Salome Bustos Matamora; V\u00edctor Daniel Baz\u00e1n<\/li>\n<\/ul>\n<p><span style=\"color: #800080;\"><strong>Departamento Pocito<\/strong><\/span><\/p>\n<ul>\n<li><strong><span style=\"color: #800080;\">Intendente de la Municipalidad de Pocito:<\/span>\u00a0<\/strong>N\u00e9stor Fabi\u00e1n Aballay<\/li>\n<li><span style=\"color: #800080;\"><strong>Diputado Departamental:<\/strong>\u00a0<\/span>Stella Maris Caparros Gonz\u00e1lez<\/li>\n<li><span style=\"color: #800080;\"><strong>Concejales:<\/strong>\u00a0<\/span>Flavio Adolfo Quadri; Yuliana Anahi Romero; Laura Marisa Palma Pelaez; Cristina Ester Orellano; Oscar Albino Arevalo; Juan Carlos Cepulbeda; M\u00f3nica Nancy Navarro; Juan Andr\u00e9s Alfaro<\/li>\n<\/ul>\n<p><span style=\"color: #800080;\"><strong>Departamento Rawson<\/strong><\/span><\/p>\n<ul>\n<li><span style=\"color: #800080;\"><strong>Intendente de la Municipal de Rawson:<\/strong>\u00a0<\/span>Carlos Ariel Munisaga Almenzar<\/li>\n<li><span style=\"color: #800080;\"><strong>Diputado Departamental:\u00a0<\/strong><\/span>Pablo Alberto Garcia Nieto<\/li>\n<li><span style=\"color: #800080;\"><strong>Concejales:<\/strong>\u00a0<\/span>Ignacio Ariel Coronado Saez; Elio Ramon Frack; Pedro Ernesto Calvo Ranea; Vanina Maria Andino Gilabert; Adriana Juana D\u00edaz; Ceferino Antonio Ruiz; Rosa Gabriela Sosa; Daniel Eduardo Poblete; Modesto Antonio Fern\u00e1ndez; Ram\u00f3n Luciano De La Presilla Araya; Azucena Romelia R\u00edos; Cesar Gustavo Sosa<\/li>\n<\/ul>\n<p><span style=\"color: #800080;\"><strong>Departamento Rivadavia<\/strong><\/span><\/p>\n<ul>\n<li><span style=\"color: #800080;\"><strong>Intendente de la Municipalidad de Rivadavia:<\/strong>\u00a0<\/span>Sergio David Miodowsky<\/li>\n<li><strong><span style=\"color: #800080;\">Diputado Departamental:<\/span>\u00a0<\/strong>Juan Cruz C\u00f3rdoba<\/li>\n<li><span style=\"color: #800080;\"><strong>Concejales:<\/strong><\/span>\u00a0Pedro Federico R\u00edos Ya\u00f1ez; Romina Julia Albarrac\u00edn Guti\u00e9rrez; Marcelo Barros; Sergio Fernando Carrion Ferreyra; Carolina In\u00e9s Correa Corts; Herman Maximiliano Cuk Perisotto; Leonardo Martin Videla Belascoain; Cristian Ricardo Morales; Beatriz M\u00f3nica Castro; Mariela Mingorance<\/li>\n<\/ul>\n<p><span style=\"color: #800080;\"><strong>Departamento San Mart\u00edn<\/strong><\/span><\/p>\n<ul>\n<li><span style=\"color: #800080;\"><strong>Intendente de la Municipalidad de San Mart\u00edn:<\/strong>\u00a0<\/span>Anal\u00eda Paula Becerra<\/li>\n<li><span style=\"color: #800080;\"><strong>Diputado Departamental:<\/strong><\/span>\u00a0Marta Edit Gramajo<\/li>\n<li><span style=\"color: #800080;\"><strong>Concejales:\u00a0<\/strong><\/span>Edgar Eduardo Orozco Mercado; Mar\u00eda Bel\u00e9n Romero; Anal\u00eda Ver\u00f3nica Escudero Monta\u00f1o; Roberto Carlos P\u00e1ez; Julio Salman<\/li>\n<\/ul>\n<p><span style=\"color: #800080;\"><strong>Departamento Santa Luc\u00eda<\/strong><\/span><\/p>\n<ul>\n<li><span style=\"color: #800080;\"><strong>Intendente de la Municipalidad de Santa Luc\u00eda:<\/strong><\/span>\u00a0Juan Jose Orrego<\/li>\n<li><span style=\"color: #800080;\"><strong>Diputado Departamental:<\/strong><\/span>\u00a0Carlos Antonio Platero Macias<\/li>\n<li><span style=\"color: #800080;\"><strong>Concejales:<\/strong>\u00a0<\/span>Juan Manuel Roca; Guillermo Eduardo Gonz\u00e1lez Carabajal; Silvia Sara Fuentes Gimenez; Luis Emilio Estebes; Etel Carolina Del Valle Porres Tapia; Nathalia Noel Sanchez; H\u00e9ctor Hugo Mart\u00ednez; Humberto Gonz\u00e1lez<\/li>\n<\/ul>\n<p><span style=\"color: #800080;\"><strong>Departamento Sarmiento<\/strong><\/span><\/p>\n<ul>\n<li><span style=\"color: #800080;\"><strong>Intendente de la Municipalidad de Sarmiento:\u00a0<\/strong><\/span>Alfredo Mario Castro L\u00f3pez<\/li>\n<li><span style=\"color: #800080;\"><strong>Diputado Departamental:<\/strong><\/span>\u00a0Eduardo Andr\u00e9s Castro R\u00edos<\/li>\n<li><span style=\"color: #800080;\"><strong>Concejales:<\/strong>\u00a0<\/span>Jos\u00e9 Luis Fern\u00e1ndez; Mauricio Helenio Cendon; Valeria Roxana Lourdes Rios; Marcela Beatriz Gonzalez; Lucas Alberto Gomez; Diego Alberto Cortez Pereyra<\/li>\n<\/ul>\n<p><span style=\"color: #800080;\"><strong>Departamento Ullum<\/strong><\/span><\/p>\n<ul>\n<li><span style=\"color: #800080;\"><strong>Intendente de la Municipalidad de Ullum:<\/strong><\/span>\u00a0Hugo David Dominguez Monta\u00f1a<\/li>\n<li><strong><span style=\"color: #800080;\">Diputado Departamental:<\/span>\u00a0<\/strong>Leopoldo Soler<\/li>\n<li><span style=\"color: #800080;\"><strong>Concejales:\u00a0<\/strong><\/span>Daniel Esteban Riveros; Jos\u00e9 Eduardo Trigo; Vanesa Griselda Cortez; Ver\u00f3nica In\u00e9s Trigo; Romina Guadalupe Solera<\/li>\n<\/ul>\n<p><span style=\"color: #800080;\"><strong>Departamento Valle F\u00e9rtil<\/strong><\/span><\/p>\n<ul>\n<li><span style=\"color: #800080;\"><strong>Intendente de la Municipalidad de Valle F\u00e9rtil:<\/strong>\u00a0<\/span>Mario Julio Riveros<\/li>\n<li><span style=\"color: #800080;\"><strong>Diputado Departamental:<\/strong><\/span>\u00a0Omar Washington Ortiz<\/li>\n<li><strong><span style=\"color: #800080;\">Concejales:<\/span>\u00a0<\/strong>Jorge Dante Castro; Sergio Alberto Alvarez Ortiz; Monica Elisabeth Rivero; Pedro Ariel Lucero; Rosana Carina Calivar<\/li>\n<\/ul>\n<p><span style=\"color: #800080;\"><strong>Departamento 25 de Mayo<\/strong><\/span><\/p>\n<ul>\n<li><strong><span style=\"color: #800080;\">Intendente de la Municipalidad de 25 de Mayo:<\/span>\u00a0<\/strong>Rodolfo Alejandro Jalife Candino<\/li>\n<li><span style=\"color: #800080;\"><strong>Diputado Departamental:\u00a0<\/strong><\/span>Juan Carlos Facundo Quiroga Moyano,<\/li>\n<li><strong><span style=\"color: #800080;\">Concejales:<\/span>\u00a0<\/strong>Juan Domingo Mercado; Sandra Rosa Quiroga Caballero; Maria Daniela Berenguer Miguel; Javier Alfredo Villegas; Alberto Tomas Plaza Leyes; Wilson Gabriel Jesus Alcaras Bustos<\/li>\n<\/ul>\n<p><span style=\"color: #800080;\"><strong>Departamento Zonda<\/strong><\/span><\/p>\n<ul>\n<li><span style=\"color: #800080;\"><strong>Intendente de la Municipalidad de Zonda:<\/strong>\u00a0<\/span>Juan Jose Atampiz,<\/li>\n<li><span style=\"color: #800080;\"><strong>Diputado Departamental:<\/strong>\u00a0<\/span>Miguel \u00c1ngel Atampiz,<\/li>\n<li><strong><span style=\"color: #800080;\">Concejales:<\/span>\u00a0<\/strong>Alfredo Sergio Martinez; Monica Analia Ontiveros; Victor Hugo Monta\u00f1a; Gustavo Martin Ledesma; Jorge Nicolas Andujar Carbajal<\/li>\n<\/ul>\n<p>Al final del acto de entrega de los certificados fue el momento m\u00e1s emotivo porque son las autoridades que van a guiar el destino de San Juan.<\/p>\n<p><iframe loading=\"lazy\" title=\"HIMNO NACIONAL ARGENTINO\" width=\"800\" height=\"450\" src=\"https:\/\/www.youtube.com\/embed\/T3lwjVhzrLQ?feature=oembed\" frameborder=\"0\" allow=\"accelerometer; autoplay; clipboard-write; encrypted-media; gyroscope; picture-in-picture; web-share\" allowfullscreen><\/iframe><\/p>\n<p>&nbsp;<\/p>\n<p>&nbsp;<\/p>\n<p>&nbsp;<\/p>\n","protected":false},"excerpt":{"rendered":"<p>En la previa a la entrega de los certificados a las Autoridades Electas de San Juan, el 10 de Noviembre,<\/p>\n","protected":false},"author":3,"featured_media":59964,"comment_status":"closed","ping_status":"closed","sticky":false,"template":"","format":"standard","meta":{"_acf_changed":false,"_seopress_robots_primary_cat":"none","_seopress_titles_title":"","_seopress_titles_desc":"","_seopress_robots_index":"","colormag_page_container_layout":"default_layout","colormag_page_sidebar_layout":"default_layout","footnotes":""},"categories":[10,7],"tags":[],"class_list":["post-66624","post","type-post","status-publish","format-standard","has-post-thumbnail","hentry","category-opiniones","category-videos"],"acf":[],"_links":{"self":[{"href":"https:\/\/vocesparalelas.com.ar\/sitio\/wp-json\/wp\/v2\/posts\/66624","targetHints":{"allow":["GET"]}}],"collection":[{"href":"https:\/\/vocesparalelas.com.ar\/sitio\/wp-json\/wp\/v2\/posts"}],"about":[{"href":"https:\/\/vocesparalelas.com.ar\/sitio\/wp-json\/wp\/v2\/types\/post"}],"author":[{"embeddable":true,"href":"https:\/\/vocesparalelas.com.ar\/sitio\/wp-json\/wp\/v2\/users\/3"}],"replies":[{"embeddable":true,"href":"https:\/\/vocesparalelas.com.ar\/sitio\/wp-json\/wp\/v2\/comments?post=66624"}],"version-history":[{"count":1,"href":"https:\/\/vocesparalelas.com.ar\/sitio\/wp-json\/wp\/v2\/posts\/66624\/revisions"}],"predecessor-version":[{"id":66627,"href":"https:\/\/vocesparalelas.com.ar\/sitio\/wp-json\/wp\/v2\/posts\/66624\/revisions\/66627"}],"wp:featuredmedia":[{"embeddable":true,"href":"https:\/\/vocesparalelas.com.ar\/sitio\/wp-json\/wp\/v2\/media\/59964"}],"wp:attachment":[{"href":"https:\/\/vocesparalelas.com.ar\/sitio\/wp-json\/wp\/v2\/media?parent=66624"}],"wp:term":[{"taxonomy":"category","embeddable":true,"href":"https:\/\/vocesparalelas.com.ar\/sitio\/wp-json\/wp\/v2\/categories?post=66624"},{"taxonomy":"post_tag","embeddable":true,"href":"https:\/\/vocesparalelas.com.ar\/sitio\/wp-json\/wp\/v2\/tags?post=66624"}],"curies":[{"name":"wp","href":"https:\/\/api.w.org\/{rel}","templated":true}]}}