{"id":66619,"date":"2023-12-06T14:56:30","date_gmt":"2023-12-06T17:56:30","guid":{"rendered":"https:\/\/vocesparalelas.com.ar\/sitio\/?p=66619"},"modified":"2023-12-14T22:20:49","modified_gmt":"2023-12-15T01:20:49","slug":"concierto-de-navidad-con-la-banda-sinfonica-de-la-unsj","status":"publish","type":"post","link":"https:\/\/vocesparalelas.com.ar\/sitio\/concierto-de-navidad-con-la-banda-sinfonica-de-la-unsj\/","title":{"rendered":"\u00abConcierto de Navidad\u00bb con la Banda Sinf\u00f3nica de la UNSJ"},"content":{"rendered":"<p>El Jueves, 14 de Diciembre de 2023, a las 21 hs.; en el Cine Teatro Municipal, con Entrada Gratuita con invitaci\u00f3n, se desarrolla el \u00abConcierto de Navidad\u00bb con la Banda Sinf\u00f3nica de la Universidad Nacional de San Juan bajo la Direcci\u00f3n de Noel Mijares. Las entradas est\u00e1n agotadas gracias San Juan por apoyar a los artistas.<\/p>\n<p>La temporada navide\u00f1a es una \u00e9poca de alegr\u00eda y celebraci\u00f3n, y una manera maravillosa de sumergirse en el esp\u00edritu festivo es asistir a un concierto de Navidad.<\/p>\n<p>En esta oportunidad est\u00e1n presentando una selecci\u00f3n de cl\u00e1sicos navide\u00f1os en un formato especial de Banda Sinf\u00f3nica y Big Band.<\/p>\n<p>Esta combinaci\u00f3n \u00fanica de instrumentos, seguramente, trae un ambiente festivo a la temporada navide\u00f1a.<\/p>\n<p>A lo largo de la noche, disfruta de canciones populares como \u00abNoche de Paz\u00bb, \u00abPaseo en Trineo\u00bb y una selecci\u00f3n de \u00abEl Cascanueces\u00bb, todas interpretadas con el sonido de la Banda Sinf\u00f3nica de la UNSJ. Junto a ella, la energ\u00eda, el ritmo y la paz de la sonoridad del jazz.<\/p>\n<p>Este es un evento que no te puedes perder. Trae a tu familia y amigos y \u00fanete a a la Banda Sinf\u00f3nica de la UNSJ, en un maravilloso viaje musical para celebrar la temporada navide\u00f1a.<\/p>\n<p>Gracias por apoyar a la Banda Sinf\u00f3nica de la UNSJ y te esperan en el concierto. \u00a1Feliz Navidad!<\/p>\n<p><strong><span style=\"color: #339966;\">Importante<\/span><\/strong><\/p>\n<p>Las entradas por invitaci\u00f3n se entregan en la boleter\u00eda del Cine Teatro Municipal, el Mi\u00e9rcoles, 13 de Diciembre, de 15 a 18 hs.<\/p>\n<p>&nbsp;<\/p>\n<p><img loading=\"lazy\" decoding=\"async\" class=\"alignnone size-full wp-image-32462\" src=\"https:\/\/vocesparalelas.com.ar\/sitio\/wp-content\/uploads\/2020\/11\/TEATRO-MUNICIPAL-03.jpg\" alt=\"\" width=\"800\" height=\"532\" srcset=\"https:\/\/vocesparalelas.com.ar\/sitio\/wp-content\/uploads\/2020\/11\/TEATRO-MUNICIPAL-03.jpg 800w, https:\/\/vocesparalelas.com.ar\/sitio\/wp-content\/uploads\/2020\/11\/TEATRO-MUNICIPAL-03-300x200.jpg 300w, https:\/\/vocesparalelas.com.ar\/sitio\/wp-content\/uploads\/2020\/11\/TEATRO-MUNICIPAL-03-768x511.jpg 768w\" sizes=\"auto, (max-width: 800px) 100vw, 800px\" \/><\/p>\n","protected":false},"excerpt":{"rendered":"<p>El Jueves, 14 de Diciembre de 2023, a las 21 hs.; en el Cine Teatro Municipal, con Entrada Gratuita con<\/p>\n","protected":false},"author":3,"featured_media":66622,"comment_status":"closed","ping_status":"closed","sticky":false,"template":"","format":"standard","meta":{"_acf_changed":false,"_seopress_robots_primary_cat":"none","_seopress_titles_title":"","_seopress_titles_desc":"","_seopress_robots_index":"","colormag_page_container_layout":"default_layout","colormag_page_sidebar_layout":"default_layout","footnotes":""},"categories":[1],"tags":[],"class_list":["post-66619","post","type-post","status-publish","format-standard","has-post-thumbnail","hentry","category-destacadas"],"acf":[],"_links":{"self":[{"href":"https:\/\/vocesparalelas.com.ar\/sitio\/wp-json\/wp\/v2\/posts\/66619","targetHints":{"allow":["GET"]}}],"collection":[{"href":"https:\/\/vocesparalelas.com.ar\/sitio\/wp-json\/wp\/v2\/posts"}],"about":[{"href":"https:\/\/vocesparalelas.com.ar\/sitio\/wp-json\/wp\/v2\/types\/post"}],"author":[{"embeddable":true,"href":"https:\/\/vocesparalelas.com.ar\/sitio\/wp-json\/wp\/v2\/users\/3"}],"replies":[{"embeddable":true,"href":"https:\/\/vocesparalelas.com.ar\/sitio\/wp-json\/wp\/v2\/comments?post=66619"}],"version-history":[{"count":4,"href":"https:\/\/vocesparalelas.com.ar\/sitio\/wp-json\/wp\/v2\/posts\/66619\/revisions"}],"predecessor-version":[{"id":66995,"href":"https:\/\/vocesparalelas.com.ar\/sitio\/wp-json\/wp\/v2\/posts\/66619\/revisions\/66995"}],"wp:featuredmedia":[{"embeddable":true,"href":"https:\/\/vocesparalelas.com.ar\/sitio\/wp-json\/wp\/v2\/media\/66622"}],"wp:attachment":[{"href":"https:\/\/vocesparalelas.com.ar\/sitio\/wp-json\/wp\/v2\/media?parent=66619"}],"wp:term":[{"taxonomy":"category","embeddable":true,"href":"https:\/\/vocesparalelas.com.ar\/sitio\/wp-json\/wp\/v2\/categories?post=66619"},{"taxonomy":"post_tag","embeddable":true,"href":"https:\/\/vocesparalelas.com.ar\/sitio\/wp-json\/wp\/v2\/tags?post=66619"}],"curies":[{"name":"wp","href":"https:\/\/api.w.org\/{rel}","templated":true}]}}