{"id":66613,"date":"2023-12-04T10:39:58","date_gmt":"2023-12-04T13:39:58","guid":{"rendered":"https:\/\/vocesparalelas.com.ar\/sitio\/?p=66613"},"modified":"2023-12-06T19:40:02","modified_gmt":"2023-12-06T22:40:02","slug":"asume-el-nuevo-jefe-del-rim-22-san-juan-teniente-coronel-ruben-gason-patera","status":"publish","type":"post","link":"https:\/\/vocesparalelas.com.ar\/sitio\/asume-el-nuevo-jefe-del-rim-22-san-juan-teniente-coronel-ruben-gason-patera\/","title":{"rendered":"Asume el nuevo Jefe del RIM 22 San Juan, Teniente Coronel Rub\u00e9n Gas\u00f3n Patera"},"content":{"rendered":"<p>El Mi\u00e9rcoles. 06 de Diciembre de 2023, a las 18:30 hs.; en la Plaza de Armas de la Unidad, asume el nuevo Jefe del Regimiento de Monta\u00f1a 22 de San Juan, Teniente Coronel Rub\u00e9n Gas\u00f3n Patera, quien reemplaza al Coronel Mart\u00edn Guillermo Mendoza.<\/p>\n<p>Por ello, se invita al tan destacado acto a la comunidad de San Juan por toda la entrega del RIM 22. Un agradecimiento muy especial al jefe del RIM 22 saliente, Coronel Mart\u00edn Guillermo Mendoza, quien entreg\u00f3 a la comunidad los servicios a<\/p>\n<p><iframe loading=\"lazy\" title=\"RIM 22 DESFILE Y CANCI\u00d3N\" width=\"800\" height=\"450\" src=\"https:\/\/www.youtube.com\/embed\/8os4zZM-ucE?feature=oembed\" frameborder=\"0\" allow=\"accelerometer; autoplay; clipboard-write; encrypted-media; gyroscope; picture-in-picture; web-share\" allowfullscreen><\/iframe><\/p>\n<p>&nbsp;<\/p>\n<p><img loading=\"lazy\" decoding=\"async\" class=\"alignnone size-full wp-image-28717\" src=\"https:\/\/vocesparalelas.com.ar\/sitio\/wp-content\/uploads\/2020\/05\/RIM-22-01.jpg\" alt=\"\" width=\"800\" height=\"534\" srcset=\"https:\/\/vocesparalelas.com.ar\/sitio\/wp-content\/uploads\/2020\/05\/RIM-22-01.jpg 800w, https:\/\/vocesparalelas.com.ar\/sitio\/wp-content\/uploads\/2020\/05\/RIM-22-01-300x200.jpg 300w, https:\/\/vocesparalelas.com.ar\/sitio\/wp-content\/uploads\/2020\/05\/RIM-22-01-768x513.jpg 768w\" sizes=\"auto, (max-width: 800px) 100vw, 800px\" \/><\/p>\n","protected":false},"excerpt":{"rendered":"<p>El Mi\u00e9rcoles. 06 de Diciembre de 2023, a las 18:30 hs.; en la Plaza de Armas de la Unidad, asume<\/p>\n","protected":false},"author":3,"featured_media":54801,"comment_status":"closed","ping_status":"closed","sticky":false,"template":"","format":"standard","meta":{"_acf_changed":false,"_seopress_robots_primary_cat":"none","_seopress_titles_title":"","_seopress_titles_desc":"","_seopress_robots_index":"","colormag_page_container_layout":"default_layout","colormag_page_sidebar_layout":"default_layout","footnotes":""},"categories":[1,7],"tags":[],"class_list":["post-66613","post","type-post","status-publish","format-standard","has-post-thumbnail","hentry","category-destacadas","category-videos"],"acf":[],"_links":{"self":[{"href":"https:\/\/vocesparalelas.com.ar\/sitio\/wp-json\/wp\/v2\/posts\/66613","targetHints":{"allow":["GET"]}}],"collection":[{"href":"https:\/\/vocesparalelas.com.ar\/sitio\/wp-json\/wp\/v2\/posts"}],"about":[{"href":"https:\/\/vocesparalelas.com.ar\/sitio\/wp-json\/wp\/v2\/types\/post"}],"author":[{"embeddable":true,"href":"https:\/\/vocesparalelas.com.ar\/sitio\/wp-json\/wp\/v2\/users\/3"}],"replies":[{"embeddable":true,"href":"https:\/\/vocesparalelas.com.ar\/sitio\/wp-json\/wp\/v2\/comments?post=66613"}],"version-history":[{"count":3,"href":"https:\/\/vocesparalelas.com.ar\/sitio\/wp-json\/wp\/v2\/posts\/66613\/revisions"}],"predecessor-version":[{"id":66618,"href":"https:\/\/vocesparalelas.com.ar\/sitio\/wp-json\/wp\/v2\/posts\/66613\/revisions\/66618"}],"wp:featuredmedia":[{"embeddable":true,"href":"https:\/\/vocesparalelas.com.ar\/sitio\/wp-json\/wp\/v2\/media\/54801"}],"wp:attachment":[{"href":"https:\/\/vocesparalelas.com.ar\/sitio\/wp-json\/wp\/v2\/media?parent=66613"}],"wp:term":[{"taxonomy":"category","embeddable":true,"href":"https:\/\/vocesparalelas.com.ar\/sitio\/wp-json\/wp\/v2\/categories?post=66613"},{"taxonomy":"post_tag","embeddable":true,"href":"https:\/\/vocesparalelas.com.ar\/sitio\/wp-json\/wp\/v2\/tags?post=66613"}],"curies":[{"name":"wp","href":"https:\/\/api.w.org\/{rel}","templated":true}]}}