{"id":66579,"date":"2023-12-06T17:24:33","date_gmt":"2023-12-06T20:24:33","guid":{"rendered":"https:\/\/vocesparalelas.com.ar\/sitio\/?p=66579"},"modified":"2023-12-07T23:01:09","modified_gmt":"2023-12-08T02:01:09","slug":"concierto-de-clausura-del-ciclo-lectivo-2023-catedra-de-piano-de-la-ffha-de-la-unsj","status":"publish","type":"post","link":"https:\/\/vocesparalelas.com.ar\/sitio\/concierto-de-clausura-del-ciclo-lectivo-2023-catedra-de-piano-de-la-ffha-de-la-unsj\/","title":{"rendered":"Concierto de clausura del Ciclo Lectivo 2023 C\u00e1tedra de Piano de la FFHA de la UNSJ"},"content":{"rendered":"<p>El Jueves, 7 de Diciembre, a las 21 hs.; en el Auditorio Ing. Juan Victoria, con entrada libre y gratuita, se desarrolla para disfrutar en familia el Concierto de Clausura del Ciclo Lectivo 2023 de la C\u00e1tedra de Piano del Departamento de M\u00fasica de la Facultad de Filosof\u00eda, Humanidades y Artes de la UNSJ.<\/p>\n<p><strong><span style=\"color: #ff6600;\">Participantes<\/span><\/strong><\/p>\n<p>Los pianistas Lizell Claros, Claudia Pereyra, Cecilia Cumpi\u00e1n, Juan Ignacio Pe\u00f1a, Bruno S\u00e1ez Mallamaci, Cristian Jos\u00e9 Peralta, Walter Vilches y Santiago Albeiro, alumnos de las profesoras Ana In\u00e9s Aguirre y Beatriz Yacante, quienes ofrecen obras de R. Schumann, F. Chopin, C. Debussy, M. Ravel, E. Granados, A. Scriabin, S. Rachmaninov, L. Jan\u00e1\u010dek y A. Tauriello.<\/p>\n<p><img loading=\"lazy\" decoding=\"async\" class=\"alignnone size-full wp-image-66582\" src=\"https:\/\/vocesparalelas.com.ar\/sitio\/wp-content\/uploads\/2023\/12\/FFHA-PIANISTAS.jpg\" alt=\"\" width=\"800\" height=\"418\" srcset=\"https:\/\/vocesparalelas.com.ar\/sitio\/wp-content\/uploads\/2023\/12\/FFHA-PIANISTAS.jpg 800w, https:\/\/vocesparalelas.com.ar\/sitio\/wp-content\/uploads\/2023\/12\/FFHA-PIANISTAS-300x157.jpg 300w, https:\/\/vocesparalelas.com.ar\/sitio\/wp-content\/uploads\/2023\/12\/FFHA-PIANISTAS-768x401.jpg 768w, https:\/\/vocesparalelas.com.ar\/sitio\/wp-content\/uploads\/2023\/12\/FFHA-PIANISTAS-390x205.jpg 390w\" sizes=\"auto, (max-width: 800px) 100vw, 800px\" \/><\/p>\n<p><strong><span style=\"color: #ff6600;\">Programa<\/span><\/strong><\/p>\n<p>CECILIA CUMPI\u00c1N (Prof. Beatriz Yacante)<\/p>\n<p>ROBERT SCHUMANN<\/p>\n<p>&#8211;\u00a0 \u00a0 Fantasiest\u00fccke, Op. 12:<\/p>\n<ol>\n<li>\u00abDes Abends\u00bb (\u00abPor la tarde\u00bb)<\/li>\n<li>\u00abGrillen\u00bb (\u00abCaprichos\u00bb)<\/li>\n<\/ol>\n<p>CLAUDIA PEREYRA (Prof. Beatriz Yacante)<\/p>\n<p>MAURICE RAVEL<\/p>\n<p>&#8211;\u00a0 \u00a0 Miroirs N\u00b0 5: La vall\u00e9e des cloches<\/p>\n<p>SANTIAGO ALBEIRO (Prof. Ana In\u00e9s Aguirre)<\/p>\n<p>ALEXANDER SCRIABIN<\/p>\n<p>&#8211;\u00a0 \u00a0 Estudio en Do sostenido menor, Op. 2 N\u00b0 1<\/p>\n<p>SERGEI RACHMANINOV<\/p>\n<p>&#8211;\u00a0 \u00a0 Preludio en Do sostenido menor, Op. 3 N\u00b0 2<\/p>\n<p>LIZELL CLAROS (Prof. Ana In\u00e9s Aguirre)<\/p>\n<p>FR\u00c9D\u00c9RIC CHOPIN<\/p>\n<p>&#8211;\u00a0 \u00a0 Scherzo N\u00b0 1 en Si menor, Op. 20<\/p>\n<p>WALTER VILCHES (Prof. Ana In\u00e9s Aguirre)<\/p>\n<p>SERGEI RACHMANINOV<\/p>\n<p>&#8211;\u00a0 \u00a0 Preludio en Sol Mayor, Op. 32 N\u00b0 5<\/p>\n<p>CLAUDE DEBUSSY<\/p>\n<p>&#8211;\u00a0 \u00a0 Preludio N\u00ba 1 \u201cDanseuses de Delphes\u201d (de Preludios, Libro I)<\/p>\n<p>BRUNO S\u00c1EZ MALLAMACI (Prof. Ana In\u00e9s Aguirre)<\/p>\n<p>LEO\u0160 JAN\u00c1\u010cEK<\/p>\n<p>&#8211;\u00a0 \u00a0 Sonata para piano 1.X.1905 \u201cDesde la calle\u201d<\/p>\n<ol>\n<li>P\u0159edtucha \u201cPresentimiento\u201d &#8211; Con moto<\/li>\n<li>Smrt \u201cMuerte\u201d &#8211; Adagio<\/li>\n<\/ol>\n<p>JUAN IGNACIO PE\u00d1A (Prof. Ana In\u00e9s Aguirre)<\/p>\n<p>ALEXANDER SCRIABIN<\/p>\n<p>&#8211;\u00a0 \u00a0 Estudio en Fa sostenido menor, Op. 8 N\u00b0 2<\/p>\n<p>SERGEI RACHMANINOV<\/p>\n<p>&#8211;\u00a0 \u00a0 Preludio en Re Mayor, Op. 23 N\u00b0 4<\/p>\n<p>CRISTIAN JOS\u00c9 PERALTA (Prof. Ana In\u00e9s Aguirre)<\/p>\n<p>ENRIQUE GRANADOS<\/p>\n<p>&#8211;\u00a0 \u00a0 Danza espa\u00f1ola N\u00b0 1 en Sol Mayor, \u201cGalante\u201d<\/p>\n<p>ANTONIO TAURIELLO<\/p>\n<p>&#8211;\u00a0 \u00a0 Toccata<\/p>\n<p><strong><span style=\"color: #ff6600;\">Equipo de C\u00e1tedra de Piano<\/span><\/strong><\/p>\n<ul>\n<li>Profesora Titular: Ana In\u00e9s Aguirre<\/li>\n<li>Profesora Asociada: Beatriz Yacante<\/li>\n<li>Profesoras Adjuntas: Ana Mar\u00eda Portillo,\u00a0Andrea Zanni y Mariana Garrotti<\/li>\n<li>Auxiliar de 1\u00aa Categor\u00eda y Profesora en la Extensi\u00f3n \u00c1ulica en la Municipalidad de Pocito: Ana Paula Oyola<\/li>\n<li>Auxiliares de 2\u00aa Categor\u00eda: Lizell Claros y Juan Ignacio Pe\u00f1a<\/li>\n<li>Practicantes: Claudia Pereyra y Lizell Claros<\/li>\n<li>Adscriptos: Lizell Claros, Juan Ignacio Pe\u00f1a, Giuliano Riccobelli,<\/li>\n<li>Bruno S\u00e1ez Mallamaci, Cristian Peralta y Walter Vilches<\/li>\n<\/ul>\n<p><span style=\"color: #ff6600;\"><strong>Colaboraci\u00f3n<\/strong><\/span><\/p>\n<ul>\n<li>Departamento de M\u00fasica de la Facultad de Filosof\u00eda, Humanidades y Artes de la Universidad Nacional de San Juan<\/li>\n<li>Complejo Auditorio Juan Victoria<\/li>\n<li>Ministerio de Turismo y Cultura<\/li>\n<li>Gobierno de San Juan<\/li>\n<\/ul>\n<p><img loading=\"lazy\" decoding=\"async\" class=\"alignnone size-full wp-image-61468\" src=\"https:\/\/vocesparalelas.com.ar\/sitio\/wp-content\/uploads\/2023\/07\/AUDITORIO-EDIFICIO.jpg\" alt=\"\" width=\"800\" height=\"533\" srcset=\"https:\/\/vocesparalelas.com.ar\/sitio\/wp-content\/uploads\/2023\/07\/AUDITORIO-EDIFICIO.jpg 800w, https:\/\/vocesparalelas.com.ar\/sitio\/wp-content\/uploads\/2023\/07\/AUDITORIO-EDIFICIO-300x200.jpg 300w, https:\/\/vocesparalelas.com.ar\/sitio\/wp-content\/uploads\/2023\/07\/AUDITORIO-EDIFICIO-768x512.jpg 768w\" sizes=\"auto, (max-width: 800px) 100vw, 800px\" \/><\/p>\n","protected":false},"excerpt":{"rendered":"<p>El Jueves, 7 de Diciembre, a las 21 hs.; en el Auditorio Ing. Juan Victoria, con entrada libre y gratuita,<\/p>\n","protected":false},"author":3,"featured_media":65423,"comment_status":"closed","ping_status":"closed","sticky":false,"template":"","format":"standard","meta":{"_acf_changed":false,"_seopress_robots_primary_cat":"none","_seopress_titles_title":"","_seopress_titles_desc":"","_seopress_robots_index":"","colormag_page_container_layout":"default_layout","colormag_page_sidebar_layout":"default_layout","footnotes":""},"categories":[20],"tags":[],"class_list":["post-66579","post","type-post","status-publish","format-standard","has-post-thumbnail","hentry","category-cartelera"],"acf":[],"_links":{"self":[{"href":"https:\/\/vocesparalelas.com.ar\/sitio\/wp-json\/wp\/v2\/posts\/66579","targetHints":{"allow":["GET"]}}],"collection":[{"href":"https:\/\/vocesparalelas.com.ar\/sitio\/wp-json\/wp\/v2\/posts"}],"about":[{"href":"https:\/\/vocesparalelas.com.ar\/sitio\/wp-json\/wp\/v2\/types\/post"}],"author":[{"embeddable":true,"href":"https:\/\/vocesparalelas.com.ar\/sitio\/wp-json\/wp\/v2\/users\/3"}],"replies":[{"embeddable":true,"href":"https:\/\/vocesparalelas.com.ar\/sitio\/wp-json\/wp\/v2\/comments?post=66579"}],"version-history":[{"count":1,"href":"https:\/\/vocesparalelas.com.ar\/sitio\/wp-json\/wp\/v2\/posts\/66579\/revisions"}],"predecessor-version":[{"id":66583,"href":"https:\/\/vocesparalelas.com.ar\/sitio\/wp-json\/wp\/v2\/posts\/66579\/revisions\/66583"}],"wp:featuredmedia":[{"embeddable":true,"href":"https:\/\/vocesparalelas.com.ar\/sitio\/wp-json\/wp\/v2\/media\/65423"}],"wp:attachment":[{"href":"https:\/\/vocesparalelas.com.ar\/sitio\/wp-json\/wp\/v2\/media?parent=66579"}],"wp:term":[{"taxonomy":"category","embeddable":true,"href":"https:\/\/vocesparalelas.com.ar\/sitio\/wp-json\/wp\/v2\/categories?post=66579"},{"taxonomy":"post_tag","embeddable":true,"href":"https:\/\/vocesparalelas.com.ar\/sitio\/wp-json\/wp\/v2\/tags?post=66579"}],"curies":[{"name":"wp","href":"https:\/\/api.w.org\/{rel}","templated":true}]}}