{"id":66568,"date":"2023-12-05T21:03:57","date_gmt":"2023-12-06T00:03:57","guid":{"rendered":"https:\/\/vocesparalelas.com.ar\/sitio\/?p=66568"},"modified":"2023-12-06T19:38:13","modified_gmt":"2023-12-06T22:38:13","slug":"el-orgullo-de-la-satisfaccion-de-recibir-la-certificacion-de-una-universidad-publica","status":"publish","type":"post","link":"https:\/\/vocesparalelas.com.ar\/sitio\/el-orgullo-de-la-satisfaccion-de-recibir-la-certificacion-de-una-universidad-publica\/","title":{"rendered":"El orgullo de la satisfacci\u00f3n de recibir la certificaci\u00f3n de una Universidad P\u00fablica"},"content":{"rendered":"<p>La Facultad de Arquitectura, Urbanismo y Dise\u00f1o de la Universidad Nacional de San Juan, en el marco de la firma de un acta complementaria subscrita con la Municipalidad de Capital, permiti\u00f3 el acuerdo que propici\u00f3 la actualizaci\u00f3n de capacidades y conocimientos de los habitantes municipales.<\/p>\n<p>Esta acci\u00f3n permiti\u00f3 desarrollar y otorgar competencias t\u00e9cnicas en oficios, con habilidades en el manejo de los avances tecnol\u00f3gicos disponibles, para mejorar su desempe\u00f1o laboral y dar soluciones a las necesidades del sector productivo, industrial y de servicios de la provincia de San Juan.<\/p>\n<p>Estos avances permitieron dictar cursos de oficios desarrollados en el marco de la convocatoria, al programa \u00abConocimientos para el desarrollo 2023\u201d, de la Secretaria de Estado de Ciencia, Tecnolog\u00eda e Innovaci\u00f3n del Gobierno de San Juan, aprobado por Resoluci\u00f3n N\u00ba 0122, 0113, 0114-SECITI-2023.<\/p>\n<ul>\n<li>Taller Experimental de Tecnolog\u00edas Constructivas; Curso: \u00abYeser\u00eda de Obra\u00bb<\/li>\n<li>Taller Experimental de T\u00e9cnicas de Reproducci\u00f3n Gr\u00e1ficas: Curso: T\u00e9cnico en Serigraf\u00eda\u00bb<\/li>\n<li>Taller Experimental de T\u00e9cnicas en Dibujo Digital, Curso: \u00abGrafica Digital Para Arquitectura. Autocad\/Sketchup\u00bb<\/li>\n<\/ul>\n<p>Finalizado, los cursos la FAUD de la UNSJ convoc\u00f3 a los estudiantes de cada curso para entregarles los certificados correspondientes.<\/p>\n<p>En la previa, se desarroll\u00f3 la entrevista period\u00edstica, a la Secretaria del SECITI del Gobierno de San Juan, Ing. Marita Benavente, quien resalt\u00f3 lo que significa pata los alumnos cada uno de los cursos que se dict\u00f3.<\/p>\n<p><iframe loading=\"lazy\" title=\"FAUD UNSJ SECITI ING MARITA BENAVENTE\" width=\"800\" height=\"450\" src=\"https:\/\/www.youtube.com\/embed\/tQGcHQgJk_s?feature=oembed\" frameborder=\"0\" allow=\"accelerometer; autoplay; clipboard-write; encrypted-media; gyroscope; picture-in-picture; web-share\" allowfullscreen><\/iframe><\/p>\n<p>Luego, el Decano de la FAUD de la UNSJ, Arq. Guillermo Velasco, quien destac\u00f3 la importancia que la Universidad P\u00fablica entregue capacitaciones a los interesados para buscar una capacitaci\u00f3n laboral o una inserci\u00f3n labora.<\/p>\n<p><iframe loading=\"lazy\" title=\"FAUD UNSJ DECANO ARQ. GUILLERMO VELASCO\" width=\"800\" height=\"450\" src=\"https:\/\/www.youtube.com\/embed\/pOZ2eNpicSk?feature=oembed\" frameborder=\"0\" allow=\"accelerometer; autoplay; clipboard-write; encrypted-media; gyroscope; picture-in-picture; web-share\" allowfullscreen><\/iframe><\/p>\n<p>Por \u00faltimo, el intendente de la municipalidad de la Capital, Dr. Emilio Baistrocchi, remarc\u00f3 que la experiencia de los participantes fue un logro m\u00e1s satisfactorios que encontrar una capacidad que les permiti\u00f3 adquirir m\u00e1s conocimiento.<\/p>\n<p><iframe loading=\"lazy\" title=\"FAUD UNSJ CAPITAL DR EMILIO BAISTROCCHI\" width=\"800\" height=\"450\" src=\"https:\/\/www.youtube.com\/embed\/enfWrSnMPYE?feature=oembed\" frameborder=\"0\" allow=\"accelerometer; autoplay; clipboard-write; encrypted-media; gyroscope; picture-in-picture; web-share\" allowfullscreen><\/iframe><\/p>\n<p>En el el sal\u00f3n de actos de la FAUD de la UNSJ, fue el encuentro de autoridades y estudiantes que concurrieron con la familia y con el orgullo de los saberes adquiridos en una universidad p\u00fablica.<\/p>\n<p><img loading=\"lazy\" decoding=\"async\" class=\"alignnone size-full wp-image-66571\" src=\"https:\/\/vocesparalelas.com.ar\/sitio\/wp-content\/uploads\/2023\/12\/FAUD-CURSOS-CAPITAL-01.jpg\" alt=\"\" width=\"800\" height=\"533\" srcset=\"https:\/\/vocesparalelas.com.ar\/sitio\/wp-content\/uploads\/2023\/12\/FAUD-CURSOS-CAPITAL-01.jpg 800w, https:\/\/vocesparalelas.com.ar\/sitio\/wp-content\/uploads\/2023\/12\/FAUD-CURSOS-CAPITAL-01-300x200.jpg 300w, https:\/\/vocesparalelas.com.ar\/sitio\/wp-content\/uploads\/2023\/12\/FAUD-CURSOS-CAPITAL-01-768x512.jpg 768w\" sizes=\"auto, (max-width: 800px) 100vw, 800px\" \/><\/p>\n<p><img loading=\"lazy\" decoding=\"async\" class=\"alignnone size-full wp-image-66573\" src=\"https:\/\/vocesparalelas.com.ar\/sitio\/wp-content\/uploads\/2023\/12\/FAUD-CURSOS-CAPITAL-02-1.jpg\" alt=\"\" width=\"800\" height=\"533\" srcset=\"https:\/\/vocesparalelas.com.ar\/sitio\/wp-content\/uploads\/2023\/12\/FAUD-CURSOS-CAPITAL-02-1.jpg 800w, https:\/\/vocesparalelas.com.ar\/sitio\/wp-content\/uploads\/2023\/12\/FAUD-CURSOS-CAPITAL-02-1-300x200.jpg 300w, https:\/\/vocesparalelas.com.ar\/sitio\/wp-content\/uploads\/2023\/12\/FAUD-CURSOS-CAPITAL-02-1-768x512.jpg 768w\" sizes=\"auto, (max-width: 800px) 100vw, 800px\" \/><\/p>\n<p>Durante el acto se conform\u00f3 la mesa acad\u00e9mica con el intendente de la municipalidad de la Capital, Dr. Emilio Baistrocchi, el Decano de la FAUD de la UNSJ, Arq. Guillermo Velasco y la Secretaria del SECITI del Gobierno de San Juan, Ing. Marita Benavente, quienes coincidieron que los interesados buscan m\u00e1s capacitaciones que les mejores su actividad de trabajo.<\/p>\n<p><img loading=\"lazy\" decoding=\"async\" class=\"alignnone size-full wp-image-66577\" src=\"https:\/\/vocesparalelas.com.ar\/sitio\/wp-content\/uploads\/2023\/12\/FAUD-CURSOS-CAPITAL-03.jpg\" alt=\"\" width=\"800\" height=\"533\" srcset=\"https:\/\/vocesparalelas.com.ar\/sitio\/wp-content\/uploads\/2023\/12\/FAUD-CURSOS-CAPITAL-03.jpg 800w, https:\/\/vocesparalelas.com.ar\/sitio\/wp-content\/uploads\/2023\/12\/FAUD-CURSOS-CAPITAL-03-300x200.jpg 300w, https:\/\/vocesparalelas.com.ar\/sitio\/wp-content\/uploads\/2023\/12\/FAUD-CURSOS-CAPITAL-03-768x512.jpg 768w\" sizes=\"auto, (max-width: 800px) 100vw, 800px\" \/><\/p>\n<ul>\n<li><span style=\"color: #ff6600;\"><strong>Taller Experimental de Tecnolog\u00edas Constructivas; Curso: \u00abYeser\u00eda de Obra\u00bb:\u00a0<\/strong><\/span>Nicol\u00e1s Ram\u00f3n Alanis, Sebasti\u00e1n Alejandro Alanis, Lucas Alberto Calder\u00f3n, Ismael Isaias Escudero, Sergio David Escudero, Fernando Omar Gomez, Yohana Stefan\u00eda Rey Quintero, Maximiliano Emanuel Tapia Olivera, Alex Tapia Olivera, Juan Antonio Tapia, Yusef Oscar Vedia.<\/li>\n<li><span style=\"color: #ff6600;\"><strong>Taller Experimental De T\u00e9cnicas De Reproducci\u00f3n Gr\u00e1ficas: Curso: T\u00e9cnico En Serigraf\u00eda\u00bb:\u00a0<\/strong><\/span>Gustavo Bencharski, Marisa Elena C\u00e1ceres, Marta Contreras, Lucia Edith De Dios, Lourdes Delgado, Gisel Carolina D\u00edaz Toranzo, Myriam Beatriz Donoso, Sergio Flores, \u00c1ngela Herrera, Mar\u00eda Laura Hidalgo, Lucas Monta\u00f1o, Mariana Orellano, M\u00f3nica P\u00e1ez, Lucas Gabriel Quispe, Mar\u00eda Isabel Riquelme, Alexis Nicol\u00e1s Riveros, Luis Alexander Toledo Cheriones, Yamila Ubilla, Mar\u00eda Amelia del Valle Valdez.<\/li>\n<li><span style=\"color: #ff6600;\"><strong>Taller Experimental De T\u00e9cnicas En Dibujo Digital, Curso: \u00abGrafica Digital Para Arquitectura. Autocad\/Sketchup\u00bb:\u00a0<\/strong>M<\/span>iguel Angel Aballay, Victor Omar Aciar, Anibal Castro, P\u00eda Nahir Chicala Caballero, David Fernando Cruz Mart\u00ednez, Ver\u00f3nica Gil Crescentino, Erika Lujan Gomez Ocampo, Leonardo Sebastian Jofre, Federico Fabricio Kermen, Valeria Martin Chipre, Marcelo Ochoa, Martin Gonzalo Pacheco Paez, Luis Perrotat, Ricardo Horacio Sandez,<\/li>\n<\/ul>\n<p><img loading=\"lazy\" decoding=\"async\" class=\"alignnone size-full wp-image-66575\" src=\"https:\/\/vocesparalelas.com.ar\/sitio\/wp-content\/uploads\/2023\/12\/FAUD-CURSOS-CAPITAL-05.jpg\" alt=\"\" width=\"800\" height=\"533\" srcset=\"https:\/\/vocesparalelas.com.ar\/sitio\/wp-content\/uploads\/2023\/12\/FAUD-CURSOS-CAPITAL-05.jpg 800w, https:\/\/vocesparalelas.com.ar\/sitio\/wp-content\/uploads\/2023\/12\/FAUD-CURSOS-CAPITAL-05-300x200.jpg 300w, https:\/\/vocesparalelas.com.ar\/sitio\/wp-content\/uploads\/2023\/12\/FAUD-CURSOS-CAPITAL-05-768x512.jpg 768w\" sizes=\"auto, (max-width: 800px) 100vw, 800px\" \/><\/p>\n<p><img loading=\"lazy\" decoding=\"async\" class=\"alignnone size-full wp-image-66576\" src=\"https:\/\/vocesparalelas.com.ar\/sitio\/wp-content\/uploads\/2023\/12\/FAUD-CURSOS-CAPITAL-06.jpg\" alt=\"\" width=\"800\" height=\"533\" srcset=\"https:\/\/vocesparalelas.com.ar\/sitio\/wp-content\/uploads\/2023\/12\/FAUD-CURSOS-CAPITAL-06.jpg 800w, https:\/\/vocesparalelas.com.ar\/sitio\/wp-content\/uploads\/2023\/12\/FAUD-CURSOS-CAPITAL-06-300x200.jpg 300w, https:\/\/vocesparalelas.com.ar\/sitio\/wp-content\/uploads\/2023\/12\/FAUD-CURSOS-CAPITAL-06-768x512.jpg 768w\" sizes=\"auto, (max-width: 800px) 100vw, 800px\" \/><\/p>\n<p>&nbsp;<\/p>\n<p><img loading=\"lazy\" decoding=\"async\" class=\"alignnone size-full wp-image-66537\" src=\"https:\/\/vocesparalelas.com.ar\/sitio\/wp-content\/uploads\/2023\/12\/FAUD-LOGO-TOTAL.jpg\" alt=\"\" width=\"800\" height=\"533\" srcset=\"https:\/\/vocesparalelas.com.ar\/sitio\/wp-content\/uploads\/2023\/12\/FAUD-LOGO-TOTAL.jpg 800w, https:\/\/vocesparalelas.com.ar\/sitio\/wp-content\/uploads\/2023\/12\/FAUD-LOGO-TOTAL-300x200.jpg 300w, https:\/\/vocesparalelas.com.ar\/sitio\/wp-content\/uploads\/2023\/12\/FAUD-LOGO-TOTAL-768x512.jpg 768w\" sizes=\"auto, (max-width: 800px) 100vw, 800px\" \/><\/p>\n","protected":false},"excerpt":{"rendered":"<p>La Facultad de Arquitectura, Urbanismo y Dise\u00f1o de la Universidad Nacional de San Juan, en el marco de la firma<\/p>\n","protected":false},"author":3,"featured_media":66574,"comment_status":"closed","ping_status":"closed","sticky":false,"template":"","format":"standard","meta":{"_acf_changed":false,"_seopress_robots_primary_cat":"none","_seopress_titles_title":"","_seopress_titles_desc":"","_seopress_robots_index":"","colormag_page_container_layout":"default_layout","colormag_page_sidebar_layout":"default_layout","footnotes":""},"categories":[9,7],"tags":[],"class_list":["post-66568","post","type-post","status-publish","format-standard","has-post-thumbnail","hentry","category-cursos","category-videos"],"acf":[],"_links":{"self":[{"href":"https:\/\/vocesparalelas.com.ar\/sitio\/wp-json\/wp\/v2\/posts\/66568","targetHints":{"allow":["GET"]}}],"collection":[{"href":"https:\/\/vocesparalelas.com.ar\/sitio\/wp-json\/wp\/v2\/posts"}],"about":[{"href":"https:\/\/vocesparalelas.com.ar\/sitio\/wp-json\/wp\/v2\/types\/post"}],"author":[{"embeddable":true,"href":"https:\/\/vocesparalelas.com.ar\/sitio\/wp-json\/wp\/v2\/users\/3"}],"replies":[{"embeddable":true,"href":"https:\/\/vocesparalelas.com.ar\/sitio\/wp-json\/wp\/v2\/comments?post=66568"}],"version-history":[{"count":1,"href":"https:\/\/vocesparalelas.com.ar\/sitio\/wp-json\/wp\/v2\/posts\/66568\/revisions"}],"predecessor-version":[{"id":66578,"href":"https:\/\/vocesparalelas.com.ar\/sitio\/wp-json\/wp\/v2\/posts\/66568\/revisions\/66578"}],"wp:featuredmedia":[{"embeddable":true,"href":"https:\/\/vocesparalelas.com.ar\/sitio\/wp-json\/wp\/v2\/media\/66574"}],"wp:attachment":[{"href":"https:\/\/vocesparalelas.com.ar\/sitio\/wp-json\/wp\/v2\/media?parent=66568"}],"wp:term":[{"taxonomy":"category","embeddable":true,"href":"https:\/\/vocesparalelas.com.ar\/sitio\/wp-json\/wp\/v2\/categories?post=66568"},{"taxonomy":"post_tag","embeddable":true,"href":"https:\/\/vocesparalelas.com.ar\/sitio\/wp-json\/wp\/v2\/tags?post=66568"}],"curies":[{"name":"wp","href":"https:\/\/api.w.org\/{rel}","templated":true}]}}