{"id":66559,"date":"2023-12-04T23:20:43","date_gmt":"2023-12-05T02:20:43","guid":{"rendered":"https:\/\/vocesparalelas.com.ar\/sitio\/?p=66559"},"modified":"2023-12-06T19:39:12","modified_gmt":"2023-12-06T22:39:12","slug":"que-significa-la-diplomatura-procesos-productivos-de-indumentaria-en-la-faud-de-la-unsj","status":"publish","type":"post","link":"https:\/\/vocesparalelas.com.ar\/sitio\/que-significa-la-diplomatura-procesos-productivos-de-indumentaria-en-la-faud-de-la-unsj\/","title":{"rendered":"\u00bfQu\u00e9 significa la Diplomatura \u00abProcesos productivos de indumentaria\u00bb en la FAUD de la UNSJ?"},"content":{"rendered":"<p>La Facultad de Arquitectura, Urbanismo y Dise\u00f1o de la Universidad Nacional de San Juan dict\u00f3 la Diplomatura \u00abProcesos productivos de indumentaria\u00bb, en el marco del Programa \u00abConocimientos para el desarrollo \u2013 CODE 2023, de la Secretar\u00eda de Estado de Ciencia, Tecnolog\u00eda e Innovaci\u00f3n del Gobierno de San Juan, aprobado por Resoluci\u00f3n N\u00ba 0122-SECITI-2023.<\/p>\n<p>Por ello, Voces Paralelas desarroll\u00f3 una entrevista period\u00edstica a la Vicedecana de la FAUD de la UNSJ, Esp. D.I.G. Natalia Sevilla Posleman, quien describi\u00f3 lo que significa para el trabajo que se realiza desde la Unidad Acad\u00e9mica brindar un servicio a la sociedad.<\/p>\n<p><iframe loading=\"lazy\" title=\"FAUD UNSJ  VICEDECANA DIG NATALIA SEVILLA POSLEMAN\" width=\"800\" height=\"450\" src=\"https:\/\/www.youtube.com\/embed\/Hi6VGzLAap4?feature=oembed\" frameborder=\"0\" allow=\"accelerometer; autoplay; clipboard-write; encrypted-media; gyroscope; picture-in-picture; web-share\" allowfullscreen><\/iframe><\/p>\n<p>&nbsp;<\/p>\n<p>La FAUD de la UNSJ siempre en di\u00e1logo permanente con las organizaciones de la sociedad civil y el estado, ha avanzado en su tarea y en su compromiso universitario, generando pol\u00edticas acad\u00e9micas, que, al presente, impulsan competencias t\u00e9cnicas necesarias para la inserci\u00f3n laboral, en respuesta a las necesidades del sector productivo, industrial y de servicios local<\/p>\n<p>La diplomatura de extensi\u00f3n en Procesos Productivos de Indumentaria, constituy\u00f3 una propuesta educativa integral te\u00f3rica y pr\u00e1ctica, con amplio potencial laboral en la producci\u00f3n de prendas de vestir, en las \u00e1reas de molder\u00eda, confecci\u00f3n y dise\u00f1o, incorporando enfoques de sustentabilidad ambiental, social y econ\u00f3mica.<\/p>\n<p><strong><span style=\"color: #ff6600;\">Excelente Producci\u00f3n de indumentaria<\/span><\/strong><\/p>\n<p><img loading=\"lazy\" decoding=\"async\" class=\"alignnone size-full wp-image-66515\" src=\"https:\/\/vocesparalelas.com.ar\/sitio\/wp-content\/uploads\/2023\/12\/FAUD-DIPLOMATURA-INDUMENTARIA-04.jpg\" alt=\"\" width=\"800\" height=\"533\" srcset=\"https:\/\/vocesparalelas.com.ar\/sitio\/wp-content\/uploads\/2023\/12\/FAUD-DIPLOMATURA-INDUMENTARIA-04.jpg 800w, https:\/\/vocesparalelas.com.ar\/sitio\/wp-content\/uploads\/2023\/12\/FAUD-DIPLOMATURA-INDUMENTARIA-04-300x200.jpg 300w, https:\/\/vocesparalelas.com.ar\/sitio\/wp-content\/uploads\/2023\/12\/FAUD-DIPLOMATURA-INDUMENTARIA-04-768x512.jpg 768w\" sizes=\"auto, (max-width: 800px) 100vw, 800px\" \/><\/p>\n<p><img loading=\"lazy\" decoding=\"async\" class=\"alignnone size-full wp-image-66514\" src=\"https:\/\/vocesparalelas.com.ar\/sitio\/wp-content\/uploads\/2023\/12\/FAUD-DIPLOMATURA-INDUMENTARIA-03.jpg\" alt=\"\" width=\"800\" height=\"533\" srcset=\"https:\/\/vocesparalelas.com.ar\/sitio\/wp-content\/uploads\/2023\/12\/FAUD-DIPLOMATURA-INDUMENTARIA-03.jpg 800w, https:\/\/vocesparalelas.com.ar\/sitio\/wp-content\/uploads\/2023\/12\/FAUD-DIPLOMATURA-INDUMENTARIA-03-300x200.jpg 300w, https:\/\/vocesparalelas.com.ar\/sitio\/wp-content\/uploads\/2023\/12\/FAUD-DIPLOMATURA-INDUMENTARIA-03-768x512.jpg 768w\" sizes=\"auto, (max-width: 800px) 100vw, 800px\" \/><\/p>\n<p>&nbsp;<\/p>\n<p><img loading=\"lazy\" decoding=\"async\" class=\"alignnone size-full wp-image-66537\" src=\"https:\/\/vocesparalelas.com.ar\/sitio\/wp-content\/uploads\/2023\/12\/FAUD-LOGO-TOTAL.jpg\" alt=\"\" width=\"800\" height=\"533\" srcset=\"https:\/\/vocesparalelas.com.ar\/sitio\/wp-content\/uploads\/2023\/12\/FAUD-LOGO-TOTAL.jpg 800w, https:\/\/vocesparalelas.com.ar\/sitio\/wp-content\/uploads\/2023\/12\/FAUD-LOGO-TOTAL-300x200.jpg 300w, https:\/\/vocesparalelas.com.ar\/sitio\/wp-content\/uploads\/2023\/12\/FAUD-LOGO-TOTAL-768x512.jpg 768w\" sizes=\"auto, (max-width: 800px) 100vw, 800px\" \/><\/p>\n","protected":false},"excerpt":{"rendered":"<p>La Facultad de Arquitectura, Urbanismo y Dise\u00f1o de la Universidad Nacional de San Juan dict\u00f3 la Diplomatura \u00abProcesos productivos de<\/p>\n","protected":false},"author":3,"featured_media":66564,"comment_status":"closed","ping_status":"closed","sticky":false,"template":"","format":"standard","meta":{"_acf_changed":false,"_seopress_robots_primary_cat":"none","_seopress_titles_title":"","_seopress_titles_desc":"","_seopress_robots_index":"","colormag_page_container_layout":"default_layout","colormag_page_sidebar_layout":"default_layout","footnotes":""},"categories":[15,7],"tags":[],"class_list":["post-66559","post","type-post","status-publish","format-standard","has-post-thumbnail","hentry","category-posgrados","category-videos"],"acf":[],"_links":{"self":[{"href":"https:\/\/vocesparalelas.com.ar\/sitio\/wp-json\/wp\/v2\/posts\/66559","targetHints":{"allow":["GET"]}}],"collection":[{"href":"https:\/\/vocesparalelas.com.ar\/sitio\/wp-json\/wp\/v2\/posts"}],"about":[{"href":"https:\/\/vocesparalelas.com.ar\/sitio\/wp-json\/wp\/v2\/types\/post"}],"author":[{"embeddable":true,"href":"https:\/\/vocesparalelas.com.ar\/sitio\/wp-json\/wp\/v2\/users\/3"}],"replies":[{"embeddable":true,"href":"https:\/\/vocesparalelas.com.ar\/sitio\/wp-json\/wp\/v2\/comments?post=66559"}],"version-history":[{"count":2,"href":"https:\/\/vocesparalelas.com.ar\/sitio\/wp-json\/wp\/v2\/posts\/66559\/revisions"}],"predecessor-version":[{"id":66567,"href":"https:\/\/vocesparalelas.com.ar\/sitio\/wp-json\/wp\/v2\/posts\/66559\/revisions\/66567"}],"wp:featuredmedia":[{"embeddable":true,"href":"https:\/\/vocesparalelas.com.ar\/sitio\/wp-json\/wp\/v2\/media\/66564"}],"wp:attachment":[{"href":"https:\/\/vocesparalelas.com.ar\/sitio\/wp-json\/wp\/v2\/media?parent=66559"}],"wp:term":[{"taxonomy":"category","embeddable":true,"href":"https:\/\/vocesparalelas.com.ar\/sitio\/wp-json\/wp\/v2\/categories?post=66559"},{"taxonomy":"post_tag","embeddable":true,"href":"https:\/\/vocesparalelas.com.ar\/sitio\/wp-json\/wp\/v2\/tags?post=66559"}],"curies":[{"name":"wp","href":"https:\/\/api.w.org\/{rel}","templated":true}]}}