{"id":66555,"date":"2023-12-04T17:25:49","date_gmt":"2023-12-04T20:25:49","guid":{"rendered":"https:\/\/vocesparalelas.com.ar\/sitio\/?p=66555"},"modified":"2023-12-05T23:27:20","modified_gmt":"2023-12-06T02:27:20","slug":"interpretacion-de-datos-y-analisis-para-aplicacion-practica-en-entornos-escolares-de-san-juan","status":"publish","type":"post","link":"https:\/\/vocesparalelas.com.ar\/sitio\/interpretacion-de-datos-y-analisis-para-aplicacion-practica-en-entornos-escolares-de-san-juan\/","title":{"rendered":"\u201cInterpretaci\u00f3n de datos y an\u00e1lisis para aplicaci\u00f3n pr\u00e1ctica en entornos escolares\u00bb de San Juan"},"content":{"rendered":"<p>La Secretar\u00eda de Estado de Deportes del Gobierno de San Juan realiza el Martes, 05 de Diciembre, desde las 9:30 hasta las 13:30 hs.; en la Sala Audit\u00f3rium del Teatro del Bicentenario de 2023, la capacitaci\u00f3n \u00abInterpretaci\u00f3n de datos y an\u00e1lisis para aplicaci\u00f3n pr\u00e1ctica en entornos escolares\u00bb.<\/p>\n<p>El objetivo primordial de este evento es divulgar, por primera vez, ante la comunidad de San Juan diferentes datos recolectados en las diferentes observaciones que se realizaron durante este a\u00f1o en los establecimientos escolares.<\/p>\n<ul>\n<li>Los promedios relativos a variables como peso, altura, envergadura, velocidad, resistencia, entre otros, correspondientes a nuestra poblaci\u00f3n de j\u00f3venes de edades comprendidas entre los 12 y 16 a\u00f1os.<\/li>\n<li>La comparativa anal\u00edtica de estos promedios con valores y estudios realizados en otras comunidades.<\/li>\n<li>Diversas estrategias de aplicaci\u00f3n pr\u00e1ctica en entornos escolares para mejorar las habilidades evaluadas.<\/li>\n<li>La proyecci\u00f3n y planificaci\u00f3n futura del programa en nuestra provincia.<\/li>\n<li>La pr\u00f3xima edici\u00f3n y lanzamiento del libro del programa, el cual contendr\u00e1 la totalidad de la informaci\u00f3n y an\u00e1lisis del estudio realizado.<\/li>\n<li>La presentaci\u00f3n de un sistema inform\u00e1tico de an\u00e1lisis de datos, desarrollado por el equipo de trabajo, que proporciona una aproximaci\u00f3n al perfil deportivo del evaluado en 17 disciplinas.<\/li>\n<\/ul>\n<p>Es importante resaltar que es la primera vez en la historia que una provincia da a conocer de manera p\u00fablica los datos obtenidos en esta evaluaci\u00f3n masiva en el rango etario de 12 a 16 a\u00f1os.<\/p>\n<p><img loading=\"lazy\" decoding=\"async\" class=\"alignnone size-large wp-image-42733\" src=\"https:\/\/vocesparalelas.com.ar\/sitio\/wp-content\/uploads\/2021\/10\/INTERCOLEGIALES-02-800x533.jpg\" alt=\"\" width=\"800\" height=\"533\" srcset=\"https:\/\/vocesparalelas.com.ar\/sitio\/wp-content\/uploads\/2021\/10\/INTERCOLEGIALES-02-800x533.jpg 800w, https:\/\/vocesparalelas.com.ar\/sitio\/wp-content\/uploads\/2021\/10\/INTERCOLEGIALES-02-300x200.jpg 300w, https:\/\/vocesparalelas.com.ar\/sitio\/wp-content\/uploads\/2021\/10\/INTERCOLEGIALES-02-768x512.jpg 768w, https:\/\/vocesparalelas.com.ar\/sitio\/wp-content\/uploads\/2021\/10\/INTERCOLEGIALES-02.jpg 1023w\" sizes=\"auto, (max-width: 800px) 100vw, 800px\" \/><\/p>\n<p>La trascendencia de estos an\u00e1lisis que se divulgan en este encuentro y que tienen un car\u00e1cter diagn\u00f3stico, es de utilidad no solo en el entorno escolar durante las clases de educaci\u00f3n f\u00edsica, sino tambi\u00e9n en los clubes y el alto rendimiento.<\/p>\n<p>Esto se vuelve esencial para poder trabajar en pos de una mejora continua en el desarrollo de nuestros estudiantes y deportistas. Por esta raz\u00f3n, se considera relevante que participen los medios de comunicaci\u00f3n radiales, televisivos, gr\u00e1ficos y digitales.<\/p>\n<p>Todos aquellos que deseen formar parte de dicha capacitaci\u00f3n solo deben asistir y no es necesario una inscripci\u00f3n previa.<\/p>\n<p><img loading=\"lazy\" decoding=\"async\" class=\"alignnone size-large wp-image-21666\" src=\"https:\/\/vocesparalelas.com.ar\/sitio\/wp-content\/uploads\/2019\/06\/TEATRO-BICENTENARIO-10-800x600.jpg\" alt=\"\" width=\"800\" height=\"600\" srcset=\"https:\/\/vocesparalelas.com.ar\/sitio\/wp-content\/uploads\/2019\/06\/TEATRO-BICENTENARIO-10-800x600.jpg 800w, https:\/\/vocesparalelas.com.ar\/sitio\/wp-content\/uploads\/2019\/06\/TEATRO-BICENTENARIO-10-300x225.jpg 300w, https:\/\/vocesparalelas.com.ar\/sitio\/wp-content\/uploads\/2019\/06\/TEATRO-BICENTENARIO-10-768x576.jpg 768w, https:\/\/vocesparalelas.com.ar\/sitio\/wp-content\/uploads\/2019\/06\/TEATRO-BICENTENARIO-10.jpg 1000w\" sizes=\"auto, (max-width: 800px) 100vw, 800px\" \/><\/p>\n<p>&nbsp;<\/p>\n","protected":false},"excerpt":{"rendered":"<p>La Secretar\u00eda de Estado de Deportes del Gobierno de San Juan realiza el Martes, 05 de Diciembre, desde las 9:30<\/p>\n","protected":false},"author":3,"featured_media":13118,"comment_status":"closed","ping_status":"closed","sticky":false,"template":"","format":"standard","meta":{"_acf_changed":false,"_seopress_robots_primary_cat":"none","_seopress_titles_title":"","_seopress_titles_desc":"","_seopress_robots_index":"","colormag_page_container_layout":"default_layout","colormag_page_sidebar_layout":"default_layout","footnotes":""},"categories":[9],"tags":[],"class_list":["post-66555","post","type-post","status-publish","format-standard","has-post-thumbnail","hentry","category-cursos"],"acf":[],"_links":{"self":[{"href":"https:\/\/vocesparalelas.com.ar\/sitio\/wp-json\/wp\/v2\/posts\/66555","targetHints":{"allow":["GET"]}}],"collection":[{"href":"https:\/\/vocesparalelas.com.ar\/sitio\/wp-json\/wp\/v2\/posts"}],"about":[{"href":"https:\/\/vocesparalelas.com.ar\/sitio\/wp-json\/wp\/v2\/types\/post"}],"author":[{"embeddable":true,"href":"https:\/\/vocesparalelas.com.ar\/sitio\/wp-json\/wp\/v2\/users\/3"}],"replies":[{"embeddable":true,"href":"https:\/\/vocesparalelas.com.ar\/sitio\/wp-json\/wp\/v2\/comments?post=66555"}],"version-history":[{"count":1,"href":"https:\/\/vocesparalelas.com.ar\/sitio\/wp-json\/wp\/v2\/posts\/66555\/revisions"}],"predecessor-version":[{"id":66558,"href":"https:\/\/vocesparalelas.com.ar\/sitio\/wp-json\/wp\/v2\/posts\/66555\/revisions\/66558"}],"wp:featuredmedia":[{"embeddable":true,"href":"https:\/\/vocesparalelas.com.ar\/sitio\/wp-json\/wp\/v2\/media\/13118"}],"wp:attachment":[{"href":"https:\/\/vocesparalelas.com.ar\/sitio\/wp-json\/wp\/v2\/media?parent=66555"}],"wp:term":[{"taxonomy":"category","embeddable":true,"href":"https:\/\/vocesparalelas.com.ar\/sitio\/wp-json\/wp\/v2\/categories?post=66555"},{"taxonomy":"post_tag","embeddable":true,"href":"https:\/\/vocesparalelas.com.ar\/sitio\/wp-json\/wp\/v2\/tags?post=66555"}],"curies":[{"name":"wp","href":"https:\/\/api.w.org\/{rel}","templated":true}]}}