{"id":66544,"date":"2023-12-04T17:05:44","date_gmt":"2023-12-04T20:05:44","guid":{"rendered":"https:\/\/vocesparalelas.com.ar\/sitio\/?p=66544"},"modified":"2023-12-04T17:05:55","modified_gmt":"2023-12-04T20:05:55","slug":"se-dono-documentacion-historica-al-gobierno-de-san-juan","status":"publish","type":"post","link":"https:\/\/vocesparalelas.com.ar\/sitio\/se-dono-documentacion-historica-al-gobierno-de-san-juan\/","title":{"rendered":"Se don\u00f3 documentaci\u00f3n hist\u00f3rica al Gobierno de San Juan"},"content":{"rendered":"<p dir=\"ltr\">El gobernador de San Juan, Dr. Sergio U\u00f1ac particip\u00f3 del acto de donaci\u00f3n de documentaci\u00f3n hist\u00f3rica, libros, fotograf\u00eda y objetos por parte de la empresa Caleras San Juan S.A.<\/p>\n<p dir=\"ltr\">El gobernador estuvo acompa\u00f1ado por la ministra de Turismo y Cultura, Lic. Claudia Grynszpan; secretaria de Cultura, Lic. Virginia Agote, del secretario de Relaciones Institucionales, Lic. Marcelo Fretes; el director del SIPAR y AGP, Gast\u00f3n Reino; el director de Acci\u00f3n Cultural y Director a Cargo del Museo Hist\u00f3rico Provincial Agust\u00edn V. Gnecco, Lic. Daniel Izasa; de la Bibliotecaria Nacional, Sandra Reta; la secretar\u00eda T\u00e9cnica e Inspectora General de Archivos del SIPAR, Prof. Susana Tello; gerente de la Empresa Caleras San Juan S.A, Ra\u00fal Cabanay.<\/p>\n<p dir=\"ltr\">Entre los 44 documentos donados, se destaca una carta del Gral. Jos\u00e9 de San Mart\u00edn, del 17 de febrero de 1816, dirigida al teniente gobernador Jos\u00e9 Ignacio de la Roza sobre la designaci\u00f3n de los alcaldes de cuarteles urbanos y rurales. Tambi\u00e9n una conmovedora carta de Domingo Faustino Sarmiento a su hijo Dominguito conteniendo recomendaciones y consejos de padre, del 20 de noviembre de 1861. Todos los documentos son destinados al SIPAR \u2013 AGP.<\/p>\n<p dir=\"ltr\">Entre los libros se encuentra el libro titulado \u201cD. F. Sarmiento, diputado al Congreso Nacional por la Provincia de San Juan al General D. Justo Jos\u00e9 de Urquiza. Vencedor en Caseros\u201d. Editado en Chile en 1852 por la Imprenta de Julio Bel\u00edn.<\/p>\n<p dir=\"ltr\">Una Plaqueta rectangular de peltre por la colocaci\u00f3n de la piedra fundamental del Hospital Rawson de San Juan del 30 de noviembre de 1913, otra plaqueta rectangular de peltre en homenaje a la inauguraci\u00f3n de la estatua de Antonino Aberastain del 12 de enero de 1914. Y un retrato de pie de mujer (posiblemente Procesa Sarmiento) de autor desconocido, cerca de finales del Siglo XIX- principios del XX, que presenta un manuscrito en su reverso con el nombre de la posible retratada, su edad y a\u00f1o (1858).<\/p>\n<p dir=\"ltr\">Todos estos bienes pasan a formar parte de la Colecci\u00f3n del Museo Hist\u00f3rico Provincial Agust\u00edn V. Gnecco.<\/p>\n<p dir=\"ltr\">Tras el encuentro la ministra Lic. Claudia Grynszpan destac\u00f3 la importancia de reconocer las ra\u00edces sanjuaninas y puso en valor la empresa Calera San Juan. En ese sentido asegur\u00f3 que \u201cCalera San Juan ha estado presente en distintas actividades y sobre todo en la recuperaci\u00f3n del patrimonio, en la puesta de valor del patrimonio. En este caso con una important\u00edsima donaci\u00f3n al Museo Hist\u00f3rico Provincial y al Archivo General de la provincia\u201d.<\/p>\n<p dir=\"ltr\">A continuaci\u00f3n destac\u00f3 que \u201ces muy importante tambi\u00e9n destacar que la cultura de San Juan en estos ocho a\u00f1os ha tenido una decisi\u00f3n pol\u00edtica para el crecimiento de cada uno de los espacios de todos los estamentos de la cultura tanto de las bellas artes como patrimoniales, tambi\u00e9n de la llamada cultura popular que tiene igual de importancia que el resto de las aristas que tiene la cultura\u201d.<\/p>\n<p>&nbsp;<\/p>\n<p><iframe loading=\"lazy\" title=\"Calera San Juan le don\u00f3 documentaci\u00f3n hist\u00f3rica al Gobierno de San Juan\" width=\"800\" height=\"450\" src=\"https:\/\/www.youtube.com\/embed\/QPhk7gIX6ag?feature=oembed\" frameborder=\"0\" allow=\"accelerometer; autoplay; clipboard-write; encrypted-media; gyroscope; picture-in-picture; web-share\" allowfullscreen><\/iframe><\/p>\n","protected":false},"excerpt":{"rendered":"<p>El gobernador de San Juan, Dr. Sergio U\u00f1ac particip\u00f3 del acto de donaci\u00f3n de documentaci\u00f3n hist\u00f3rica, libros, fotograf\u00eda y objetos<\/p>\n","protected":false},"author":3,"featured_media":66547,"comment_status":"closed","ping_status":"closed","sticky":false,"template":"","format":"standard","meta":{"_acf_changed":false,"_seopress_robots_primary_cat":"none","_seopress_titles_title":"","_seopress_titles_desc":"","_seopress_robots_index":"","colormag_page_container_layout":"default_layout","colormag_page_sidebar_layout":"default_layout","footnotes":""},"categories":[1,7],"tags":[],"class_list":["post-66544","post","type-post","status-publish","format-standard","has-post-thumbnail","hentry","category-destacadas","category-videos"],"acf":[],"_links":{"self":[{"href":"https:\/\/vocesparalelas.com.ar\/sitio\/wp-json\/wp\/v2\/posts\/66544","targetHints":{"allow":["GET"]}}],"collection":[{"href":"https:\/\/vocesparalelas.com.ar\/sitio\/wp-json\/wp\/v2\/posts"}],"about":[{"href":"https:\/\/vocesparalelas.com.ar\/sitio\/wp-json\/wp\/v2\/types\/post"}],"author":[{"embeddable":true,"href":"https:\/\/vocesparalelas.com.ar\/sitio\/wp-json\/wp\/v2\/users\/3"}],"replies":[{"embeddable":true,"href":"https:\/\/vocesparalelas.com.ar\/sitio\/wp-json\/wp\/v2\/comments?post=66544"}],"version-history":[{"count":1,"href":"https:\/\/vocesparalelas.com.ar\/sitio\/wp-json\/wp\/v2\/posts\/66544\/revisions"}],"predecessor-version":[{"id":66548,"href":"https:\/\/vocesparalelas.com.ar\/sitio\/wp-json\/wp\/v2\/posts\/66544\/revisions\/66548"}],"wp:featuredmedia":[{"embeddable":true,"href":"https:\/\/vocesparalelas.com.ar\/sitio\/wp-json\/wp\/v2\/media\/66547"}],"wp:attachment":[{"href":"https:\/\/vocesparalelas.com.ar\/sitio\/wp-json\/wp\/v2\/media?parent=66544"}],"wp:term":[{"taxonomy":"category","embeddable":true,"href":"https:\/\/vocesparalelas.com.ar\/sitio\/wp-json\/wp\/v2\/categories?post=66544"},{"taxonomy":"post_tag","embeddable":true,"href":"https:\/\/vocesparalelas.com.ar\/sitio\/wp-json\/wp\/v2\/tags?post=66544"}],"curies":[{"name":"wp","href":"https:\/\/api.w.org\/{rel}","templated":true}]}}