{"id":66520,"date":"2023-12-01T13:25:28","date_gmt":"2023-12-01T16:25:28","guid":{"rendered":"https:\/\/vocesparalelas.com.ar\/sitio\/?p=66520"},"modified":"2023-12-06T21:55:01","modified_gmt":"2023-12-07T00:55:01","slug":"la-valorizacion-a-los-profesores-de-guitarra-bajo-el-concierto-de-agradecimiento","status":"publish","type":"post","link":"https:\/\/vocesparalelas.com.ar\/sitio\/la-valorizacion-a-los-profesores-de-guitarra-bajo-el-concierto-de-agradecimiento\/","title":{"rendered":"La valorizaci\u00f3n a los Profesores de Guitarra bajo el Concierto de agradecimiento"},"content":{"rendered":"<p>El Mi\u00e9rcoles, 6 de Diciembre, a las 21 hs.; en el Auditorio Ing. Juan Victoria, con entrada libre y gratuita se desarrolla el Concierto \u00abHomenaje a los Maestros Omar Atreo Buschiazzo y Graciela L\u00f3pez Cazenave\u00bb, una iniciativa de ex alumnos de sus profesores de guitarra que provocaron en cada uno de ellos el amor por la m\u00fasica, la dedicaci\u00f3n y la perseverancia de la perfecci\u00f3n del sonido de un instrumento familiar.<\/p>\n<figure id=\"attachment_66455\" aria-describedby=\"caption-attachment-66455\" style=\"width: 800px\" class=\"wp-caption alignnone\"><img loading=\"lazy\" decoding=\"async\" class=\"wp-image-66455 size-full\" src=\"https:\/\/vocesparalelas.com.ar\/sitio\/wp-content\/uploads\/2023\/12\/FFHA-BUSCHIAZZO.jpg\" alt=\"\" width=\"800\" height=\"464\" srcset=\"https:\/\/vocesparalelas.com.ar\/sitio\/wp-content\/uploads\/2023\/12\/FFHA-BUSCHIAZZO.jpg 800w, https:\/\/vocesparalelas.com.ar\/sitio\/wp-content\/uploads\/2023\/12\/FFHA-BUSCHIAZZO-300x174.jpg 300w, https:\/\/vocesparalelas.com.ar\/sitio\/wp-content\/uploads\/2023\/12\/FFHA-BUSCHIAZZO-768x445.jpg 768w\" sizes=\"auto, (max-width: 800px) 100vw, 800px\" \/><figcaption id=\"caption-attachment-66455\" class=\"wp-caption-text\">Los Maestros Omar Atreo Buschiazzo y Graciela L\u00f3pez Cazenave<\/figcaption><\/figure>\n<p>Es importante desatacar que, es organizado por el Centro de Creaci\u00f3n Art\u00edstica Orquestal de la \u00a0Facultad de Filosof\u00eda, Humanidades y Artes de la Universidad Nacional de San Juan en el marco del Ciclo de M\u00fasica de C\u00e1mara 2023.<\/p>\n<p>Por ello, Voces Paralelas desarroll\u00f3 una entrevista period\u00edstica sumamente emotiva al ex alumno del Maestro Omar Atreo Buschiazzo, Prof. Fernando Hidalgo, quien vive en Jun\u00edn de los Andes, Provincia de Neuqu\u00e9n, relat\u00f3 como se gest\u00f3 la idea de brindar un homenaje en vida con un concierto convocante para agradecer lo aprendido y que les permiti\u00f3 desarrollar su profesi\u00f3n como formadores de otros alumnos con la ejecuci\u00f3n de la guitarra.<\/p>\n<p>&nbsp;<\/p>\n<p><iframe loading=\"lazy\" title=\"PROF FERNANDO HIDALGO\" width=\"800\" height=\"450\" src=\"https:\/\/www.youtube.com\/embed\/s-kj7HqO8KA?feature=oembed\" frameborder=\"0\" allow=\"accelerometer; autoplay; clipboard-write; encrypted-media; gyroscope; picture-in-picture; web-share\" allowfullscreen><\/iframe><\/p>\n<p>&nbsp;<\/p>\n<p><strong><span style=\"color: #339966;\">Otros Datos<\/span><\/strong><\/p>\n<p>El Prof. Fernando Hidalgo, naci\u00f3 en San Juan y vive hace 40 a\u00f1os, en Jun\u00edn de los Andes, Provincia de Neuqu\u00e9n, Rep\u00fablica Argentina, con su familia y su vida laboral la conjug\u00f3 entre la ense\u00f1anza de guitarra en forma particular, en conciertos y en escuelas, continuando el legado de sus profesores entre los cuales el Maestro Omar Atreo Buschiazzo. Siempre estuvo la idea de homenajear a su profesor, quien le transmiti\u00f3 el amor por el instrumentos familiar, la guitarra. As\u00ed fue y hoy jubilado sigue el legado aprendido.<\/p>\n<p><img loading=\"lazy\" decoding=\"async\" class=\"alignnone size-full wp-image-66523 aligncenter\" src=\"https:\/\/vocesparalelas.com.ar\/sitio\/wp-content\/uploads\/2023\/12\/JUNIN-DE-LOS-ANDES-NEUQUE.jpg\" alt=\"\" width=\"500\" height=\"746\" srcset=\"https:\/\/vocesparalelas.com.ar\/sitio\/wp-content\/uploads\/2023\/12\/JUNIN-DE-LOS-ANDES-NEUQUE.jpg 500w, https:\/\/vocesparalelas.com.ar\/sitio\/wp-content\/uploads\/2023\/12\/JUNIN-DE-LOS-ANDES-NEUQUE-201x300.jpg 201w\" sizes=\"auto, (max-width: 500px) 100vw, 500px\" \/><\/p>\n<p>&nbsp;<\/p>\n<p><img loading=\"lazy\" decoding=\"async\" class=\"alignnone size-full wp-image-61468\" src=\"https:\/\/vocesparalelas.com.ar\/sitio\/wp-content\/uploads\/2023\/07\/AUDITORIO-EDIFICIO.jpg\" alt=\"\" width=\"800\" height=\"533\" srcset=\"https:\/\/vocesparalelas.com.ar\/sitio\/wp-content\/uploads\/2023\/07\/AUDITORIO-EDIFICIO.jpg 800w, https:\/\/vocesparalelas.com.ar\/sitio\/wp-content\/uploads\/2023\/07\/AUDITORIO-EDIFICIO-300x200.jpg 300w, https:\/\/vocesparalelas.com.ar\/sitio\/wp-content\/uploads\/2023\/07\/AUDITORIO-EDIFICIO-768x512.jpg 768w\" sizes=\"auto, (max-width: 800px) 100vw, 800px\" \/><\/p>\n<p>&nbsp;<\/p>\n<p><img loading=\"lazy\" decoding=\"async\" class=\"alignnone size-large wp-image-43889\" src=\"https:\/\/vocesparalelas.com.ar\/sitio\/wp-content\/uploads\/2021\/11\/FFHA-FRENTE-1-800x600.jpg\" alt=\"\" width=\"800\" height=\"600\" srcset=\"https:\/\/vocesparalelas.com.ar\/sitio\/wp-content\/uploads\/2021\/11\/FFHA-FRENTE-1-800x600.jpg 800w, https:\/\/vocesparalelas.com.ar\/sitio\/wp-content\/uploads\/2021\/11\/FFHA-FRENTE-1-300x225.jpg 300w, https:\/\/vocesparalelas.com.ar\/sitio\/wp-content\/uploads\/2021\/11\/FFHA-FRENTE-1-768x576.jpg 768w, https:\/\/vocesparalelas.com.ar\/sitio\/wp-content\/uploads\/2021\/11\/FFHA-FRENTE-1.jpg 1024w\" sizes=\"auto, (max-width: 800px) 100vw, 800px\" \/><\/p>\n<p>&nbsp;<\/p>\n","protected":false},"excerpt":{"rendered":"<p>El Mi\u00e9rcoles, 6 de Diciembre, a las 21 hs.; en el Auditorio Ing. Juan Victoria, con entrada libre y gratuita<\/p>\n","protected":false},"author":3,"featured_media":66511,"comment_status":"closed","ping_status":"closed","sticky":false,"template":"","format":"standard","meta":{"_acf_changed":false,"_seopress_robots_primary_cat":"none","_seopress_titles_title":"","_seopress_titles_desc":"","_seopress_robots_index":"","colormag_page_container_layout":"default_layout","colormag_page_sidebar_layout":"default_layout","footnotes":""},"categories":[1,7],"tags":[],"class_list":["post-66520","post","type-post","status-publish","format-standard","has-post-thumbnail","hentry","category-destacadas","category-videos"],"acf":[],"_links":{"self":[{"href":"https:\/\/vocesparalelas.com.ar\/sitio\/wp-json\/wp\/v2\/posts\/66520","targetHints":{"allow":["GET"]}}],"collection":[{"href":"https:\/\/vocesparalelas.com.ar\/sitio\/wp-json\/wp\/v2\/posts"}],"about":[{"href":"https:\/\/vocesparalelas.com.ar\/sitio\/wp-json\/wp\/v2\/types\/post"}],"author":[{"embeddable":true,"href":"https:\/\/vocesparalelas.com.ar\/sitio\/wp-json\/wp\/v2\/users\/3"}],"replies":[{"embeddable":true,"href":"https:\/\/vocesparalelas.com.ar\/sitio\/wp-json\/wp\/v2\/comments?post=66520"}],"version-history":[{"count":3,"href":"https:\/\/vocesparalelas.com.ar\/sitio\/wp-json\/wp\/v2\/posts\/66520\/revisions"}],"predecessor-version":[{"id":66525,"href":"https:\/\/vocesparalelas.com.ar\/sitio\/wp-json\/wp\/v2\/posts\/66520\/revisions\/66525"}],"wp:featuredmedia":[{"embeddable":true,"href":"https:\/\/vocesparalelas.com.ar\/sitio\/wp-json\/wp\/v2\/media\/66511"}],"wp:attachment":[{"href":"https:\/\/vocesparalelas.com.ar\/sitio\/wp-json\/wp\/v2\/media?parent=66520"}],"wp:term":[{"taxonomy":"category","embeddable":true,"href":"https:\/\/vocesparalelas.com.ar\/sitio\/wp-json\/wp\/v2\/categories?post=66520"},{"taxonomy":"post_tag","embeddable":true,"href":"https:\/\/vocesparalelas.com.ar\/sitio\/wp-json\/wp\/v2\/tags?post=66520"}],"curies":[{"name":"wp","href":"https:\/\/api.w.org\/{rel}","templated":true}]}}