{"id":66506,"date":"2023-12-02T22:11:29","date_gmt":"2023-12-03T01:11:29","guid":{"rendered":"https:\/\/vocesparalelas.com.ar\/sitio\/?p=66506"},"modified":"2023-12-28T00:57:43","modified_gmt":"2023-12-28T03:57:43","slug":"programa-diciembre-2023-de-escuchame-una-cosita-en-san-juan","status":"publish","type":"post","link":"https:\/\/vocesparalelas.com.ar\/sitio\/programa-diciembre-2023-de-escuchame-una-cosita-en-san-juan\/","title":{"rendered":"Programa \u00abDiciembre 2023\u00bb de Escuchame una cosita en San Juan"},"content":{"rendered":"<p>Los Domingos, a las 20 hs.; en Donata del Desierto,\u00a0 en Av Libertador 3311 \u2013 O \u2013 Rivadavia y con Entrada Libre y Gratuita \u00abEsc\u00fachame una cosita\u00bb enciende el patio de canciones.<\/p>\n<p>El cl\u00e1sico de los domingos ofrece m\u00fasica de autoros de San Juan y del pa\u00eds, acompa\u00f1ada de las mas exquisitas cervezas artesanales.<\/p>\n<p><span style=\"color: #ff6600;\"><strong>Programa\u00a0Diciembre 2023 EUC<\/strong><\/span><\/p>\n<ul>\n<li>03 de Diciembre: Esha &amp; Fabricio P\u00e9rez<\/li>\n<li>10 de Diciembre: Cande Mallea &amp; Emi Voiro<\/li>\n<li>17 de Diciembre: Eugenia Renata &amp; Artis<\/li>\n<\/ul>\n<p>Curadur\u00eda y producci\u00f3n del ciclo:<\/p>\n<p>@fabricio_montilla<\/p>\n<p>Flayer @elhora<\/p>\n<p>@ceci_berra<\/p>\n<p>@donatadeldesierto<\/p>\n<p>@escuchameunacositasj<\/p>\n<p>@eshaokk<\/p>\n<p>@barifico<\/p>\n<p>@candemallea<\/p>\n<p>@emivoiro<\/p>\n<p>@arturo.artis<\/p>\n<p>@eugenia.renata<\/p>\n<p>&nbsp;<\/p>\n<p><img loading=\"lazy\" decoding=\"async\" class=\"alignnone size-full wp-image-59803\" src=\"https:\/\/vocesparalelas.com.ar\/sitio\/wp-content\/uploads\/2023\/06\/DONATA-01.jpg\" alt=\"\" width=\"800\" height=\"757\" srcset=\"https:\/\/vocesparalelas.com.ar\/sitio\/wp-content\/uploads\/2023\/06\/DONATA-01.jpg 800w, https:\/\/vocesparalelas.com.ar\/sitio\/wp-content\/uploads\/2023\/06\/DONATA-01-300x284.jpg 300w, https:\/\/vocesparalelas.com.ar\/sitio\/wp-content\/uploads\/2023\/06\/DONATA-01-768x727.jpg 768w\" sizes=\"auto, (max-width: 800px) 100vw, 800px\" \/><\/p>\n<p>&nbsp;<\/p>\n","protected":false},"excerpt":{"rendered":"<p>Los Domingos, a las 20 hs.; en Donata del Desierto,\u00a0 en Av Libertador 3311 \u2013 O \u2013 Rivadavia y con<\/p>\n","protected":false},"author":3,"featured_media":66518,"comment_status":"closed","ping_status":"closed","sticky":false,"template":"","format":"standard","meta":{"_acf_changed":false,"_seopress_robots_primary_cat":"none","_seopress_titles_title":"","_seopress_titles_desc":"","_seopress_robots_index":"","colormag_page_container_layout":"default_layout","colormag_page_sidebar_layout":"default_layout","footnotes":""},"categories":[20],"tags":[],"class_list":["post-66506","post","type-post","status-publish","format-standard","has-post-thumbnail","hentry","category-cartelera"],"acf":[],"_links":{"self":[{"href":"https:\/\/vocesparalelas.com.ar\/sitio\/wp-json\/wp\/v2\/posts\/66506","targetHints":{"allow":["GET"]}}],"collection":[{"href":"https:\/\/vocesparalelas.com.ar\/sitio\/wp-json\/wp\/v2\/posts"}],"about":[{"href":"https:\/\/vocesparalelas.com.ar\/sitio\/wp-json\/wp\/v2\/types\/post"}],"author":[{"embeddable":true,"href":"https:\/\/vocesparalelas.com.ar\/sitio\/wp-json\/wp\/v2\/users\/3"}],"replies":[{"embeddable":true,"href":"https:\/\/vocesparalelas.com.ar\/sitio\/wp-json\/wp\/v2\/comments?post=66506"}],"version-history":[{"count":1,"href":"https:\/\/vocesparalelas.com.ar\/sitio\/wp-json\/wp\/v2\/posts\/66506\/revisions"}],"predecessor-version":[{"id":66519,"href":"https:\/\/vocesparalelas.com.ar\/sitio\/wp-json\/wp\/v2\/posts\/66506\/revisions\/66519"}],"wp:featuredmedia":[{"embeddable":true,"href":"https:\/\/vocesparalelas.com.ar\/sitio\/wp-json\/wp\/v2\/media\/66518"}],"wp:attachment":[{"href":"https:\/\/vocesparalelas.com.ar\/sitio\/wp-json\/wp\/v2\/media?parent=66506"}],"wp:term":[{"taxonomy":"category","embeddable":true,"href":"https:\/\/vocesparalelas.com.ar\/sitio\/wp-json\/wp\/v2\/categories?post=66506"},{"taxonomy":"post_tag","embeddable":true,"href":"https:\/\/vocesparalelas.com.ar\/sitio\/wp-json\/wp\/v2\/tags?post=66506"}],"curies":[{"name":"wp","href":"https:\/\/api.w.org\/{rel}","templated":true}]}}