{"id":66495,"date":"2023-12-02T19:18:01","date_gmt":"2023-12-02T22:18:01","guid":{"rendered":"https:\/\/vocesparalelas.com.ar\/sitio\/?p=66495"},"modified":"2023-12-05T00:16:37","modified_gmt":"2023-12-05T03:16:37","slug":"solicitan-a-la-comunidad-informacion-sobre-obras-visuales-de-los-artistas-de-la-familia-tornambe-de-san-juan","status":"publish","type":"post","link":"https:\/\/vocesparalelas.com.ar\/sitio\/solicitan-a-la-comunidad-informacion-sobre-obras-visuales-de-los-artistas-de-la-familia-tornambe-de-san-juan\/","title":{"rendered":"Solicitan a la comunidad informaci\u00f3n sobre obras visuales de los artistas de la familia Tornamb\u00e9 de San Juan"},"content":{"rendered":"<p>El Centro de Creaci\u00f3n y\u00a0Museo de Artes Visuales de la Facultad de Filosof\u00eda, Humanidades y Artes de la Universidad Nacional de San Juan \u00abMuseo Tornamb\u00e9\u00bb solicita a la comunidad informaci\u00f3n sobre obras visuales de los artistas de la familia Tornamb\u00e9.<\/p>\n<ul>\n<li>Miguel Tornamb\u00e9<\/li>\n<li>Juli\u00e1n Rosendo Tornamb\u00e9<\/li>\n<li>Miguel \u00c1ngel Tornamb\u00e9<\/li>\n<\/ul>\n<p>Estos artistas de San Juan produjeron y difundieron su obra por distintas provincias de la Rep\u00fablica Argentina, entre 1900 y 1990 aproximadamente.<\/p>\n<p>El \u00c1rea de Archivo e Investigaci\u00f3n tiene el objetivo de realizar un relevamiento y registro de las obras no pertenecientes a la instituci\u00f3n.<\/p>\n<p><span style=\"color: #339966;\"><strong>Contacto<\/strong><\/span><\/p>\n<p>Tel\u00e9fono: 264 4234183 de Lunes a Viernes, de 8 a 12 hs.<\/p>\n<p>Mail: <a href=\"mailto:tornambe.archivo@gmail.com\">tornambe.archivo@gmail.com<\/a><\/p>\n<p>Instagram: museo_tornambe<\/p>\n<p>Facebook: Museo Tornamb\u00e9<\/p>\n<p>&nbsp;<\/p>\n<p><img loading=\"lazy\" decoding=\"async\" class=\"alignnone size-large wp-image-43889\" src=\"https:\/\/vocesparalelas.com.ar\/sitio\/wp-content\/uploads\/2021\/11\/FFHA-FRENTE-1-800x600.jpg\" alt=\"\" width=\"800\" height=\"600\" srcset=\"https:\/\/vocesparalelas.com.ar\/sitio\/wp-content\/uploads\/2021\/11\/FFHA-FRENTE-1-800x600.jpg 800w, https:\/\/vocesparalelas.com.ar\/sitio\/wp-content\/uploads\/2021\/11\/FFHA-FRENTE-1-300x225.jpg 300w, https:\/\/vocesparalelas.com.ar\/sitio\/wp-content\/uploads\/2021\/11\/FFHA-FRENTE-1-768x576.jpg 768w, https:\/\/vocesparalelas.com.ar\/sitio\/wp-content\/uploads\/2021\/11\/FFHA-FRENTE-1.jpg 1024w\" sizes=\"auto, (max-width: 800px) 100vw, 800px\" \/><\/p>\n","protected":false},"excerpt":{"rendered":"<p>El Centro de Creaci\u00f3n y\u00a0Museo de Artes Visuales de la Facultad de Filosof\u00eda, Humanidades y Artes de la Universidad Nacional<\/p>\n","protected":false},"author":3,"featured_media":3706,"comment_status":"closed","ping_status":"closed","sticky":false,"template":"","format":"standard","meta":{"_acf_changed":false,"_seopress_robots_primary_cat":"none","_seopress_titles_title":"","_seopress_titles_desc":"","_seopress_robots_index":"","colormag_page_container_layout":"default_layout","colormag_page_sidebar_layout":"default_layout","footnotes":""},"categories":[2],"tags":[],"class_list":["post-66495","post","type-post","status-publish","format-standard","has-post-thumbnail","hentry","category-convocatorias"],"acf":[],"_links":{"self":[{"href":"https:\/\/vocesparalelas.com.ar\/sitio\/wp-json\/wp\/v2\/posts\/66495","targetHints":{"allow":["GET"]}}],"collection":[{"href":"https:\/\/vocesparalelas.com.ar\/sitio\/wp-json\/wp\/v2\/posts"}],"about":[{"href":"https:\/\/vocesparalelas.com.ar\/sitio\/wp-json\/wp\/v2\/types\/post"}],"author":[{"embeddable":true,"href":"https:\/\/vocesparalelas.com.ar\/sitio\/wp-json\/wp\/v2\/users\/3"}],"replies":[{"embeddable":true,"href":"https:\/\/vocesparalelas.com.ar\/sitio\/wp-json\/wp\/v2\/comments?post=66495"}],"version-history":[{"count":3,"href":"https:\/\/vocesparalelas.com.ar\/sitio\/wp-json\/wp\/v2\/posts\/66495\/revisions"}],"predecessor-version":[{"id":66500,"href":"https:\/\/vocesparalelas.com.ar\/sitio\/wp-json\/wp\/v2\/posts\/66495\/revisions\/66500"}],"wp:featuredmedia":[{"embeddable":true,"href":"https:\/\/vocesparalelas.com.ar\/sitio\/wp-json\/wp\/v2\/media\/3706"}],"wp:attachment":[{"href":"https:\/\/vocesparalelas.com.ar\/sitio\/wp-json\/wp\/v2\/media?parent=66495"}],"wp:term":[{"taxonomy":"category","embeddable":true,"href":"https:\/\/vocesparalelas.com.ar\/sitio\/wp-json\/wp\/v2\/categories?post=66495"},{"taxonomy":"post_tag","embeddable":true,"href":"https:\/\/vocesparalelas.com.ar\/sitio\/wp-json\/wp\/v2\/tags?post=66495"}],"curies":[{"name":"wp","href":"https:\/\/api.w.org\/{rel}","templated":true}]}}