{"id":66484,"date":"2023-12-01T20:19:22","date_gmt":"2023-12-01T23:19:22","guid":{"rendered":"https:\/\/vocesparalelas.com.ar\/sitio\/?p=66484"},"modified":"2023-12-02T01:19:42","modified_gmt":"2023-12-02T04:19:42","slug":"emotiva-presentacion-de-turismo-carretera-en-el-circuito-san-juan-villicum","status":"publish","type":"post","link":"https:\/\/vocesparalelas.com.ar\/sitio\/emotiva-presentacion-de-turismo-carretera-en-el-circuito-san-juan-villicum\/","title":{"rendered":"Emotiva presentaci\u00f3n de Turismo Carretera en el Circuito San Juan Villicum"},"content":{"rendered":"<p>El gobernador de San Juan, Dr. Sergio U\u00f1ac presidi\u00f3 la conferencia de prensa que present\u00f3 la \u00faltima fecha del Turismo Carretera, que se desarrolla en el Circuito San Juan Villicum.<\/p>\n<p>Junto al gobernador estuvieron presentes el secretario de Estado de Deportes, Jorge Chica; el presidente de la ACTC, Hugo Mazzacane; el diputado provincial Juan Carlos Abarca; los pilotos del Turismo Carretera Mariano Werner, Juan Mart\u00edn Trucco, Facundo Della Motta y el l\u00edder del TC Pista, Tob\u00edas Mart\u00ednez.<\/p>\n<p><img loading=\"lazy\" decoding=\"async\" class=\"alignnone size-full wp-image-66490\" src=\"https:\/\/vocesparalelas.com.ar\/sitio\/wp-content\/uploads\/2023\/12\/AUTOMOVILISMO-03.jpg\" alt=\"\" width=\"800\" height=\"533\" srcset=\"https:\/\/vocesparalelas.com.ar\/sitio\/wp-content\/uploads\/2023\/12\/AUTOMOVILISMO-03.jpg 800w, https:\/\/vocesparalelas.com.ar\/sitio\/wp-content\/uploads\/2023\/12\/AUTOMOVILISMO-03-300x200.jpg 300w, https:\/\/vocesparalelas.com.ar\/sitio\/wp-content\/uploads\/2023\/12\/AUTOMOVILISMO-03-768x512.jpg 768w\" sizes=\"auto, (max-width: 800px) 100vw, 800px\" \/><\/p>\n<p>Este fin de semana, el Circuito San Juan Villicum ser\u00e1 escenario de la definici\u00f3n de los campeonatos de Turismo Carretera, TC Pista y Liga SpeedAgro.<\/p>\n<p>El TC llegar\u00e1 a la 15\u00aa fecha con 43 inscriptos, mientras que el TC Pista contar\u00e1 con 33 pilotos inscriptos, entre los que se cuenta al sanjuanino Tob\u00edas Mart\u00ednez, l\u00edder absoluto del campeonato y con claras chances de consagrarse campe\u00f3n, inclusive antes de la final del d\u00eda domingo, de acuerdo a los resultados que se den en clasificaci\u00f3n y en las series.<\/p>\n<p>El gobernador U\u00f1ac agradeci\u00f3 al equipo de trabajo que lo acompa\u00f1\u00f3 durante los a\u00f1os de gesti\u00f3n y asegur\u00f3 que \u00abes un gusto lo que se construy\u00f3 en conjunto. Se gener\u00f3 una sinergia para concretar lo que so\u00f1amos\u00bb.<\/p>\n<p>En ese sentido puso en valor el desempe\u00f1o y esfuerzo de cada uno de los pilotos sanjuaninos. \u00abHoy queda mucho para agradecer. A los dirigentes, a los trabajadores. La infraestructura que generamos es para los eventos, pero para que la disfrute nuestro semillero y se desarrolle\u00bb.<\/p>\n<p><iframe loading=\"lazy\" title=\"DR SERGIO U\u00d1AC\" width=\"800\" height=\"450\" src=\"https:\/\/www.youtube.com\/embed\/cV58b93cFMs?feature=oembed\" frameborder=\"0\" allow=\"accelerometer; autoplay; clipboard-write; encrypted-media; gyroscope; picture-in-picture; web-share\" allowfullscreen><\/iframe><\/p>\n<p>Jorge Chica destac\u00f3 el crecimiento de los pilotos sanjuaninos a lo largo de los a\u00f1os, considerando que \u00abmuchos de los pilotos eran ni\u00f1os o chicos entrando a la adolescencia y hemos transitado estos ocho a\u00f1os donde su evoluci\u00f3n es para destacar\u00bb.<\/p>\n<p>Adem\u00e1s asegur\u00f3 que \u00abestamos cerrando la gesti\u00f3n y Hugo Mazzacane igual cierra el a\u00f1o del TC en San Juan, lo que para nosotros es muy importante. Tenemos uno de los aut\u00f3dromos m\u00e1s incre\u00edbles de la Argentina. En el deporte hay veces que se gana y otras que no y el equipo de la Secretar\u00eda de Deportes estuvo acompa\u00f1ando a los deportistas cuando las cosas sal\u00edan bien y mal\u00bb.<\/p>\n<p>Hugo Mazzacane, a su turno, asever\u00f3 que \u00abSan Juan estuvo en los momentos m\u00e1s dif\u00edciles de nuestra entidad. Nosotros somos los agradecidos con esta provincia que tiene a uno de los dos aut\u00f3dromos de la Argentina, el resto son todos circuitos\u00bb.<\/p>\n<p>Luego asegur\u00f3 que \u00abvamos a tener un cierre espectacular, como no pod\u00eda ser de otra manera. Cumplimos lo que prometimos como entidad y vamos a finalizar el campeonato en San Juan. El Turismo de Carretera agradeci\u00f3 al gobernador por todo lo que hizo y el a\u00f1o pr\u00f3ximo tendr\u00e1n a dos pilotos de la provincia en la m\u00e1xima categor\u00eda\u00bb.<\/p>\n<p>El momento m\u00e1s emocionante de la conferencia de prensa se dio cuando Fabricio Benedetti recibi\u00f3 la Copa de campe\u00f3n del Turismo Pista del a\u00f1o 1999 que nunca pudo recibir porque no pudo asistir a la ceremonia y le robaron el premio a un periodista deportivo mendocino que lo recibi\u00f3. Adem\u00e1s, agradeci\u00f3 al Gobierno de San Juan por \u00aben estos ocho a\u00f1os se gener\u00f3 una revoluci\u00f3n deportiva. Fue fabuloso. En el automovilismo se lograron cosas incre\u00edbles; no hay un piloto de categor\u00edas nacionales o zonales que no haya ganado al menos una carrera\u00bb.<\/p>\n<p><iframe loading=\"lazy\" title=\"CARRERA AUTOS VILLICUM SAN JUAN\" width=\"800\" height=\"450\" src=\"https:\/\/www.youtube.com\/embed\/H2U8UP2XjZA?feature=oembed\" frameborder=\"0\" allow=\"accelerometer; autoplay; clipboard-write; encrypted-media; gyroscope; picture-in-picture; web-share\" allowfullscreen><\/iframe><\/p>\n<p>&nbsp;<\/p>\n<p><img loading=\"lazy\" decoding=\"async\" class=\"alignnone size-full wp-image-66491\" src=\"https:\/\/vocesparalelas.com.ar\/sitio\/wp-content\/uploads\/2023\/12\/AUTOMOVILISMO-04.jpg\" alt=\"\" width=\"800\" height=\"533\" srcset=\"https:\/\/vocesparalelas.com.ar\/sitio\/wp-content\/uploads\/2023\/12\/AUTOMOVILISMO-04.jpg 800w, https:\/\/vocesparalelas.com.ar\/sitio\/wp-content\/uploads\/2023\/12\/AUTOMOVILISMO-04-300x200.jpg 300w, https:\/\/vocesparalelas.com.ar\/sitio\/wp-content\/uploads\/2023\/12\/AUTOMOVILISMO-04-768x512.jpg 768w\" sizes=\"auto, (max-width: 800px) 100vw, 800px\" \/><\/p>\n<p>Facundo Della Motta destac\u00f3 la evoluci\u00f3n que tuvo la provincia a lo largo de los a\u00f1os y dijo que \u00abFabri corri\u00f3 13 carreras en el TC, yo tengo alrededor de cincuenta y Tob\u00edas que arranca el a\u00f1o que viene seguro tendr\u00e1 centenares\u00bb.<\/p>\n<p>A su vez, Tob\u00edas Mart\u00ednez se mostr\u00f3 emocionado y dijo que \u00abes muy importante para mi poder definir el campeonato este fin de semana en San Juan junto a toda mi familia y amigos\u00bb.<\/p>\n<p>&nbsp;<\/p>\n<p>&nbsp;<\/p>\n","protected":false},"excerpt":{"rendered":"<p>El gobernador de San Juan, Dr. Sergio U\u00f1ac presidi\u00f3 la conferencia de prensa que present\u00f3 la \u00faltima fecha del Turismo<\/p>\n","protected":false},"author":3,"featured_media":66487,"comment_status":"closed","ping_status":"closed","sticky":false,"template":"","format":"standard","meta":{"_acf_changed":false,"_seopress_robots_primary_cat":"none","_seopress_titles_title":"","_seopress_titles_desc":"","_seopress_robots_index":"","colormag_page_container_layout":"default_layout","colormag_page_sidebar_layout":"default_layout","footnotes":""},"categories":[1,7],"tags":[],"class_list":["post-66484","post","type-post","status-publish","format-standard","has-post-thumbnail","hentry","category-destacadas","category-videos"],"acf":[],"_links":{"self":[{"href":"https:\/\/vocesparalelas.com.ar\/sitio\/wp-json\/wp\/v2\/posts\/66484","targetHints":{"allow":["GET"]}}],"collection":[{"href":"https:\/\/vocesparalelas.com.ar\/sitio\/wp-json\/wp\/v2\/posts"}],"about":[{"href":"https:\/\/vocesparalelas.com.ar\/sitio\/wp-json\/wp\/v2\/types\/post"}],"author":[{"embeddable":true,"href":"https:\/\/vocesparalelas.com.ar\/sitio\/wp-json\/wp\/v2\/users\/3"}],"replies":[{"embeddable":true,"href":"https:\/\/vocesparalelas.com.ar\/sitio\/wp-json\/wp\/v2\/comments?post=66484"}],"version-history":[{"count":1,"href":"https:\/\/vocesparalelas.com.ar\/sitio\/wp-json\/wp\/v2\/posts\/66484\/revisions"}],"predecessor-version":[{"id":66494,"href":"https:\/\/vocesparalelas.com.ar\/sitio\/wp-json\/wp\/v2\/posts\/66484\/revisions\/66494"}],"wp:featuredmedia":[{"embeddable":true,"href":"https:\/\/vocesparalelas.com.ar\/sitio\/wp-json\/wp\/v2\/media\/66487"}],"wp:attachment":[{"href":"https:\/\/vocesparalelas.com.ar\/sitio\/wp-json\/wp\/v2\/media?parent=66484"}],"wp:term":[{"taxonomy":"category","embeddable":true,"href":"https:\/\/vocesparalelas.com.ar\/sitio\/wp-json\/wp\/v2\/categories?post=66484"},{"taxonomy":"post_tag","embeddable":true,"href":"https:\/\/vocesparalelas.com.ar\/sitio\/wp-json\/wp\/v2\/tags?post=66484"}],"curies":[{"name":"wp","href":"https:\/\/api.w.org\/{rel}","templated":true}]}}