{"id":66467,"date":"2023-12-01T23:55:02","date_gmt":"2023-12-02T02:55:02","guid":{"rendered":"https:\/\/vocesparalelas.com.ar\/sitio\/?p=66467"},"modified":"2023-12-05T01:26:11","modified_gmt":"2023-12-05T04:26:11","slug":"cambio-del-cuerpo-de-bandera-argentina-y-ciudadana-del-ministerio-de-educacion-de-san-juan","status":"publish","type":"post","link":"https:\/\/vocesparalelas.com.ar\/sitio\/cambio-del-cuerpo-de-bandera-argentina-y-ciudadana-del-ministerio-de-educacion-de-san-juan\/","title":{"rendered":"Cambio del Cuerpo de Bandera Argentina y Ciudadana del Ministerio de Educaci\u00f3n de San Juan"},"content":{"rendered":"<p>En la Plaza Seca del Centro C\u00edvico se realiz\u00f3 el acto de renovaci\u00f3n de los integrantes del cuerpo de Bandera Nacional y Ciudadana del Ministerio de Educaci\u00f3n del Gobierno de San Juan presidida por la Ministra, Lic. Cecilia Trincado; la secretaria administrativa Prof. Daniela Gonz\u00e1lez, junto a los directores de Educaci\u00f3n: Especial, Prof. Gema Espinoza; Superior, Prof. Carlos Canga, la subdirectoras de Primaria, Prof. Claudia D\u00edaz y supervisores de los diferentes niveles, familiares y colegas.<\/p>\n<p>En la oportunidad, la titular de la cartera educativa, Lic. Cecilia Trincado, puso en valor esta designaci\u00f3n.<\/p>\n<p><iframe loading=\"lazy\" title=\"Ministra de Educaci\u00f3n, Cecilia Trincado, en el cambio de integrantes de cuerpos de banderas\" width=\"800\" height=\"450\" src=\"https:\/\/www.youtube.com\/embed\/FkfGc0zLDes?feature=oembed\" frameborder=\"0\" allow=\"accelerometer; autoplay; clipboard-write; encrypted-media; gyroscope; picture-in-picture; web-share\" allowfullscreen><\/iframe><\/p>\n<p>Posteriormente se ley\u00f3 la resoluci\u00f3n de designaci\u00f3n como abanderado y escoltas 2022-2023, y se hizo el cambio de abanderados<\/p>\n<p>Recibieron la ense\u00f1a patria nacional y ciudadana que deber\u00e1n portar hasta el a\u00f1o pr\u00f3ximo los siguientes educadores:<\/p>\n<p><span style=\"color: #0000ff;\"><strong>Cuerpo Bandera Nacional<\/strong><\/span><\/p>\n<p><img loading=\"lazy\" decoding=\"async\" class=\"alignnone size-full wp-image-66470\" src=\"https:\/\/vocesparalelas.com.ar\/sitio\/wp-content\/uploads\/2023\/12\/EDUCACION-BANDERA-02.jpg\" alt=\"\" width=\"800\" height=\"527\" srcset=\"https:\/\/vocesparalelas.com.ar\/sitio\/wp-content\/uploads\/2023\/12\/EDUCACION-BANDERA-02.jpg 800w, https:\/\/vocesparalelas.com.ar\/sitio\/wp-content\/uploads\/2023\/12\/EDUCACION-BANDERA-02-300x198.jpg 300w, https:\/\/vocesparalelas.com.ar\/sitio\/wp-content\/uploads\/2023\/12\/EDUCACION-BANDERA-02-768x506.jpg 768w\" sizes=\"auto, (max-width: 800px) 100vw, 800px\" \/><\/p>\n<p>&nbsp;<\/p>\n<p><iframe loading=\"lazy\" title=\"Abanderado del Ministerio de Educaci\u00f3n, Mat\u00edas Daniel S\u00e1nchez\" width=\"800\" height=\"450\" src=\"https:\/\/www.youtube.com\/embed\/n8soaTqpDy8?feature=oembed\" frameborder=\"0\" allow=\"accelerometer; autoplay; clipboard-write; encrypted-media; gyroscope; picture-in-picture; web-share\" allowfullscreen><\/iframe><\/p>\n<p>Abanderado de la Bandera Nacional \u2013 Mat\u00edas Daniel S\u00e1nchez Instituto Sup. Tec. Valle F\u00e9rtil<\/p>\n<p>1\u00b0 Escolta de la Bandera Nacional \u2013 Lorena Burgoa Amaya Escuela Nocturna Jos\u00e9 Manuel Estrada<\/p>\n<p>2\u00b0 Escolta de la Bandera Nacional \u2013 Carolina Victoria Tejada ENI N\u00b0 73 Sierras Azules<\/p>\n<p>3\u00b0 Escolta de la Bandera Nacional \u2013 Eliana Vanesa Pascual Garc\u00eda Escuela Comodoro Rivadavia EMER<\/p>\n<p>4\u00b0 Escolta de la Bandera Nacional \u2013 Silvina Laura M\u00e1rquez E.E.E. Biling\u00fce para Sordos<\/p>\n<p>5\u00b0 Escolta de la Bandera Nacional \u2013 Mariana Lezcano Leiva Colegio San Antonio de Padua<\/p>\n<p>6\u00b0 Escolta de la Bandera Nacional \u2013 Claudia Beatriz S\u00e1nchez Garc\u00eda Escuela Secundaria Marcelino Guardiola<\/p>\n<p>7\u00b0 Escolta de la Bandera Nacional \u2013 Violeta Carina P\u00e1ez ETCL Juan de Garay<\/p>\n<p><span style=\"color: #0000ff;\"><strong>Cuerpo Bandera Ciudadana<\/strong><\/span><\/p>\n<p><img loading=\"lazy\" decoding=\"async\" class=\"alignnone size-full wp-image-66471\" src=\"https:\/\/vocesparalelas.com.ar\/sitio\/wp-content\/uploads\/2023\/12\/EDUCACION-BANDERA.jpg\" alt=\"\" width=\"800\" height=\"492\" srcset=\"https:\/\/vocesparalelas.com.ar\/sitio\/wp-content\/uploads\/2023\/12\/EDUCACION-BANDERA.jpg 800w, https:\/\/vocesparalelas.com.ar\/sitio\/wp-content\/uploads\/2023\/12\/EDUCACION-BANDERA-300x185.jpg 300w, https:\/\/vocesparalelas.com.ar\/sitio\/wp-content\/uploads\/2023\/12\/EDUCACION-BANDERA-768x472.jpg 768w\" sizes=\"auto, (max-width: 800px) 100vw, 800px\" \/><\/p>\n<p>&nbsp;<\/p>\n<p><iframe loading=\"lazy\" title=\"Bandera Ciudadana, abanderada del Ministerio de Educaci\u00f3n, Natalia Isabel Varas\" width=\"800\" height=\"450\" src=\"https:\/\/www.youtube.com\/embed\/2zBnSc392qs?feature=oembed\" frameborder=\"0\" allow=\"accelerometer; autoplay; clipboard-write; encrypted-media; gyroscope; picture-in-picture; web-share\" allowfullscreen><\/iframe><\/p>\n<p>Abanderado de la Bandera Ciudadana \u2013 Natalia Isabel Varas Escuela Normal Sup. Gral. San Mart\u00edn<\/p>\n<p>1\u00b0 Escolta de la Bandera Ciudadana \u2013 Patricia Mabel Gonz\u00e1lez CENS H\u00e9roes de Malvinas Anexo Los Berros<\/p>\n<p>2\u00b0 Escolta de la Bandera Ciudadana \u2013 Natalia Edith Dom\u00ednguez ENI N\u00b0 36 Milo Lockett<\/p>\n<p>3\u00b0 Escolta de la Bandera Ciudadana \u2013 Andrea Lorena Molet Escuela Gabriel Albarrac\u00edn<\/p>\n<p>4\u00b0 Escolta de la Bandera Ciudadana \u2013 Janet Liliana Aguiar E.E.E. Jos\u00e9 de Cupertino<\/p>\n<p>5\u00b0 Escolta de la Bandera Ciudadana \u2013 Germ\u00e1n Esteban Landa Fragulia Colegio Fray Mamerto Esqui\u00fa<\/p>\n<p>6\u00b0 Escolta de la Bandera Ciudadana \u2013 Carina Daniela De los R\u00edos Escuela Secundaria Faustina Sarmiento de Bel\u00edn<\/p>\n<p>7\u00b0 Escolta de la Bandera Ciudadana \u2013 Marisa Del Valle Vergara ETCL Madres Sanjuaninas<\/p>\n<p>Los nuevos integrantes del Cuerpo de Bandera recibieron la resoluci\u00f3n ministerial por el per\u00edodo 2023-2024<\/p>\n<p>Mientras que a los educadores que finalizaron su per\u00edodo, se les obsequi\u00f3 una placa recordatoria.<\/p>\n<p><img loading=\"lazy\" decoding=\"async\" class=\"alignnone size-full wp-image-28629\" src=\"https:\/\/vocesparalelas.com.ar\/sitio\/wp-content\/uploads\/2020\/05\/MINISTERIO-EDUCACION-SJ.jpg\" alt=\"\" width=\"800\" height=\"533\" srcset=\"https:\/\/vocesparalelas.com.ar\/sitio\/wp-content\/uploads\/2020\/05\/MINISTERIO-EDUCACION-SJ.jpg 800w, https:\/\/vocesparalelas.com.ar\/sitio\/wp-content\/uploads\/2020\/05\/MINISTERIO-EDUCACION-SJ-300x200.jpg 300w, https:\/\/vocesparalelas.com.ar\/sitio\/wp-content\/uploads\/2020\/05\/MINISTERIO-EDUCACION-SJ-768x512.jpg 768w\" sizes=\"auto, (max-width: 800px) 100vw, 800px\" \/><\/p>\n","protected":false},"excerpt":{"rendered":"<p>En la Plaza Seca del Centro C\u00edvico se realiz\u00f3 el acto de renovaci\u00f3n de los integrantes del cuerpo de Bandera<\/p>\n","protected":false},"author":3,"featured_media":66473,"comment_status":"closed","ping_status":"closed","sticky":false,"template":"","format":"standard","meta":{"_acf_changed":false,"_seopress_robots_primary_cat":"none","_seopress_titles_title":"","_seopress_titles_desc":"","_seopress_robots_index":"","colormag_page_container_layout":"default_layout","colormag_page_sidebar_layout":"default_layout","footnotes":""},"categories":[5,7],"tags":[],"class_list":["post-66467","post","type-post","status-publish","format-standard","has-post-thumbnail","hentry","category-ofrecimientos","category-videos"],"acf":[],"_links":{"self":[{"href":"https:\/\/vocesparalelas.com.ar\/sitio\/wp-json\/wp\/v2\/posts\/66467","targetHints":{"allow":["GET"]}}],"collection":[{"href":"https:\/\/vocesparalelas.com.ar\/sitio\/wp-json\/wp\/v2\/posts"}],"about":[{"href":"https:\/\/vocesparalelas.com.ar\/sitio\/wp-json\/wp\/v2\/types\/post"}],"author":[{"embeddable":true,"href":"https:\/\/vocesparalelas.com.ar\/sitio\/wp-json\/wp\/v2\/users\/3"}],"replies":[{"embeddable":true,"href":"https:\/\/vocesparalelas.com.ar\/sitio\/wp-json\/wp\/v2\/comments?post=66467"}],"version-history":[{"count":1,"href":"https:\/\/vocesparalelas.com.ar\/sitio\/wp-json\/wp\/v2\/posts\/66467\/revisions"}],"predecessor-version":[{"id":66474,"href":"https:\/\/vocesparalelas.com.ar\/sitio\/wp-json\/wp\/v2\/posts\/66467\/revisions\/66474"}],"wp:featuredmedia":[{"embeddable":true,"href":"https:\/\/vocesparalelas.com.ar\/sitio\/wp-json\/wp\/v2\/media\/66473"}],"wp:attachment":[{"href":"https:\/\/vocesparalelas.com.ar\/sitio\/wp-json\/wp\/v2\/media?parent=66467"}],"wp:term":[{"taxonomy":"category","embeddable":true,"href":"https:\/\/vocesparalelas.com.ar\/sitio\/wp-json\/wp\/v2\/categories?post=66467"},{"taxonomy":"post_tag","embeddable":true,"href":"https:\/\/vocesparalelas.com.ar\/sitio\/wp-json\/wp\/v2\/tags?post=66467"}],"curies":[{"name":"wp","href":"https:\/\/api.w.org\/{rel}","templated":true}]}}