{"id":66461,"date":"2023-12-01T21:38:39","date_gmt":"2023-12-02T00:38:39","guid":{"rendered":"https:\/\/vocesparalelas.com.ar\/sitio\/?p=66461"},"modified":"2023-12-02T00:39:00","modified_gmt":"2023-12-02T03:39:00","slug":"se-inauguro-el-historico-hotel-termas-de-pismanta-departamento-iglesia-en-san-juan","status":"publish","type":"post","link":"https:\/\/vocesparalelas.com.ar\/sitio\/se-inauguro-el-historico-hotel-termas-de-pismanta-departamento-iglesia-en-san-juan\/","title":{"rendered":"Se inaugur\u00f3 el hist\u00f3rico Hotel Termas de Pismanta, Departamento Iglesia en San Juan"},"content":{"rendered":"<p>El Jueves, 30 de Noviembre de 2023, el gobernador de San Juan, Dr. Sergio U\u00f1ac arrib\u00f3 al departamento Iglesia para desplegar una agenda de trabajo que incluy\u00f3 la puesta en marcha del Termas Pismanta Hotel &amp; Spa \u2013 Aguas del Cura S.A., en el marco de celebrarse el 270\u00ba aniversario de la creaci\u00f3n del departamento cordillerano.<\/p>\n<p>En este sentido, cabe mencionar que el objetivo de la recuperaci\u00f3n de la infraestructura hotelera de San Juan pone en valor el patrimonio tur\u00edstico en las zonas de monta\u00f1as para difundir los atractivos paisaj\u00edsticos.<\/p>\n<p>De tal manera se pretende contribuir a la diversificaci\u00f3n de matriz productiva de la provincia con un criterio federal que permita el desarrollo socioecon\u00f3mico del departamento Iglesia, brindando servicios acorde a las tendencias tur\u00edsticas de nivel nacional e internacional.<\/p>\n<p>La concesi\u00f3n del hotel, a manos de la empresa Aguas del Cura SA, prev\u00e9 tres etapas diferenciadas de proyecto, ejecuci\u00f3n e inversi\u00f3n cumpliendo objetivos espec\u00edficos que ponen de manifiesto las mejoras del bien hotelero y sus servicios, transformando sus caracter\u00edsticas de servicio en procesos de mejoras continuas que lo posicionen en un mercado competitivo como producto de turismo termal.<\/p>\n<p>Actualmente, el concesionario se encuentra realizando tareas de puesta en valor del casco hist\u00f3rico del hotel y sus \u00e1reas de servicio, actualizaci\u00f3n de las instalaciones el\u00e9ctricas, sanitarias y circuitos termales internos, as\u00ed como la habilitaci\u00f3n de corredores de habitaciones y \u00e1reas de apoyatura.<\/p>\n<p>El gobernador Sergio U\u00f1ac se\u00f1al\u00f3 que \u201cesta es una gesti\u00f3n que hizo, que no se quej\u00f3. La misma l\u00f3gica vamos a aplicar en donde estemos. M\u00e1s all\u00e1 de las personas, los proyectos se concretan, San Juan creci\u00f3 del puesto 19 al puesto 9 en turismo receptivo y eso me parece que no ha sido solo una idea, una ley, un pensamiento o un desaf\u00edo sino que ha sido un conjunto de hombres y mujeres que en esta provincia pensamos que San Juan tiene presente pero tiene mucho futuro y ese futuro lo deberemos seguir construyendo entre todos\u00bb.<\/p>\n<p>Luego, el intendente departamental, Jorge Espejo dijo que \u00abeste hotel para nosotros, los iglesianos, es un disparador de oportunidades, es una usina de oportunidades porque no es solamente el turismo que va a tener el hotel sino todo lo que va a generar ya de por s\u00ed, la fuente de trabajo para iglesianos pero hacia afuera, hacia el mismo departamento el consumo, los mismos prestadores tur\u00edsticos del departamento se van a ver beneficiados porque mucha gente puede venir por el d\u00eda al hotel a hacer uso de las distintas prestaciones termales, de astron\u00f3mica que va a tener y hospedarse en distintos lugares\u201d.<\/p>\n<p>Por su parte, Eduardo Jaime, propietario de la firma, expres\u00f3 que \u201ces para nosotros muy importante poner al hotel en el valor que tiene y que no deber\u00eda haber perdido. Nuevamente, la provincia y el departamento vuelven a tener su hotel, que significa un gran orgullo\u201d.<\/p>\n<p>De acuerdo a lo informado por Jaime, a partir del 2 de enero del 2024, estar\u00e1 dispuesto para la llegada de los turistas. \u201cEn este momento, estamos ocup\u00e1ndonos de aspectos como tarifas y otros. El hotel est\u00e1 pensado para quedarse por el tiempo deseado o simplemente para la utilizaci\u00f3n de los servicios. Con respecto a la cocina, se demoli\u00f3 todo y se hizo de vuelta, con los implementos necesarios para su perfecta y segura utilizaci\u00f3n. Es totalmente de acero inoxidable, con hornos de \u00faltima generaci\u00f3n\u201d.<\/p>\n<p>En esta l\u00ednea, Jaime garantiz\u00f3 el servicio de conectividad, de acuerdo al nivel de hoteler\u00eda nacional e internacional bajo el que operar\u00e1 el complejo, destinado al turismo corporativo. Agreg\u00f3 tambi\u00e9n que los platos que se servir\u00e1n ser\u00e1n variados, incluyendo comida t\u00edpica, con vinos locales.<\/p>\n<p>Describiendo el trabajo realizado, el empresario explic\u00f3 que hoy quedaron inauguradas la totalidad de las habitaciones, 42, m\u00e1s una suit presidencial, con todos sus detalles. Dentro de los pr\u00f3ximos 6 meses estar\u00e1 habilitado en SPA, con ba\u00f1os termales y boxes para distintos tratamientos corporales; una pileta l\u00fadica cerrada, mientras que la antigua pileta es utilizada hoy como reservorio.<\/p>\n<p>Tambi\u00e9n enumer\u00f3 el resto de espacios de los que dispondr\u00e1 el hotel en los pr\u00f3ximos meses, tras una refacci\u00f3n de la parte antigua del edificio: patio cervecero, parrilleros, camping para motor home, domos con vista a la cordillera, utilizaci\u00f3n de la pileta termal, entre otros servicios.<\/p>\n<p>Luego de manifestar que la inversi\u00f3n en el proyecto fue de un alto monto, el empresario inform\u00f3 que trabajar\u00e1n en el lugar alrededor de 95 personas, mayormente del departamento. \u201cEl hotel estaba muy destruido, pero trabajamos mucho, sin escatimar, para \u00e9ste gran emprendimiento. Ambicionamos el turismo internacional, que es muy importante, sin dejar de lado el local\u201d, finaliz\u00f3.<\/p>\n<p><span style=\"color: #339966;\"><strong>M\u00e1s detalles importantes sobre el megacomplejo de Iglesia<\/strong><\/span><\/p>\n<p>Entre otros aspectos, el proyecto contempla que el personal hotelero sea del departamento y est\u00e9 capacitado al nivel de cualquier hotel argentino, con los servicios adecuados.<\/p>\n<p>En una visita realizada por U\u00f1ac en junio de \u00e9ste a\u00f1o, opin\u00f3 que \u201cla obra es muy grande, es llevar a nuevo un hotel que estaba en un estado muy deca\u00eddo en su infraestructura y en cada uno de los servicios, pero no me cabe duda de que ser\u00e1 uno de los hoteles \u00edconos que tiene la provincia. Lo importante es que las cosas se est\u00e1n haciendo muy bien y que Iglesia va a seguir fraccionando al turismo de San Juan, en una continuidad del modelo de crecimiento del municipio. La idea de los responsables de la obra es trabajar con materiales sustentables, propios de la regi\u00f3n poniendo en valor el edificio hist\u00f3rico\u201d.<\/p>\n<p><span style=\"color: #339966;\"><strong>Un lugar creado para una experiencia integral<\/strong><\/span><\/p>\n<p>La idea del proyecto es crear un elemento que vincule a la comunidad local y a la actividad tur\u00edstica, generando econom\u00edas a escala y fomentando las actividades arraigadas en la vida del pueblo.<\/p>\n<p>Adem\u00e1s, se pretende con \u00e9ste producto tur\u00edstico combinar el descanso con la aventura de conocer paisajes, platos t\u00edpicos y disfrutar de sus aguas termales, con habitaciones que miran la Cordillera de Los Andes para establecer una estad\u00eda m\u00e1s prolongada del turista.<\/p>\n<p>En otro punto de vista, se entiende al hotel como una c\u00e9lula que se dedica a entregar servicios termales integrales y cuyo dise\u00f1o incluye pautas bioclim\u00e1ticas y de sostenibilidad, como ahorro energ\u00e9tico, gesti\u00f3n de residuos y empleo de materiales locales.<\/p>\n<p><img loading=\"lazy\" decoding=\"async\" class=\"alignnone size-full wp-image-66464\" src=\"https:\/\/vocesparalelas.com.ar\/sitio\/wp-content\/uploads\/2023\/12\/HOTEL-TERMAS-DE-PISMANTA-01.jpg\" alt=\"\" width=\"800\" height=\"534\" srcset=\"https:\/\/vocesparalelas.com.ar\/sitio\/wp-content\/uploads\/2023\/12\/HOTEL-TERMAS-DE-PISMANTA-01.jpg 800w, https:\/\/vocesparalelas.com.ar\/sitio\/wp-content\/uploads\/2023\/12\/HOTEL-TERMAS-DE-PISMANTA-01-300x200.jpg 300w, https:\/\/vocesparalelas.com.ar\/sitio\/wp-content\/uploads\/2023\/12\/HOTEL-TERMAS-DE-PISMANTA-01-768x513.jpg 768w\" sizes=\"auto, (max-width: 800px) 100vw, 800px\" \/><\/p>\n<p>&nbsp;<\/p>\n","protected":false},"excerpt":{"rendered":"<p>El Jueves, 30 de Noviembre de 2023, el gobernador de San Juan, Dr. Sergio U\u00f1ac arrib\u00f3 al departamento Iglesia para<\/p>\n","protected":false},"author":3,"featured_media":66465,"comment_status":"closed","ping_status":"closed","sticky":false,"template":"","format":"standard","meta":{"_acf_changed":false,"_seopress_robots_primary_cat":"none","_seopress_titles_title":"","_seopress_titles_desc":"","_seopress_robots_index":"","colormag_page_container_layout":"default_layout","colormag_page_sidebar_layout":"default_layout","footnotes":""},"categories":[1],"tags":[],"class_list":["post-66461","post","type-post","status-publish","format-standard","has-post-thumbnail","hentry","category-destacadas"],"acf":[],"_links":{"self":[{"href":"https:\/\/vocesparalelas.com.ar\/sitio\/wp-json\/wp\/v2\/posts\/66461","targetHints":{"allow":["GET"]}}],"collection":[{"href":"https:\/\/vocesparalelas.com.ar\/sitio\/wp-json\/wp\/v2\/posts"}],"about":[{"href":"https:\/\/vocesparalelas.com.ar\/sitio\/wp-json\/wp\/v2\/types\/post"}],"author":[{"embeddable":true,"href":"https:\/\/vocesparalelas.com.ar\/sitio\/wp-json\/wp\/v2\/users\/3"}],"replies":[{"embeddable":true,"href":"https:\/\/vocesparalelas.com.ar\/sitio\/wp-json\/wp\/v2\/comments?post=66461"}],"version-history":[{"count":1,"href":"https:\/\/vocesparalelas.com.ar\/sitio\/wp-json\/wp\/v2\/posts\/66461\/revisions"}],"predecessor-version":[{"id":66466,"href":"https:\/\/vocesparalelas.com.ar\/sitio\/wp-json\/wp\/v2\/posts\/66461\/revisions\/66466"}],"wp:featuredmedia":[{"embeddable":true,"href":"https:\/\/vocesparalelas.com.ar\/sitio\/wp-json\/wp\/v2\/media\/66465"}],"wp:attachment":[{"href":"https:\/\/vocesparalelas.com.ar\/sitio\/wp-json\/wp\/v2\/media?parent=66461"}],"wp:term":[{"taxonomy":"category","embeddable":true,"href":"https:\/\/vocesparalelas.com.ar\/sitio\/wp-json\/wp\/v2\/categories?post=66461"},{"taxonomy":"post_tag","embeddable":true,"href":"https:\/\/vocesparalelas.com.ar\/sitio\/wp-json\/wp\/v2\/tags?post=66461"}],"curies":[{"name":"wp","href":"https:\/\/api.w.org\/{rel}","templated":true}]}}