{"id":66446,"date":"2023-12-01T22:48:10","date_gmt":"2023-12-02T01:48:10","guid":{"rendered":"https:\/\/vocesparalelas.com.ar\/sitio\/?p=66446"},"modified":"2023-12-04T17:28:06","modified_gmt":"2023-12-04T20:28:06","slug":"primer-festival-de-tango-san-juan","status":"publish","type":"post","link":"https:\/\/vocesparalelas.com.ar\/sitio\/primer-festival-de-tango-san-juan\/","title":{"rendered":"Primer Festival de Tango San Juan"},"content":{"rendered":"<p>Por primera vez y en conmemoraci\u00f3n al D\u00eda Nacional del Tango, que se celebra el Lunes, 11 de Diciembre, se realiza el Primer \u00abFestival de Tango San Juan\u00bb, el 7; 8; 9; 10 y 11 de Diciembre, en la provincia de San Juan, Rep\u00fablica Argentina.<\/p>\n<p>El evento fue declarado de \u2018Inter\u00e9s Cultural\u2019 por la Universidad Nacional de San Juan, por considerar que permite promover un espacio de encuentro e intercambio social, art\u00edstico, cultural y educativo, que reunir\u00e1 a una amplia variedad de participantes y propuestas (clases, exhibiciones, conversatorios y milonga).<\/p>\n<p>Al respecto Rafael Lloret Naumchik, integrante de la Compa\u00f1\u00eda de Danza Independiente\u00a0<i>\u2018<\/i>Proyecto Tango San Juan\u2019, encargada de gestionar y organizar la primera edici\u00f3n del Festival, expres\u00f3 que esta iniciativa tiene como objetivo \u201cgenerar un espacio de encuentro e intercambio art\u00edstico y cultural para todos los y las amantes del g\u00e9nero Tango bailarines, cantantes, m\u00fasicos, milongueros y p\u00fablico en general de San Juan y de todas las provincias. Tambi\u00e9n con la idea de promover esta actividad cultural en la provincia y tambi\u00e9n, \u00bfpor qu\u00e9 no?, dar un espacio de trabajo a todos los artistas del rubro\u201d<\/p>\n<p>El Festival tiene como caracter\u00edstica que adem\u00e1s de las puestas en escena de obras musicales y de danza, tambi\u00e9n habr\u00e1 seminarios de formaci\u00f3n en danza, exhibiciones de maestros de tango nacionales, intervenciones de m\u00fasicos y bailarines, espacios de milongas, proyecci\u00f3n de pel\u00edculas, talleres de tango para las infancias, conciertos, y charlas sobre cuestiones de territorio y g\u00e9nero en el tango, con referentes especializados en el tema.<\/p>\n<p>Con respecto a los conversatorios se realiza uno sobre \u2018Tango y territorio\u2019, el 7 de diciembre y est\u00e1 a cargo de Luis Eduardo Meglioli. \u201cEn esta instancia -aclar\u00f3 Lloret- la idea es abordar c\u00f3mo el tango se fue relacionando con nuestra provincia, cu\u00e1les fueron los primeros contactos, los y las artistas destacados a nivel nacional e internacional que visitaron la provincia y c\u00f3mo ha ido evolucionando hasta lo que es el tango hoy en d\u00eda\u201d.<\/p>\n<p>Adem\u00e1s, hay otro encuentro sobre \u201cTango y g\u00e9nero\u201d que es el S\u00e1bado, 9 de Diciembre, a las 12.30 hs.; a cargo de Tatiana Pizarro, Sof\u00eda Gallardo y Erika Mart\u00edn. \u201cSe habla de roles, qu\u00e9 se entiende por g\u00e9nero y c\u00f3mo se relaciona con el tango. Cuestionaremos o problematizaremos, las ideas tradicionales que asigna un rol en la danza, a un determinado sexo. Aunque nosotros realizamos tango tradicional, estamos investigando la movida del tango Queer, que tiene otras miradas y una perspectiva mucho m\u00e1s amplia que plantea poder intercambiar cualquier rol independientemente del sexo que tenga la persona\u201d, agreg\u00f3 el organizador.<\/p>\n<p>Entre las figuras destacadas que llegan a San Juan, se puede mencionar a dos parejas de Buenos Aires. Por un lado, Nuria Lazo y Federico Ib\u00e1\u00f1ez, quienes resultaron cuartos en el mundial de tango 2023 y Jimena Hoeffner y Max Vera que dictan un seminario de tango de sal\u00f3n.<\/p>\n<p>La actividad se desarrolla en varios espacios f\u00edsicos como el Centro Cultural Conte Grand, Teatro Sarmiento, Museo Provincial de Bellas Artes y tambi\u00e9n en espacios p\u00fablicos como la peatonal, plazas, espacios verdes, entre otros.<\/p>\n<p>Se prev\u00e9 tambi\u00e9n la articulaci\u00f3n con diferentes agentes provinciales y nacionales. ONGs, Asociaciones Civiles, Maestros\/as de tango, institutos de danza, talleres comunitarios y dem\u00e1s organismos p\u00fablicos y privados cuya pol\u00edtica propicie el desarrollo del tango en todas sus formas.<\/p>\n<p>El festival de Tango est\u00e1 pensado estrat\u00e9gicamente en sinton\u00eda con la Agenda 2030 para el desarrollo sostenible de Naciones Unidas, a la cual nuestra provincia adhiere. Se incluyen objetivos referentes a la igualdad de g\u00e9nero, educaci\u00f3n de calidad, bienestar y salud, entre otros. Adem\u00e1s, da cumplimiento a las obligaciones asumidas por el Estado Provincial contenidas en la Ley No 490-F, Ley No 506-F y Constituci\u00f3n Provincial art. 71 y 72.<\/p>\n<p>Este evento tiene su cierre en el Hall del Rectorado de la Universidad Nacional de San Juan, el lunes 11 a las 19:00 hs, donde se celebrar\u00e1 el D\u00eda Nacional del Tango junto a toda la comunidad. La actividad es libre y gratuita.<\/p>\n<p>Para mayor informaci\u00f3n, ver archivo adjunto o tambi\u00e9n las y los interesados pueden consultar las redes del festival:<\/p>\n<ul>\n<li>Por\u00a0Instagram:\u00a0<a href=\"https:\/\/www.instagram.com\/festivaldetangosj\/\"> festivaldetangosj<\/a><\/li>\n<li>Facebook:\u00a0<a href=\"https:\/\/www.facebook.com\/profile.php?id=61551818025692\">Festival de Tango San Juan<\/a><\/li>\n<li>o comunicarse a los tel\u00e9fonos 264 4632579 o 264 4101417<\/li>\n<\/ul>\n<p><span style=\"color: #0000ff;\"><strong>Festival de Tango San Juan <\/strong><strong>1\u00b0 Edici\u00f3n d<\/strong><strong>el 07 al 11 de Diciembre de 2023<\/strong><\/span><\/p>\n<p><span style=\"color: #0000ff;\"><strong>Organiza Proyecto Tango San Juan<\/strong><\/span><\/p>\n<p><span style=\"color: #ff6600;\"><strong><u>Cronograma<\/u><\/strong><\/span><\/p>\n<p><span style=\"color: #ff6600;\"><strong><u>Jueves, 7 de Diciembre<\/u><\/strong><\/span><\/p>\n<p><strong><span style=\"color: #0000ff;\">20:30 &#8211; 22:00 hs.; en el Centro Cultural Conte Grand apertura del Festival de Tango, con entrada libre y gratuita<\/span><\/strong><\/p>\n<ul>\n<li>Conversatorio: \u201cTango y territorio\u201d por Luis Eduardo Meglioli (San Juan)<\/li>\n<li>Show Musical: Andr\u00e9s Cantos<\/li>\n<li>Show Danza: Proyecto Tango San Juan<\/li>\n<li>Inauguraci\u00f3n muestra de artes visuales<\/li>\n<\/ul>\n<p><span style=\"color: #ff6600;\"><strong><u>Viernes, 8 de Diciembre<\/u><\/strong><\/span><\/p>\n<p><strong><span style=\"color: #0000ff;\">10:30- 12:30 hs.; en el Museo Provincial de Bellas Artes Franklin Rawson<\/span><\/strong><\/p>\n<ul>\n<li>Minitangueritxs (taller para las infancias) De 6 a 11 a\u00f1os<\/li>\n<li>Talleristas: Florencia Tejada, Fernanda de la Vega, Nadia Trigo<\/li>\n<li>Una jornada $2500, dos jornadas (vier-s\u00e1b) $4000<\/li>\n<li>Whatsapp 2644632579\u00a0 \/\u00a0 2644101417<\/li>\n<\/ul>\n<p><strong><span style=\"color: #0000ff;\">11:00 &#8211; 12:30 hs.; en el Museo Provincial de Bellas Artes Franklin Rawson<\/span><\/strong><\/p>\n<ul>\n<li>Tango para todxs<\/li>\n<li>Clase de tango sal\u00f3n nivel: iniciaci\u00f3n \/ principiante<\/li>\n<li>Gu\u00edan: Fernando Mu\u00f1oz, Rafael Lloret<\/li>\n<li>Una persona $2500, pareja $4000<\/li>\n<li>Whatsapp 2644632579\u00a0 \/\u00a0 2644101417<\/li>\n<\/ul>\n<p><strong><span style=\"color: #0000ff;\">14:00 &#8211; 15:30 hs.; en el Centro Cultural Conte Grand<\/span><\/strong><\/p>\n<ul>\n<li>Clase Tango Sal\u00f3n: \u00abConstrucci\u00f3n de ochos y giros como parte de una caminata\u00bb a cargo de Jimena Hoeffner y Max Vera<\/li>\n<li>Todos los niveles.<\/li>\n<li>Actividad arancelada: WhatsApp 2644632579\u00a0 \/\u00a0 2644101417<\/li>\n<\/ul>\n<p><strong><span style=\"color: #0000ff;\">16:00 &#8211; 17:30 hs.; en el Centro Cultural Conte Grand<\/span><\/strong><\/p>\n<ul>\n<li>Clase Tango Sal\u00f3n: \u00abDe la t\u00e9cnica a la interpretaci\u00f3n\u00bb a cargo de Jimena Hoeffner y Max Vera<\/li>\n<li>Todos los niveles.<\/li>\n<li>Actividad arancelada: WhatsApp 2644632579\u00a0 \/\u00a0 2644101417<\/li>\n<\/ul>\n<p><strong><span style=\"color: #0000ff;\">21:00 hs.; en el Teatro Sarmiento<\/span><\/strong><\/p>\n<ul>\n<li>\u201cMaison Tango\u201d Un show tango y humor al ritmo del 2&#215;4<\/li>\n<li>Proyecto Tango San Juan &#8211; Dany Love \u2013<\/li>\n<li>Anticipadas $2000. En puerta $2500; tambi\u00e9n por EVENTBRITE<\/li>\n<li>Actividad arancelada: WhatsApp 2644632579\u00a0 \/\u00a0 2644101417<\/li>\n<\/ul>\n<p><strong><span style=\"color: #0000ff;\">22:00 &#8211; 02:30 hs.; en el Centro Cultural Conte Grand<\/span><\/strong><\/p>\n<ul>\n<li>Milonga del Viernes<\/li>\n<li>TDJ George Arce<\/li>\n<li>Exhibiciones de Jimena Hoeffner y Max Vera; Nadia Caparros y Federico Heredia; Proyecto Tango San Juan.<\/li>\n<li>Actividad arancelada: WhatsApp 2644632579\u00a0 \/\u00a0 2644101417<\/li>\n<\/ul>\n<p><span style=\"color: #ff6600;\"><strong><u>S\u00e1bado, 9 de Diciembre<\/u><\/strong><\/span><\/p>\n<p><strong><span style=\"color: #0000ff;\">10:30- 12:30 hs.; en el Museo Provincial de Bellas Artes Franklin Rawson<\/span><\/strong><\/p>\n<ul>\n<li>Minitangueritxs (taller para las infancias) De 6 a 11 a\u00f1os<\/li>\n<li>Talleristas: Florencia Tejada, Fernanda de la Vega, Nadia Trigo<\/li>\n<li>Una jornada $2500, dos jornadas (vier-s\u00e1b) $4000<\/li>\n<li>WhatsApp 2644632579\u00a0 \/\u00a0 2644101417<\/li>\n<\/ul>\n<p><strong><span style=\"color: #0000ff;\">11:00 &#8211; 12:30 hs.; en el Centro Cultural Conte Grand<\/span><\/strong><\/p>\n<ul>\n<li>Clase Tango Sal\u00f3n: \u00abEl abrazo como parte fundamental de la comunicaci\u00f3n\u00bb a cargo de Jimena Hoeffner y Max Vera<\/li>\n<li>Todos los niveles<\/li>\n<li>Actividad arancelada: WhatsApp 2644632579\u00a0 \/\u00a0 2644101417<\/li>\n<\/ul>\n<p><strong><span style=\"color: #0000ff;\">12:30 &#8211; 13:30 hs.; en el Museo Provincial de Bellas Artes Franklin Rawson, con entrada libre y gratuita<\/span><\/strong><\/p>\n<ul>\n<li>Conversatorio: \u201cTango y g\u00e9nero\u201d a cargo de Tatiana Marisel Pizarro; Erica Mart\u00edn Villegas y Sof\u00eda Gallardo<\/li>\n<\/ul>\n<p><strong><span style=\"color: #0000ff;\">15:00 &#8211; 16:30 hs.; en el Centro Cultural Conte Grand<\/span><\/strong><\/p>\n<ul>\n<li>Clase Tango Sal\u00f3n: \u00abSecuencias con sacadas de ambos roles\u00bb a cargo de Nuria Lazo y Federico Iba\u00f1ez<\/li>\n<li>Todos los niveles.<\/li>\n<li>Actividad arancelada: WhatsApp 2644632579\u00a0 \/\u00a0 2644101417<\/li>\n<\/ul>\n<p><strong><span style=\"color: #0000ff;\">17:00 &#8211; 18:30 hs.; en el Centro Cultural Conte Grand<\/span><\/strong><\/p>\n<ul>\n<li>Clase Tango Sal\u00f3n: \u00abDel sal\u00f3n al escenario\u00bb a cargo de Nuria Lazo y Federico Iba\u00f1ez<\/li>\n<li>Todos los niveles. Actividad arancelada.<\/li>\n<\/ul>\n<p><strong><span style=\"color: #0000ff;\">19:00 &#8211; 20:30 hs.; en el Museo Provincial de Bellas Artes Franklin Rawson, con entrada libre y gratuita<\/span><\/strong><\/p>\n<ul>\n<li>Proyecci\u00f3n de pel\u00edcula: \u201cUn tango m\u00e1s\u201d sobre la famosa pareja integrada por Mar\u00eda Nieves y Juan Carlos Copes<\/li>\n<\/ul>\n<p><strong><span style=\"color: #0000ff;\">21:00 &#8211; 02:30 hs.; en el Centro Cultural Conte Grand<\/span><\/strong><\/p>\n<ul>\n<li>Milonga de Gala<\/li>\n<li>TDJ Fernanda Diaz<\/li>\n<li>Orquesta T\u00edpica San Juan<\/li>\n<li>Exhibiciones de:\u00a0 Nuria Lazo y Federico Ib\u00e1\u00f1ez; Proyecto Tango San Juan<\/li>\n<li>Actividad arancelada: WhatsApp 2644632579\u00a0 \/\u00a0 2644101417<\/li>\n<\/ul>\n<p><span style=\"color: #ff6600;\"><strong><u>Domingo, 10 de Diciembre<\/u><\/strong><\/span><\/p>\n<p><strong><span style=\"color: #0000ff;\">12:00 &#8211; 13:30 hs.; en el Centro Cultural Conte Grand<\/span><\/strong><\/p>\n<ul>\n<li>Clase Tango Sal\u00f3n: \u00abCircularidad y flexibilidad en el abrazo\u00bb a cargo de Nuria Lazo y Federico Ib\u00e1\u00f1ez<\/li>\n<li>Todos los niveles<\/li>\n<li>Actividad arancelada: WhatsApp 2644632579\u00a0 \/\u00a0 2644101417<\/li>\n<\/ul>\n<p><strong><span style=\"color: #0000ff;\">13:30 &#8211; 18:00 hs.; en el Centro Cultural Conte Grand<\/span><\/strong><\/p>\n<ul>\n<li>Milonga + Almuerzo a la canasta<\/li>\n<li>TDJ Viviana Monta\u00f1o<\/li>\n<li>Exhibiciones de Proyecto Tango San Juan<\/li>\n<li>Actividad arancelada: WhatsApp 2644632579\u00a0 \/\u00a0 2644101417<\/li>\n<\/ul>\n<p><strong><span style=\"color: #0000ff;\">18:00 Lugar a definir\u00a0\u00a0\u00a0\u00a0\u00a0\u00a0\u00a0\u00a0<\/span><\/strong><\/p>\n<ul>\n<li>Master Class de Tango Escenario a cargo de\u00a0Nuria Lazo y Federico Ib\u00e1\u00f1ez<\/li>\n<li>Actividad no incluida en los pases<\/li>\n<li>Consultar: Actividad arancelada: WhatsApp 2644632579\u00a0 \/\u00a0 2644101417<\/li>\n<\/ul>\n<p><strong><span style=\"color: #0000ff;\">20:00 hs.; en el Centro Cultural Conte Grand<\/span><\/strong><\/p>\n<ul>\n<li>Show Concierto<\/li>\n<li>La Llaga Tango a cargo de Belen Ramet y Julieta Romero<\/li>\n<li>La Forastera<\/li>\n<li>Proyecto Tango San Juan<\/li>\n<li>Actividad arancelada no incluida en los pases. WhatsApp 2644632579\u00a0 \/\u00a0 2644101417<\/li>\n<\/ul>\n<p><span style=\"color: #ff6600;\"><strong><u>Lunes, 11 de Diciembre<\/u><\/strong><\/span><\/p>\n<p>19:00 hs; en el Hall del Rectorado &#8211; UNSJ, con entrada libre y gratuita<\/p>\n<ul>\n<li>Celebran el D\u00eda Nacional del Tango junto a toda la comunidad<\/li>\n<\/ul>\n<p><img loading=\"lazy\" decoding=\"async\" class=\"alignnone size-full wp-image-53945\" src=\"https:\/\/vocesparalelas.com.ar\/sitio\/wp-content\/uploads\/2022\/10\/UNSJ-LOGO-50-FINAL.jpg\" alt=\"\" width=\"800\" height=\"476\" srcset=\"https:\/\/vocesparalelas.com.ar\/sitio\/wp-content\/uploads\/2022\/10\/UNSJ-LOGO-50-FINAL.jpg 800w, https:\/\/vocesparalelas.com.ar\/sitio\/wp-content\/uploads\/2022\/10\/UNSJ-LOGO-50-FINAL-300x179.jpg 300w, https:\/\/vocesparalelas.com.ar\/sitio\/wp-content\/uploads\/2022\/10\/UNSJ-LOGO-50-FINAL-768x457.jpg 768w\" sizes=\"auto, (max-width: 800px) 100vw, 800px\" \/> <img loading=\"lazy\" decoding=\"async\" class=\"alignnone size-full wp-image-54035\" src=\"https:\/\/vocesparalelas.com.ar\/sitio\/wp-content\/uploads\/2022\/11\/UNSJ-LOGO-10.jpg\" alt=\"\" width=\"800\" height=\"533\" srcset=\"https:\/\/vocesparalelas.com.ar\/sitio\/wp-content\/uploads\/2022\/11\/UNSJ-LOGO-10.jpg 800w, https:\/\/vocesparalelas.com.ar\/sitio\/wp-content\/uploads\/2022\/11\/UNSJ-LOGO-10-300x200.jpg 300w, https:\/\/vocesparalelas.com.ar\/sitio\/wp-content\/uploads\/2022\/11\/UNSJ-LOGO-10-768x512.jpg 768w\" sizes=\"auto, (max-width: 800px) 100vw, 800px\" \/><\/p>\n","protected":false},"excerpt":{"rendered":"<p>Por primera vez y en conmemoraci\u00f3n al D\u00eda Nacional del Tango, que se celebra el Lunes, 11 de Diciembre, se<\/p>\n","protected":false},"author":3,"featured_media":4370,"comment_status":"closed","ping_status":"closed","sticky":false,"template":"","format":"standard","meta":{"_acf_changed":false,"_seopress_robots_primary_cat":"none","_seopress_titles_title":"","_seopress_titles_desc":"","_seopress_robots_index":"","colormag_page_container_layout":"default_layout","colormag_page_sidebar_layout":"default_layout","footnotes":""},"categories":[2],"tags":[],"class_list":["post-66446","post","type-post","status-publish","format-standard","has-post-thumbnail","hentry","category-convocatorias"],"acf":[],"_links":{"self":[{"href":"https:\/\/vocesparalelas.com.ar\/sitio\/wp-json\/wp\/v2\/posts\/66446","targetHints":{"allow":["GET"]}}],"collection":[{"href":"https:\/\/vocesparalelas.com.ar\/sitio\/wp-json\/wp\/v2\/posts"}],"about":[{"href":"https:\/\/vocesparalelas.com.ar\/sitio\/wp-json\/wp\/v2\/types\/post"}],"author":[{"embeddable":true,"href":"https:\/\/vocesparalelas.com.ar\/sitio\/wp-json\/wp\/v2\/users\/3"}],"replies":[{"embeddable":true,"href":"https:\/\/vocesparalelas.com.ar\/sitio\/wp-json\/wp\/v2\/comments?post=66446"}],"version-history":[{"count":1,"href":"https:\/\/vocesparalelas.com.ar\/sitio\/wp-json\/wp\/v2\/posts\/66446\/revisions"}],"predecessor-version":[{"id":66449,"href":"https:\/\/vocesparalelas.com.ar\/sitio\/wp-json\/wp\/v2\/posts\/66446\/revisions\/66449"}],"wp:featuredmedia":[{"embeddable":true,"href":"https:\/\/vocesparalelas.com.ar\/sitio\/wp-json\/wp\/v2\/media\/4370"}],"wp:attachment":[{"href":"https:\/\/vocesparalelas.com.ar\/sitio\/wp-json\/wp\/v2\/media?parent=66446"}],"wp:term":[{"taxonomy":"category","embeddable":true,"href":"https:\/\/vocesparalelas.com.ar\/sitio\/wp-json\/wp\/v2\/categories?post=66446"},{"taxonomy":"post_tag","embeddable":true,"href":"https:\/\/vocesparalelas.com.ar\/sitio\/wp-json\/wp\/v2\/tags?post=66446"}],"curies":[{"name":"wp","href":"https:\/\/api.w.org\/{rel}","templated":true}]}}