{"id":66442,"date":"2023-11-30T21:52:59","date_gmt":"2023-12-01T00:52:59","guid":{"rendered":"https:\/\/vocesparalelas.com.ar\/sitio\/?p=66442"},"modified":"2023-12-02T00:55:51","modified_gmt":"2023-12-02T03:55:51","slug":"dias-horarios-y-requisitos-para-transitar-el-paso-agua-negra-desde-argentina-a-chile","status":"publish","type":"post","link":"https:\/\/vocesparalelas.com.ar\/sitio\/dias-horarios-y-requisitos-para-transitar-el-paso-agua-negra-desde-argentina-a-chile\/","title":{"rendered":"D\u00edas, horarios y requisitos para transitar el Paso Agua Negra desde Argentina a Chile"},"content":{"rendered":"<p>El Ministerio de Gobierno de San Juan, Rep\u00fablica Argentina en coordinaci\u00f3n con la Secretar\u00eda de Relaciones Institucionales brind\u00f3 datos para el correcto tr\u00e1nsito por el lugar.<\/p>\n<p>D\u00edas y horarios: La apertura oficial del Paso Agua Negra y la puesta en funcionamiento de los Servicios de Controles Fronterizos responde al siguiente detalle:<\/p>\n<p>Desde el 1 de Diciembre de 2023 hasta el 12 de Marzo de 2024 el paso funciona diariamente, de lunes a domingo incluyendo festivos, entre las 07:00 y las 17:00 horas para usuarios que salen del pa\u00eds y de 07:00 a las 21:00; horario que se mantendr\u00e1 durante toda la temporada de apertura, hasta el cierre oficial del Paso, cuya fecha ser\u00e1 comunicada oportunamente.<\/p>\n<p>A partir del lunes 13 de marzo de 2024 los horarios de habilitaci\u00f3n del tr\u00e1nsito ser\u00e1n de 08:00 a 16:00, con espera en ambos Centros hasta las 20:00.<\/p>\n<p><strong><span style=\"color: #339966;\">Documentaci\u00f3n necesaria para salir del pa\u00eds:<\/span><\/strong><\/p>\n<ul>\n<li>Argentinos: DNI tarjeta para pa\u00edses Mercosur o pasaporte para pa\u00edses extra Mercosur.<\/li>\n<li>Extranjeros residentes, permanentes o temporarios: DNI tarjeta o libreta bord\u00f3 formato digital para pa\u00edses Mercosur (Siempre que por su nacionalidad no requieran visa consular para pa\u00eds de destino) y pasaporte de su nacionalidad para pa\u00edses extra Mercosur.<\/li>\n<\/ul>\n<p><span style=\"color: #339966;\"><strong>Autorizaciones para menores de edad<\/strong><\/span><\/p>\n<p>Los menores de 18 a\u00f1os sean ellos: argentinos, residentes permanentes, temporarios o precarios; que hubiesen permanecido en el pa\u00eds UN (1) a\u00f1o o m\u00e1s, sin perjuicio de su categor\u00eda migrantes, deben presentar adem\u00e1s del documento de viaje la siguiente documentaci\u00f3n:<\/p>\n<ul>\n<li>Si viaja acompa\u00f1ado de ambos padres: Acta, partida o certificado de nacimiento original. Con DNI tarjeta digital, si ambos padres figuran al reverso.<\/li>\n<li>Si viaja acompa\u00f1ado de s\u00f3lo uno de sus padres: Autorizaci\u00f3n para salir del pa\u00eds del otro padre.<\/li>\n<li>Si no viaja acompa\u00f1ado de sus padres: La autorizaci\u00f3n para salir del pa\u00eds de ambos padres.<\/li>\n<\/ul>\n<p><strong><span style=\"color: #339966;\">La autorizaci\u00f3n de uno o ambos padres se puede otorgar por:<\/span><\/strong><\/p>\n<ul>\n<li>Direcci\u00f3n Nacional de Migraciones, delegaci\u00f3n San Juan (Santa Fe 548 (E), Escribano P\u00fablico con legalizaci\u00f3n Colegio Notarial; Juez competente con sello de la Corte de Justicia; C\u00f3nsul argentino o extranjero con legalizaci\u00f3n del Ministerio de Relaciones Exteriores y Culto.<\/li>\n<li>Los tutores y curadores pueden viajar acompa\u00f1ando al menor debiendo presentar la resoluci\u00f3n judicial respectiva que los designa en ese car\u00e1cter.<\/li>\n<li>Si los padres no est\u00e1n de acuerdo o se encuentran imposibilitados de otorgar autorizaci\u00f3n de viaje, o si el menor se encuentra a disposici\u00f3n judicial, o se encuentra bajo guarda con fines de adopci\u00f3n, se requiere la AUTORIZACI\u00d3N JUDICIAL SUPLETORIA debiendo portar tal documento certificado.<\/li>\n<\/ul>\n<p><span style=\"color: #339966;\"><strong>Documentaci\u00f3n de automotor exigida<\/strong><\/span><\/p>\n<ul>\n<li>Titular Registral: C\u00e9dula de Identificaci\u00f3n del Automotor y DNI o Pasaporte.<\/li>\n<\/ul>\n<p><span style=\"color: #339966;\"><strong>Persona Autorizada:<\/strong><\/span><\/p>\n<ul>\n<li>C\u00e9dula de Autorizaci\u00f3n (C\u00e9dula Azul) y DNI o Pasaporte; \u00f3<\/li>\n<li>Autorizaci\u00f3n Notarial por Escribano P\u00fablico certificada por el colegio de escribanos, c\u00e9dula de identificaci\u00f3n del veh\u00edculo y DNI o Pasaporte; \u00f3<\/li>\n<li>Autorizaci\u00f3n emitida ante la autoridad aduanera de la jurisdicci\u00f3n del domicilio real del propietario del veh\u00edculo particular, a efectos de su certificaci\u00f3n por el servicio aduanero, a trav\u00e9s del Formulario \u00abSalida y Admisi\u00f3n Temporal de Veh\u00edculo.<\/li>\n<\/ul>\n","protected":false},"excerpt":{"rendered":"<p>El Ministerio de Gobierno de San Juan, Rep\u00fablica Argentina en coordinaci\u00f3n con la Secretar\u00eda de Relaciones Institucionales brind\u00f3 datos para<\/p>\n","protected":false},"author":3,"featured_media":55101,"comment_status":"closed","ping_status":"closed","sticky":false,"template":"","format":"standard","meta":{"_acf_changed":false,"_seopress_robots_primary_cat":"none","_seopress_titles_title":"","_seopress_titles_desc":"","_seopress_robots_index":"","colormag_page_container_layout":"default_layout","colormag_page_sidebar_layout":"default_layout","footnotes":""},"categories":[2],"tags":[],"class_list":["post-66442","post","type-post","status-publish","format-standard","has-post-thumbnail","hentry","category-convocatorias"],"acf":[],"_links":{"self":[{"href":"https:\/\/vocesparalelas.com.ar\/sitio\/wp-json\/wp\/v2\/posts\/66442","targetHints":{"allow":["GET"]}}],"collection":[{"href":"https:\/\/vocesparalelas.com.ar\/sitio\/wp-json\/wp\/v2\/posts"}],"about":[{"href":"https:\/\/vocesparalelas.com.ar\/sitio\/wp-json\/wp\/v2\/types\/post"}],"author":[{"embeddable":true,"href":"https:\/\/vocesparalelas.com.ar\/sitio\/wp-json\/wp\/v2\/users\/3"}],"replies":[{"embeddable":true,"href":"https:\/\/vocesparalelas.com.ar\/sitio\/wp-json\/wp\/v2\/comments?post=66442"}],"version-history":[{"count":1,"href":"https:\/\/vocesparalelas.com.ar\/sitio\/wp-json\/wp\/v2\/posts\/66442\/revisions"}],"predecessor-version":[{"id":66445,"href":"https:\/\/vocesparalelas.com.ar\/sitio\/wp-json\/wp\/v2\/posts\/66442\/revisions\/66445"}],"wp:featuredmedia":[{"embeddable":true,"href":"https:\/\/vocesparalelas.com.ar\/sitio\/wp-json\/wp\/v2\/media\/55101"}],"wp:attachment":[{"href":"https:\/\/vocesparalelas.com.ar\/sitio\/wp-json\/wp\/v2\/media?parent=66442"}],"wp:term":[{"taxonomy":"category","embeddable":true,"href":"https:\/\/vocesparalelas.com.ar\/sitio\/wp-json\/wp\/v2\/categories?post=66442"},{"taxonomy":"post_tag","embeddable":true,"href":"https:\/\/vocesparalelas.com.ar\/sitio\/wp-json\/wp\/v2\/tags?post=66442"}],"curies":[{"name":"wp","href":"https:\/\/api.w.org\/{rel}","templated":true}]}}