{"id":66437,"date":"2023-11-30T22:48:18","date_gmt":"2023-12-01T01:48:18","guid":{"rendered":"https:\/\/vocesparalelas.com.ar\/sitio\/?p=66437"},"modified":"2023-12-01T00:54:00","modified_gmt":"2023-12-01T03:54:00","slug":"se-habilito-el-paso-internacional-de-agua-negra-temporada-2023-2024","status":"publish","type":"post","link":"https:\/\/vocesparalelas.com.ar\/sitio\/se-habilito-el-paso-internacional-de-agua-negra-temporada-2023-2024\/","title":{"rendered":"Se habilit\u00f3 el Paso Internacional de Agua Negra Temporada 2023 \u2013 2024"},"content":{"rendered":"<p>Autoridades de San Juan, Rep\u00fablica Argentina y de la Regi\u00f3n de Coquimbo, Rep\u00fablica de Chile, dejaron inaugurado el Paso Internacional de Agua Negra, Temporada 2023 \u2013 2024 en una ceremonia realizada en el l\u00edmite internacional, del Departamento Iglesia, Provincia de San Juan.<\/p>\n<p>El acto cont\u00f3 con la presencia del primer mandatario provincial, acompa\u00f1ado por ministros del Poder Ejecutivo, consejeros regionales de Chile, Seremi de Econom\u00eda de Energ\u00eda y Miner\u00eda, representantes de AFIP, Aduana, Senasa y Vialidad Nacional; representante de la cuarta zona de Carabineros, Juan Mu\u00f1oz; autoridades municipales.<\/p>\n<p>En este marco, con la presencia de autoridades de ambos pa\u00edses en el l\u00edmite binacional, se desarroll\u00f3 el acto que dej\u00f3 oficialmente abierto el paso hacia y desde el vecino pa\u00eds.<\/p>\n<p>En el comienzo de la ceremonia, se escucharon las estrofas de los Himnos Nacionales de Argentina y Chile se realiz\u00f3 el corte de cintas que dej\u00f3 inaugurado el cruce internacional.<\/p>\n<p>El gobernador destac\u00f3 \u201cel esfuerzo que van a hacer las autoridades de Vialidad Nacional de Chile en poder seguir sumando tramos, porque me parece que el compromiso deber\u00eda ser que empecemos a trabajar en la consolidaci\u00f3n del paso, que tengamos un paso que est\u00e9 completamente pavimentado\u201d.<\/p>\n<p>En este sentido hizo alusi\u00f3n al cambio de gobierno en la provincia el 10 de diciembre diciendo que \u201cel presupuesto nacional pasa por el Congreso de la Naci\u00f3n y por el Senado de la Naci\u00f3n, donde se dan las grandes discusiones. El compromiso es que podamos sumar un tramo m\u00e1s del lado argentino y que estos 30 kil\u00f3metros que nos est\u00e1n quedando en el corto o mediano plazo, sean 30 kil\u00f3metros no ya de tierra, sino de pavimento.<\/p>\n<p>\u00abHa sido un honor haber trabajado estos 8 a\u00f1os. No lo hice solo; siempre con un equipo de trabajo. Tuvimos aciertos, errores tambi\u00e9n, pero creo que lo que nunca se puso en duda es que esta gesti\u00f3n quiso hacer e hizo m\u00e1s all\u00e1 de la econom\u00eda nacional, se\u00f1alo U\u00f1ac.<\/p>\n<p>Agreg\u00f3 que \u201cnunca nos detuvimos en los problemas, porque tuvimos que tomar decisiones con herramientas que han permitido que la obra p\u00fablica se siga haciendo. No nos tembl\u00f3 el pulso y la misma l\u00f3gica tendremos donde nos toque estar. Las instituciones se mantienen, los proyectos se concretan, como est\u00e1 pasando ac\u00e1\u00bb.<\/p>\n<p>Por \u00faltimo dijo que \u201cSan Juan creci\u00f3 del puesto 19 al 9 en turismo receptivo y eso parece que no solo ha sido una idea, una ley, un pensamiento o un desaf\u00edo, sino que ha sido un conjunto de hombres y mujeres en esta provincia que pensamos que San Juan tiene presente y mucho m\u00e1s futuro que lo deberemos seguir construyendo entre todos\u201d.<\/p>\n<p>Por su parte el delegado presidencial regional de Coquimbo, Galo Luna Penna, dijo: \u201cEstamos muy contentos, porque para nosotros es importante seguir trabajando en la integraci\u00f3n de Coquimbo con San Juan. Hemos hecho un compromiso que el pr\u00f3ximo a\u00f1o vamos a licitar las obras con Vialidad para la pavimentaci\u00f3n\u00bb.<\/p>\n<p>&nbsp;<\/p>\n<p>&nbsp;<\/p>\n","protected":false},"excerpt":{"rendered":"<p>Autoridades de San Juan, Rep\u00fablica Argentina y de la Regi\u00f3n de Coquimbo, Rep\u00fablica de Chile, dejaron inaugurado el Paso Internacional<\/p>\n","protected":false},"author":3,"featured_media":66440,"comment_status":"closed","ping_status":"closed","sticky":false,"template":"","format":"standard","meta":{"_acf_changed":false,"_seopress_robots_primary_cat":"none","_seopress_titles_title":"","_seopress_titles_desc":"","_seopress_robots_index":"","colormag_page_container_layout":"default_layout","colormag_page_sidebar_layout":"default_layout","footnotes":""},"categories":[1],"tags":[],"class_list":["post-66437","post","type-post","status-publish","format-standard","has-post-thumbnail","hentry","category-destacadas"],"acf":[],"_links":{"self":[{"href":"https:\/\/vocesparalelas.com.ar\/sitio\/wp-json\/wp\/v2\/posts\/66437","targetHints":{"allow":["GET"]}}],"collection":[{"href":"https:\/\/vocesparalelas.com.ar\/sitio\/wp-json\/wp\/v2\/posts"}],"about":[{"href":"https:\/\/vocesparalelas.com.ar\/sitio\/wp-json\/wp\/v2\/types\/post"}],"author":[{"embeddable":true,"href":"https:\/\/vocesparalelas.com.ar\/sitio\/wp-json\/wp\/v2\/users\/3"}],"replies":[{"embeddable":true,"href":"https:\/\/vocesparalelas.com.ar\/sitio\/wp-json\/wp\/v2\/comments?post=66437"}],"version-history":[{"count":1,"href":"https:\/\/vocesparalelas.com.ar\/sitio\/wp-json\/wp\/v2\/posts\/66437\/revisions"}],"predecessor-version":[{"id":66441,"href":"https:\/\/vocesparalelas.com.ar\/sitio\/wp-json\/wp\/v2\/posts\/66437\/revisions\/66441"}],"wp:featuredmedia":[{"embeddable":true,"href":"https:\/\/vocesparalelas.com.ar\/sitio\/wp-json\/wp\/v2\/media\/66440"}],"wp:attachment":[{"href":"https:\/\/vocesparalelas.com.ar\/sitio\/wp-json\/wp\/v2\/media?parent=66437"}],"wp:term":[{"taxonomy":"category","embeddable":true,"href":"https:\/\/vocesparalelas.com.ar\/sitio\/wp-json\/wp\/v2\/categories?post=66437"},{"taxonomy":"post_tag","embeddable":true,"href":"https:\/\/vocesparalelas.com.ar\/sitio\/wp-json\/wp\/v2\/tags?post=66437"}],"curies":[{"name":"wp","href":"https:\/\/api.w.org\/{rel}","templated":true}]}}