{"id":66431,"date":"2023-11-30T22:40:20","date_gmt":"2023-12-01T01:40:20","guid":{"rendered":"https:\/\/vocesparalelas.com.ar\/sitio\/?p=66431"},"modified":"2023-12-01T00:40:38","modified_gmt":"2023-12-01T03:40:38","slug":"se-inauguro-el-hospital-dr-tomas-peron-departamento-iglesia-de-san-juan","status":"publish","type":"post","link":"https:\/\/vocesparalelas.com.ar\/sitio\/se-inauguro-el-hospital-dr-tomas-peron-departamento-iglesia-de-san-juan\/","title":{"rendered":"Se inaugur\u00f3 el Hospital Dr. Tom\u00e1s Per\u00f3n Departamento Iglesia de San Juan"},"content":{"rendered":"<p>En el marco de una visita realizada por el Gobernador de San Juan, Dr. Sergio U\u00f1ac al Departamento Iglesia, el Jueves, 30 de Noviembre de 2023, inaugur\u00f3 el Hospital Dr. Tom\u00e1s Per\u00f3n, en la localidad de Rodeo, Departamento Iglesia, en el marco de los 270 a\u00f1os de existencia.<\/p>\n<p>Lo acompa\u00f1aron el intendente de la Municipalidad de Iglesia, Dr. Jorge Espejo; los ministro de Salud P\u00fablica, Dra. Alejandra Venerando; de Obras y Servicios P\u00fablicos, Ing. Julio Ort\u00edz Andino; de Miner\u00eda, Ing. Carlos Astudillo; de Gobierno, Dra. Alberto Hensel; diputados Provinciales, Gustavo Marinero y Mauro Marinero; intendente de San Mart\u00edn, CPN Cristian Andino; concejales departamentales; secretarios del \u00e1rea de Salud; directora del hospital, Evelyn Salas; representantes de Gendarmer\u00eda Nacional y de Polic\u00eda de San Juan; directivos de Barrik Exploraciones Argentinas; representante de Fort Esqui\u00fa Argentina, Emilio Mart\u00edn y personal del nosocomio.<\/p>\n<p>Emplazado en el acceso principal de la Localidad de Rodeo, sobre la calle Santo Domingo, el hospital se despliega sobre un terreno de 4 hect\u00e1reas el moderno edificio que alcanza una superficie cubierta de 3.500 m2.<\/p>\n<p>Esta instituci\u00f3n sanitaria es de gran importancia para el departamento y las zonas aleda\u00f1as, ya que el antiguo hospital exig\u00eda una importante actualizaci\u00f3n funcional y f\u00edsica, sumado a la obsolescencia de su infraestructura.<\/p>\n<p><img loading=\"lazy\" decoding=\"async\" class=\"alignnone size-full wp-image-66435\" src=\"https:\/\/vocesparalelas.com.ar\/sitio\/wp-content\/uploads\/2023\/12\/HOSPITAL-PERON-02.jpg\" alt=\"\" width=\"800\" height=\"534\" srcset=\"https:\/\/vocesparalelas.com.ar\/sitio\/wp-content\/uploads\/2023\/12\/HOSPITAL-PERON-02.jpg 800w, https:\/\/vocesparalelas.com.ar\/sitio\/wp-content\/uploads\/2023\/12\/HOSPITAL-PERON-02-300x200.jpg 300w, https:\/\/vocesparalelas.com.ar\/sitio\/wp-content\/uploads\/2023\/12\/HOSPITAL-PERON-02-768x513.jpg 768w\" sizes=\"auto, (max-width: 800px) 100vw, 800px\" \/><\/p>\n<p><span style=\"color: #ff0000;\"><strong>La planificaci\u00f3n del nuevo edificio contempla los siguientes servicios<\/strong><\/span><\/p>\n<ul>\n<li>Atenci\u00f3n ambulatoria programada con consultorios externos, enfermer\u00eda pedi\u00e1trica y de adultos, vacunatorio; Diagn\u00f3stico por im\u00e1genes, radiolog\u00eda, ecograf\u00eda, mamograf\u00eda, Tratamientos f\u00edsicos: kinesiolog\u00eda y rehabilitaci\u00f3n; Diagn\u00f3stico por laboratorio de an\u00e1lisis cl\u00ednicos: an\u00e1lisis cl\u00ednicos, bacteriolog\u00eda y banco de sangre.<\/li>\n<li>Atenci\u00f3n de internaci\u00f3n: 4 camas de pediatr\u00eda, 4 para mujeres adultas y 4 para hombres adultos.<\/li>\n<li>Atenci\u00f3n ambulatoria de urgencia: 2 consultorios, triage, 1 shockroom y 3 boxes de atenci\u00f3n.<\/li>\n<li>Direcci\u00f3n y administraci\u00f3n: espacios destinados para direcci\u00f3n, secretar\u00eda, sala de reuniones, sala de ateneo, central telef\u00f3nica.<\/li>\n<li>Abastecimiento y procesamiento con sectores de alimentaci\u00f3n, farmacia, lavander\u00eda, esterilizaci\u00f3n, morgue, edificio de mantenimiento y control policial externo.<\/li>\n<\/ul>\n<p>El dise\u00f1o tambi\u00e9n previ\u00f3 los accesos necesarios al hospital, peatonales y vehiculares. En cuanto a los ingresos vehiculares, son diferenciados para personal, servicios de abastecimiento y suministros y accesibilidad de ambulancias al servicio de urgencias. La ubicaci\u00f3n, en la localidad de Rodeo, favorece notablemente la facilidad de llegada para toda la comunidad del departamento.<\/p>\n<p>El tipo de edificaci\u00f3n y calidad de los materiales garantizan una larga vida \u00fatil y, adem\u00e1s, fueron concebidos para minimizar los costos de operaci\u00f3n y mantenimiento.<\/p>\n<p>Por su parte, la Direcci\u00f3n de Control Operativo ya comenz\u00f3 con las labores de inspecci\u00f3n de obra en conjunto con la Direcci\u00f3n de Gesti\u00f3n de Obras, como as\u00ed tambi\u00e9n las pruebas de funcionamiento de cada sistema del hospital: el\u00e9ctrico, termomec\u00e1nico, contra incendio, gases medicinales, entre otros.<\/p>\n<p>El acto cont\u00f3 tambi\u00e9n con la bendici\u00f3n del establecimiento y de todos los presentes por parte del presb\u00edtero Roberto L\u00f3pez.<\/p>\n<p>A su llegada al lugar, el gobernador\u00a0U\u00f1ac\u00a0expres\u00f3 que \u201c\u00e9ste es un hecho hist\u00f3rico; es un hospital antiguo, que cumple con la federalizaci\u00f3n de los servicios de salud y que no estaba en condiciones de prestar los servicios requeridos. Nos comprometimos con \u00e9sta obra, que deb\u00eda ser una realidad, de la misma manera que construimos y remodelamos el resto de los hospitales en San Juan\u201d.<\/p>\n<p>A continuaci\u00f3n, dijo que \u201cel objetivo de los funcionarios es aunar criterios, establecer esfuerzos para mejorar la calidad de vida de la gente y es lo que hemos cumplido en esto a\u00f1os de gesti\u00f3n\u201d.<\/p>\n<p>Cabe mencionar que, como parte importante de su discurso, el gobernador anunci\u00f3 el aporte de fondos provinciales para la construcci\u00f3n de una capilla en el hospital: 15 millones en total para la satisfacci\u00f3n de las necesidades espirituales de los que all\u00ed asistan.<\/p>\n<p>Adem\u00e1s, U\u00f1ac se refiri\u00f3 a la econom\u00eda del pa\u00eds y de la provincia y expres\u00f3 que \u201ca pesar de contexto, del que no podemos escapar, San Juan se blind\u00f3; el sector empresario realiz\u00f3 negocios, contrat\u00f3 personal y hoy la provincia est\u00e1 entre las que mayor cantidad de obreros de la construcci\u00f3n registra en el pa\u00eds, muy significativo. Las obras se concretan con los empresarios, los obreros y San Juan tuvo la capacidad de so\u00f1ar, a pesar de los avatares de las \u00faltimas \u00e9pocas. Estoy ac\u00e1 para agradecerles\u201d, agreg\u00f3.<\/p>\n<p>Continuando, aport\u00f3 que \u201cdejamos lista la infraestructura y el pr\u00f3ximo desaf\u00edo es agregar los recursos humanos , de manera que queda a disposici\u00f3n del pueblo iglesiano y de su intendente. Construimos la tercera etapa del Hospital Rawson, la ampliaci\u00f3n del Marcial Quiroga, en total 8 hospitales en toda la gesti\u00f3n, lo que significa que los sanjuaninos nos pusimos a trabajar en los objetivos que nos hac\u00edan bien a todos. Desde mi lugar seguir\u00e9 siendo organismo de gesti\u00f3n. Sigamos trabajando codo a codo. Felices fiestas para todos\u201d, se despidi\u00f3 el primer mandatario provincial.<\/p>\n<p>En cuanto a pr\u00f3ximas obras a inaugurar, U\u00f1ac detall\u00f3 que contin\u00faan entreg\u00e1ndose viviendas en distintos sectores de la provincia y pr\u00f3ximos a concluir el Parque Aventura, en la Quebrada de Zonda, Rivadavia, entre otras obras.<\/p>\n<p>Posteriormente,\u00a0Salasagradeci\u00f3 al gobernador y a los responsables de los ministerios encargados de la planificaci\u00f3n y construcci\u00f3n de la obra. \u201ceste es un sue\u00f1o convertido en realidad. Este nosocomio cumple funciones desde 1949 en diagn\u00f3stico, rehabilitaci\u00f3n y tratamiento de enfermedades de los iglesianos. Gracias a los jubilados que trabajaron desde esa \u00e9poca, quienes forjaron el camino. Este es un d\u00eda hist\u00f3rico para el sistema de salud y para todos los habitantes del departamento, que son nuestro principal objetivo\u201d.<\/p>\n<p>Seguidamente, el Ing. Ort\u00edz Andino\u00a0agreg\u00f3 que \u201cen \u00e9ste d\u00eda hist\u00f3rico, concluimos un edificio que tiene un gran valor social para la comunidad iglesiana y para la provincia\u201d.<\/p>\n<p>Avanzando en su discurso, el ministro aport\u00f3 detalles t\u00e9cnicos del edificio, construido sobre un terreno de 4 hect\u00e1reas, donado por la municipalidad, a metros del viejo hospital, con una inversi\u00f3n superior a los 3000 millones de pesos, financiada con fondos provinciales y fideicomiso del sector minero.<\/p>\n<p>\u201cEn un contexto donde actualmente se debate el rol de la obra p\u00fablica, \u00e9ste hospital demuestra la importancia del mismo, desde la decisi\u00f3n de efectuar la obra hasta dar trabajo a cientos de personas, m\u00e1s el personal de salud que se desempe\u00f1ar\u00e1 a partir de hoy y de la ciudadan\u00eda que asistir\u00e1. La obra p\u00fablica no representa un concepto deficitario, es garant\u00eda del derecho a la salud. En San Juan, m\u00e1s del 30 por ciento del presupuesto total se destin\u00f3 a la obra p\u00fablica, lo que deriv\u00f3 en la construcci\u00f3n de 7 hospitales, m\u00e1s de 150 edificios educativos, 18.000 soluciones habitacionales, m\u00e1s de 20 obras culturales y deportivas que colocaron a la provincia en una mirada nacional\u201d, puntualiz\u00f3 el ministro.<\/p>\n<p>\u201cAdem\u00e1s, realizamos importantes esfuerzos para sostener el ritmo de la obra p\u00fablica, como los instrumentos que se crearon a trav\u00e9s de la Ley de Emergencia de la Obra P\u00fablica. Demostramos que cuando existe voluntad pol\u00edtica, la obra puede sostenerse pese a las adversidades\u201d, explic\u00f3.<\/p>\n<p>Para cerrar, Ort\u00edz Andino hizo hincapi\u00e9 en que \u201cla obra p\u00fablica genera circuitos econ\u00f3micos que permiten distintas actividades, bajo dos grandes finalidades: satisfacer derechos y generar infraestructura para el desarrollo econ\u00f3mico. Pero no todas las obras pueden dejarse bajo la iniciativa privada, hay muchas que no resultar rentables y es ah\u00ed donde aparece el estado. Sin la obra p\u00fablica en manos estatales, el sistema se concentrar\u00eda en los grandes centros urbanos y las econom\u00edas regionales quedar\u00edan en el olvido. Los invito a defender nuestras obras, un logro colectivo de los sanjuaninos\u201d, concluy\u00f3 y agradeci\u00f3 al personal implicado en la obra.<\/p>\n<p>Por su parte, la Dra. Alejandra Venerando manifest\u00f3 la voluntad de \u201cponer en valor el trabajo de \u00e9stos a\u00f1os y en esto quiero agradecer al gobernador. Y destaco la descentralizaci\u00f3n de los hospitales, con los hospitales de los departamentos. En la pandemia, se acondicionaron todos los centros de salud para la atenci\u00f3n de los pacientes\u201d.<\/p>\n<p>A rengl\u00f3n seguido, la ministro puso el foco en las numerosas prestaciones que ofrece el hospital. \u201cPido al equipo de salud y a la comunidad que cuiden las instalaciones, porque es un sue\u00f1o anhelado. Dejamos la vara muy alta en materia de salud y la provincia nunca se detuvo. Sigamos defendiendo nuestros derechos. Lo mejor es para ustedes, los de la ciudad y los de la periferia. Gracias al equipo de salud, tambi\u00e9n por lo brindado en pandemia\u201d, finaliz\u00f3 la m\u00e9dica.<\/p>\n<p>A su turno, el Dr. Espejo agradeci\u00f3 la presencia de autoridades y trabajadores de la salud y sum\u00f3 que \u201ccomo intendente e iglesiano, estoy bajo una gran emoci\u00f3n. El hospital y el Hotel Termas de Pismanta fue un gran objetivo, hoy cumplidos. Luego de superar muchos problemas se logr\u00f3 y me comprometo a gestionarlo en todo lo que sea necesario de \u00e9sta gran obra, que es un lujo. Las obras que se plasmaron pasan por la escuela de Colola, el acueducto , la fibra \u00f3ptica, las redes de agua, pavimentos, han hecho historia en la comunidad. Seguiremos por el crecimiento de San Juan y del departamento\u201d, cerr\u00f3.<\/p>\n<p><span style=\"color: #ff0000;\"><strong>Un trabajo planificado en beneficio de la salud<\/strong><\/span><\/p>\n<p>Con el Tom\u00e1s Per\u00f3n ya suman 7 los hospitales p\u00fablicos de San Juan creados, reconstruidos, ampliados y mejorados. En el listado se puede mencionar la creaci\u00f3n de los hospitales San Roque, en J\u00e1chal, -considerado el tercero m\u00e1s importante de la provincia- y el de 25 de Mayo.<\/p>\n<p>Por otra parte se encuentran la nueva obra del Centro de Medicina Nuclear PET\/CT, ex-Hospital Espa\u00f1ol y las obras de ampliaci\u00f3n del Hospital Marcial Quiroga, con la respectiva fundaci\u00f3n de su Residencia Transitoria.<\/p>\n<p>Al listado se a\u00f1ade tambi\u00e9n la creaci\u00f3n del primer hospital del pa\u00eds que pas\u00f3 de ser de monovalente a polivalente: se trata del Hospital General Dra. Julieta Lanteri, antiguamente denominado Hospital Mental de Zonda. Y no se puede dejar de mencionar, la construcci\u00f3n de los sectores 1 y 4 del Hospital Dr. Guillermo Rawson.<\/p>\n<p>En \u00e9ste punto, cabe destacar que entre los proyectos a finalizar se encuentran los hospitales Aldo Cantoni en Calingasta (en etapa final de obra), el Dra. Stella Molina en San Mart\u00edn y en Angaco, el Dr. Alfredo Rizo Esparza.<\/p>\n<p>Continuando con la enumeraci\u00f3n de proyectos, se puede destacar al micro-hospital de Los Berros y el proyecto del nuevo Hospital de Caucete. A su vez, la Direcci\u00f3n de Proyectos de la Subsecretar\u00eda de Arquitectura contin\u00faa las labores de planificaci\u00f3n y dise\u00f1o del nosocomio en Valle F\u00e9rtil, sumado a los micro-hospitales de Ullum y Zonda.<\/p>\n<p>Sobre el nombre del nuevo hospital, es el del m\u00e9dico y catedr\u00e1tico Dr. Tom\u00e1s Per\u00f3n, que naci\u00f3 en 1839 en Buenos Aires, y actu\u00f3 en la gran epidemia de Fiebre Amarilla en 1871; adem\u00e1s, fue miembro de la Academia Nacional de Ciencias Exactas, F\u00edsicas y Naturales desde su creaci\u00f3n, en marzo de 1874.<\/p>\n<p>En 1880 fue uno de los fundadores del Departamento Nacional de Higiene, antecesor del actual Ministerio de Salud P\u00fablica de la Naci\u00f3n.<\/p>\n<p>&nbsp;<\/p>\n<p>&nbsp;<\/p>\n<p>&nbsp;<\/p>\n","protected":false},"excerpt":{"rendered":"<p>En el marco de una visita realizada por el Gobernador de San Juan, Dr. Sergio U\u00f1ac al Departamento Iglesia, el<\/p>\n","protected":false},"author":3,"featured_media":66434,"comment_status":"closed","ping_status":"closed","sticky":false,"template":"","format":"standard","meta":{"_acf_changed":false,"_seopress_robots_primary_cat":"none","_seopress_titles_title":"","_seopress_titles_desc":"","_seopress_robots_index":"","colormag_page_container_layout":"default_layout","colormag_page_sidebar_layout":"default_layout","footnotes":""},"categories":[1],"tags":[],"class_list":["post-66431","post","type-post","status-publish","format-standard","has-post-thumbnail","hentry","category-destacadas"],"acf":[],"_links":{"self":[{"href":"https:\/\/vocesparalelas.com.ar\/sitio\/wp-json\/wp\/v2\/posts\/66431","targetHints":{"allow":["GET"]}}],"collection":[{"href":"https:\/\/vocesparalelas.com.ar\/sitio\/wp-json\/wp\/v2\/posts"}],"about":[{"href":"https:\/\/vocesparalelas.com.ar\/sitio\/wp-json\/wp\/v2\/types\/post"}],"author":[{"embeddable":true,"href":"https:\/\/vocesparalelas.com.ar\/sitio\/wp-json\/wp\/v2\/users\/3"}],"replies":[{"embeddable":true,"href":"https:\/\/vocesparalelas.com.ar\/sitio\/wp-json\/wp\/v2\/comments?post=66431"}],"version-history":[{"count":1,"href":"https:\/\/vocesparalelas.com.ar\/sitio\/wp-json\/wp\/v2\/posts\/66431\/revisions"}],"predecessor-version":[{"id":66436,"href":"https:\/\/vocesparalelas.com.ar\/sitio\/wp-json\/wp\/v2\/posts\/66431\/revisions\/66436"}],"wp:featuredmedia":[{"embeddable":true,"href":"https:\/\/vocesparalelas.com.ar\/sitio\/wp-json\/wp\/v2\/media\/66434"}],"wp:attachment":[{"href":"https:\/\/vocesparalelas.com.ar\/sitio\/wp-json\/wp\/v2\/media?parent=66431"}],"wp:term":[{"taxonomy":"category","embeddable":true,"href":"https:\/\/vocesparalelas.com.ar\/sitio\/wp-json\/wp\/v2\/categories?post=66431"},{"taxonomy":"post_tag","embeddable":true,"href":"https:\/\/vocesparalelas.com.ar\/sitio\/wp-json\/wp\/v2\/tags?post=66431"}],"curies":[{"name":"wp","href":"https:\/\/api.w.org\/{rel}","templated":true}]}}