{"id":66423,"date":"2023-11-30T20:27:40","date_gmt":"2023-11-30T23:27:40","guid":{"rendered":"https:\/\/vocesparalelas.com.ar\/sitio\/?p=66423"},"modified":"2023-12-03T22:19:40","modified_gmt":"2023-12-04T01:19:40","slug":"finalizo-la-tecnicatura-en-agente-sanitario-en-san-juan","status":"publish","type":"post","link":"https:\/\/vocesparalelas.com.ar\/sitio\/finalizo-la-tecnicatura-en-agente-sanitario-en-san-juan\/","title":{"rendered":"Finaliz\u00f3 la Tecnicatura \u00aben Agente Sanitario\u201d en San Juan"},"content":{"rendered":"<p>El Ministerio de Salud P\u00fablica del Gobierno de San Juan entreg\u00f3 menciones a los 62 agentes sanitarios que finalizaron sus estudios en la Universidad Nacional de San Juan en Junio de 2023, convirti\u00e9ndose en los primeros t\u00e9cnicos a nivel Nacional.<\/p>\n<p>La tecnicatura universitaria de agentes sanitarios &#8211; TUAS &#8211; fue avalada y gestionada por el Ministerio de Salud P\u00fablica del Gobierno de San Juan.<\/p>\n<p>La Carrera Universitaria \u201cTecnicatura en Agente Sanitario\u201d surge a partir de la iniciativa del Ministerio de Salud P\u00fablica del Gobierno de San Juan quien plantea la necesidad de una propuesta de capacitaci\u00f3n de pregrado para la formaci\u00f3n de T\u00e9cnicos en Agentes Sanitarios competentes para desarrollar acciones en terreno con valores en base a la justicia social y garant\u00eda del derecho a la salud, privilegiando los principios de la inclusi\u00f3n y la equidad.<\/p>\n<p>Estuvieron presentes en el acto en el Auditorio Eloy Camus conformando la mesa acad\u00e9mica, la ministra de Salud P\u00fablica, Dra. Alejandra Venerando; el secretario T\u00e9cnico, Dr. Juan Pablo Pacheco; la secretaria de Planificaci\u00f3n, Dra. Alina Almaz\u00e1n; el decano Facultad de Ciencias Sociales de la UNSJ, Dr. Marcelo Lucero y la jefa de la Divisi\u00f3n Atenci\u00f3n Primaria de la Salud &#8211;\u00a0 APS -, Dra. Gabriela Guti\u00e9rrez.<\/p>\n<p><img loading=\"lazy\" decoding=\"async\" class=\"alignnone size-full wp-image-66429\" src=\"https:\/\/vocesparalelas.com.ar\/sitio\/wp-content\/uploads\/2023\/12\/UNSJ-TECNICATURA-SALUD-01.jpg\" alt=\"\" width=\"800\" height=\"534\" srcset=\"https:\/\/vocesparalelas.com.ar\/sitio\/wp-content\/uploads\/2023\/12\/UNSJ-TECNICATURA-SALUD-01.jpg 800w, https:\/\/vocesparalelas.com.ar\/sitio\/wp-content\/uploads\/2023\/12\/UNSJ-TECNICATURA-SALUD-01-300x200.jpg 300w, https:\/\/vocesparalelas.com.ar\/sitio\/wp-content\/uploads\/2023\/12\/UNSJ-TECNICATURA-SALUD-01-768x513.jpg 768w\" sizes=\"auto, (max-width: 800px) 100vw, 800px\" \/><\/p>\n<p>En la oportunidad, la ministra Dra. Alejandra Venerando manifest\u00f3 que \u00abpara m\u00ed es un gran orgullo poder estar ac\u00e1 con ustedes y con sus familias hoy poniendo en valor el trabajo y el esfuerzo de cada uno al recibirse de t\u00e9cnicos universitarios. Agradezco profundamente a quien hoy es decano de la FACSO, un querido amigo que supo escucharnos en su momento, como dec\u00eda hace ratito cuando se golpearon las diferentes puertas para que ustedes tuvieran esta gran posibilidad\u201d.<\/p>\n<p>\u201cNosotros no quer\u00edamos dejar de pasar esta oportunidad de reconocerles el gran esfuerzo, porque m\u00e1s all\u00e1 de todo los que trabajamos quienes hoy estamos cumpliendo una funci\u00f3n, el esfuerzo lo han llevado a cabo cada uno de ustedes atravesando la pandemia, empezando a utilizar la tecnolog\u00eda cuando muchas veces no la sab\u00edan manejar, indudablemente con much\u00edsimas dificultades de distancia. Y realmente para nosotros es un gran orgullo\u201d, finaliz\u00f3.<\/p>\n<p>Luego, el Dr. Marcelo Lucero expres\u00f3 que \u00abustedes han llegado ac\u00e1 gracias, sin lugar a dudas, al esfuerzo individual, al m\u00e9rito de cada uno de ustedes. Pero quiero decir tambi\u00e9n que ustedes han llegado ac\u00e1 tambi\u00e9n gracias al esfuerzo de muchas otras personas y de toda una sociedad\u201d.<\/p>\n<p>\u201cMis felicitaciones a ustedes, mis felicitaciones a la ministra y a su equipo por la visi\u00f3n cuando muy poca gente cre\u00eda en esto y tambi\u00e9n un m\u00e9rito y felicitaciones m\u00e1s especial a sus familiares que los han acompa\u00f1ado. Muchos de ustedes vienen de los distintos departamentos, con lo cual venir todos los s\u00e1bados, despu\u00e9s de toda una semana de mucho trabajo y cansancio, venir a estudiar a la universidad, estar un d\u00eda s\u00e1bado, un d\u00eda viernes, es un esfuerzo que tambi\u00e9n merece su reconocimiento\u201d, concluy\u00f3.<\/p>\n<p>Por su parte, la egresada Jessica Herrera se\u00f1al\u00f3 que \u00abquiero agradecer a todos los presentes que est\u00e1n en esta ocasi\u00f3n tan especial. Es un honor para m\u00ed tomar la palabra en nombre de todos los graduados presentes. Quiero agradecer de manera especial a todos los que han contribuido en esta etapa. Hoy es un d\u00eda muy especial para todos los presentes. Es una alegr\u00eda porque hemos cumplido el sue\u00f1o de realizar la tecnicatura universitaria en agentes sanitarios. Etapa donde compartimos alegr\u00edas, tristezas, desaf\u00edos y sobre todo triunfos\u201d.<\/p>\n<p>\u201cLa tecnicatura es una propuesta acad\u00e9mica que busca consolidar y perfeccionar la tarea de atenci\u00f3n primaria de la salud a partir de la formaci\u00f3n de agentes sanitarios que diariamente interact\u00faan con la comunidad en pos de aportar a la construcci\u00f3n de la salud colectiva integral\u201d, cerr\u00f3.<\/p>\n<p><span style=\"color: #ff0000;\"><strong>Egresaron 62 agentes sanitarios<\/strong><\/span><\/p>\n<p>Ag\u00fcero, Juana Edith; Aguilera, M\u00f3nica Ester; Albeiro, Patricia Edith; Andrada, In\u00e9s Clemencia; Andr\u00e9s M\u00e1rquez, Juan Sebasti\u00e1n; Ant\u00fanez, Marianela Ceferina; Arroyo Ant\u00fanez, \u00c9rica Cecilia; Atencio S\u00e1nchez, Mart\u00edn Sebasti\u00e1n; Balmaceda, Daniel Oscar; Berrido, Estela; Bustos, Daniela Soledad; Bustos, Lorena; Cajas Salas, Martha Nerea; Carrizo Romero, Jonathan; Carrizo, Ana Belkis; Castro Reta, Cinthia Paola; Castro, Sonia Edith; Ch\u00e1vez, Lidia Beatriz; Contrera, Claudia Elena; Cortez, Aida Liliana; Cortez, Gabriela; D\u00edaz, Jos\u00e9 Dar\u00edo; Espejo, Natalia Beatriz; Esquivel Monta\u00f1a, Yamila Anabella; Esquivel, Elizabeth Ramona; Font, Laura; G\u00f3mez, Claudia Rosana; G\u00f3mez, N\u00e9lida Beatriz; Gonz\u00e1lez Reinoso, Yanina Marianela; Gonz\u00e1lez, Flavia Ivana; Herrera, J\u00e9sica Celina; Jofr\u00e9, Carlos Ram\u00f3n; Lazo, Silvana Marcela; Llanos, Mariela Alejandra; Lucero, Francisca; Mercado Guzm\u00e1n, Andrea Deolinda; Mercado, Elsa Delia; Montecinos, Mirta Sandra; Morales, Mar\u00eda Alejandra; Morales, Diego Ricardo; Moran Salinas, Carolina Nicolasa; Mu\u00f1oz, Rub\u00e9n Alfredo; Navarro, Mar\u00eda Rosa; Olmos, Johana Cecilia; Ontivero, Stella Maris; Oro Heredia, Mar\u00eda del Valle; Oti\u00f1ano, Alejandra; Pasten Yacante, Gisel Deolinda; Pi Sarmiento, Maira; Ponce, Gabriela Alejandra; Quiroga Rodr\u00edguez, Leonardo Javier; Roja, Juana Esther; Saavedra Landa, Anabel del Valle; Sabas, Graciela Mabel; Salazar, Yesica; Segovia Ubilla, Doris Cecilia; Segovia Ubilla, Silvana Mabel; Solares, Tania Joana; Tapia Roja, Mercedes Yanina; Torrej\u00f3n, Yanina Gloria; Vidable, Laura Silvana; Zabaleta , Lila Nancy<\/p>\n<p>&nbsp;<\/p>\n","protected":false},"excerpt":{"rendered":"<p>El Ministerio de Salud P\u00fablica del Gobierno de San Juan entreg\u00f3 menciones a los 62 agentes sanitarios que finalizaron sus<\/p>\n","protected":false},"author":3,"featured_media":66427,"comment_status":"closed","ping_status":"closed","sticky":false,"template":"","format":"standard","meta":{"_acf_changed":false,"_seopress_robots_primary_cat":"none","_seopress_titles_title":"","_seopress_titles_desc":"","_seopress_robots_index":"","colormag_page_container_layout":"default_layout","colormag_page_sidebar_layout":"default_layout","footnotes":""},"categories":[15],"tags":[],"class_list":["post-66423","post","type-post","status-publish","format-standard","has-post-thumbnail","hentry","category-posgrados"],"acf":[],"_links":{"self":[{"href":"https:\/\/vocesparalelas.com.ar\/sitio\/wp-json\/wp\/v2\/posts\/66423","targetHints":{"allow":["GET"]}}],"collection":[{"href":"https:\/\/vocesparalelas.com.ar\/sitio\/wp-json\/wp\/v2\/posts"}],"about":[{"href":"https:\/\/vocesparalelas.com.ar\/sitio\/wp-json\/wp\/v2\/types\/post"}],"author":[{"embeddable":true,"href":"https:\/\/vocesparalelas.com.ar\/sitio\/wp-json\/wp\/v2\/users\/3"}],"replies":[{"embeddable":true,"href":"https:\/\/vocesparalelas.com.ar\/sitio\/wp-json\/wp\/v2\/comments?post=66423"}],"version-history":[{"count":2,"href":"https:\/\/vocesparalelas.com.ar\/sitio\/wp-json\/wp\/v2\/posts\/66423\/revisions"}],"predecessor-version":[{"id":66430,"href":"https:\/\/vocesparalelas.com.ar\/sitio\/wp-json\/wp\/v2\/posts\/66423\/revisions\/66430"}],"wp:featuredmedia":[{"embeddable":true,"href":"https:\/\/vocesparalelas.com.ar\/sitio\/wp-json\/wp\/v2\/media\/66427"}],"wp:attachment":[{"href":"https:\/\/vocesparalelas.com.ar\/sitio\/wp-json\/wp\/v2\/media?parent=66423"}],"wp:term":[{"taxonomy":"category","embeddable":true,"href":"https:\/\/vocesparalelas.com.ar\/sitio\/wp-json\/wp\/v2\/categories?post=66423"},{"taxonomy":"post_tag","embeddable":true,"href":"https:\/\/vocesparalelas.com.ar\/sitio\/wp-json\/wp\/v2\/tags?post=66423"}],"curies":[{"name":"wp","href":"https:\/\/api.w.org\/{rel}","templated":true}]}}