{"id":66414,"date":"2023-11-30T22:42:00","date_gmt":"2023-12-01T01:42:00","guid":{"rendered":"https:\/\/vocesparalelas.com.ar\/sitio\/?p=66414"},"modified":"2023-12-03T22:18:57","modified_gmt":"2023-12-04T01:18:57","slug":"entregaron-los-certificados-de-la-diplomatura-en-ciberdelito-y-analisis-de-evidencia-digital","status":"publish","type":"post","link":"https:\/\/vocesparalelas.com.ar\/sitio\/entregaron-los-certificados-de-la-diplomatura-en-ciberdelito-y-analisis-de-evidencia-digital\/","title":{"rendered":"Entregaron los certificados de la Diplomatura en Ciberdelito y an\u00e1lisis de evidencia digital."},"content":{"rendered":"<p>En un esfuerzo conjunto para fortalecer las capacidades de las fuerzas de seguridad y del Ministerio P\u00fablico Fiscal, la Secretar\u00eda de Estado de Seguridad y Orden P\u00fablico del Gobierno de San Juan junto con la Facultad de Ciencias Exactas, F\u00edsicas y Naturales de la Universidad Nacional de San Juan, dictaron la diplomatura en Ciberdelito y an\u00e1lisis de evidencia digital.<\/p>\n<p>La capacitaci\u00f3n estuvo dirigida al personal de la Polic\u00eda de San Juan y a fiscales, ya que solo incorporando conocimientos interdisciplinarios se podr\u00e1 propiciar la realizaci\u00f3n de investigaciones penales de calidad que est\u00e9n a la altura de los avances cient\u00edficos y sociol\u00f3gicos a los que se enfrenta nuestra sociedad del siglo XXI.<\/p>\n<p>Asimismo, se llev\u00f3 a cabo el de \u00abColecta, Fijaci\u00f3n y Conservaci\u00f3n de Muestra de Entomofauna Cadav\u00e9rica\u00bb tuvo una duraci\u00f3n de 180 horas c\u00e1tedra y fue dirigido a 35 funcionarios de la divisi\u00f3n Criminal\u00edstica y Comisar\u00edas.<\/p>\n<p>La Diplomatura en \u00abCiberdelito y An\u00e1lisis de Evidencia Digital\u00bb, tuvo una duraci\u00f3n de 120 horas c\u00e1tedra, en la cual participaron 20 alumnos, entre fiscales y polic\u00edas.<\/p>\n<p>La mesa de autoridades que presidi\u00f3 el acto estuvo conformada por el secretario de Estado de Seguridad y Orden P\u00fablico, Dr. Carlos Munisaga, la vicedecana a cargo del Decanato de las Facultades de Ciencias Exactas, F\u00edsicas y Naturales, Dra. Natalia N\u00fa\u00f1ez; el jefe de Polic\u00eda de San Juan, Crio. Gral., Luis Mart\u00ednez; el fiscal del Ministerio P\u00fablico Fiscal Dr. Fabricio Medici; y la subsecretaria de Ciencia y Tecnolog\u00eda de la Secretar\u00eda de Estado de Ciencia, Tecnolog\u00eda e Innovaci\u00f3n, Ing. Sandra Noriega.<\/p>\n<p>Durante su intervenci\u00f3n, el secretario de Estado de Seguridad y Orden P\u00fablico, Dr. Carlos Munisaga, destac\u00f3 que \u00abla importancia de esta colaboraci\u00f3n interinstitucional para fortalecer la capacidad de respuesta ante los desaf\u00edos actuales en materia de seguridad. Uno de los ejes que nos planteamos desde el inicio de la gesti\u00f3n fue empezar a encontrar trabajos compartidos, generar culturas de esfuerzo y generaci\u00f3n de sistemas que permitieran traer resultados positivos a nuestra comunidad\u201d.<\/p>\n<p>\u00abAgradezco especialmente a la Universidad Nacional de San Juan por su papel fundamental en este proceso de profesionalizaci\u00f3n. No tenemos dudas que estamos dejando una Polic\u00eda de San Juan mejor de la que nos ha tocado a partir de nuestras responsabilidades funcionales y nuestras responsabilidades de conducci\u00f3n\u201d.<\/p>\n<p>Por su parte, la vicedecana a cargo del Decanato de la FCEFN de la UNSJ, Dra. Natalia N\u00fa\u00f1ez expres\u00f3 que \u00abestamos agradecidos de los docentes responsables de las capacitaciones y la importancia de la interacci\u00f3n entre instituciones para fortalecer el tejido social y la seguridad de San Juan\u00bb.<\/p>\n<p>Mientras que, el el Fiscal del Ministerio P\u00fablico Fiscal, Dr. Fabricio Medici dijo que \u00abes necesario reflexionar sobre la sinergia entre la Polic\u00eda y el Ministerio P\u00fablico Fiscal para brindar un servicio de justicia eficaz a la comunidad. La importancia de la capacitaci\u00f3n continua para abordar los desaf\u00edos cambiantes del crimen y la tecnolog\u00eda\u00bb.<\/p>\n<p>Por \u00faltimo, el jefe de Polic\u00eda, Crio. Gral. Mart\u00ednez dijo que \u00abagradezco a todas las partes involucradas y resaltando el compromiso con la formaci\u00f3n continua de la fuerza policial por parte del gobernador Dr. Sergio U\u00f1ac y del Secretario de Estado de Seguridad\u201d.<\/p>\n<p>\u00abHoy damos por culminado dos capacitaciones muy importantes y que van dirigidas en el aspecto policial a la Divisi\u00f3n Criminal\u00edstica porque creo que hoy, en los \u00faltimos tiempos, en esta modernidad que se ha dado por llamar la investigaci\u00f3n t\u00e9cnica-cient\u00edfica es primordial. Lo importante es adaptarnos a las nuevas tecnolog\u00edas y agradezco al Gobierno de San Juan y a la Universidad Nacional de San Juan por su constante apoyo\u00bb.<\/p>\n<p>La formaci\u00f3n continua de los profesionales es clave para abordar los desaf\u00edos emergentes y contribuir al desarrollo de una comunidad segura y protegida.<\/p>\n<p>&nbsp;<\/p>\n<p>&nbsp;<\/p>\n","protected":false},"excerpt":{"rendered":"<p>En un esfuerzo conjunto para fortalecer las capacidades de las fuerzas de seguridad y del Ministerio P\u00fablico Fiscal, la Secretar\u00eda<\/p>\n","protected":false},"author":3,"featured_media":66417,"comment_status":"closed","ping_status":"closed","sticky":false,"template":"","format":"standard","meta":{"_acf_changed":false,"_seopress_robots_primary_cat":"none","_seopress_titles_title":"","_seopress_titles_desc":"","_seopress_robots_index":"","colormag_page_container_layout":"default_layout","colormag_page_sidebar_layout":"default_layout","footnotes":""},"categories":[15],"tags":[],"class_list":["post-66414","post","type-post","status-publish","format-standard","has-post-thumbnail","hentry","category-posgrados"],"acf":[],"_links":{"self":[{"href":"https:\/\/vocesparalelas.com.ar\/sitio\/wp-json\/wp\/v2\/posts\/66414","targetHints":{"allow":["GET"]}}],"collection":[{"href":"https:\/\/vocesparalelas.com.ar\/sitio\/wp-json\/wp\/v2\/posts"}],"about":[{"href":"https:\/\/vocesparalelas.com.ar\/sitio\/wp-json\/wp\/v2\/types\/post"}],"author":[{"embeddable":true,"href":"https:\/\/vocesparalelas.com.ar\/sitio\/wp-json\/wp\/v2\/users\/3"}],"replies":[{"embeddable":true,"href":"https:\/\/vocesparalelas.com.ar\/sitio\/wp-json\/wp\/v2\/comments?post=66414"}],"version-history":[{"count":1,"href":"https:\/\/vocesparalelas.com.ar\/sitio\/wp-json\/wp\/v2\/posts\/66414\/revisions"}],"predecessor-version":[{"id":66418,"href":"https:\/\/vocesparalelas.com.ar\/sitio\/wp-json\/wp\/v2\/posts\/66414\/revisions\/66418"}],"wp:featuredmedia":[{"embeddable":true,"href":"https:\/\/vocesparalelas.com.ar\/sitio\/wp-json\/wp\/v2\/media\/66417"}],"wp:attachment":[{"href":"https:\/\/vocesparalelas.com.ar\/sitio\/wp-json\/wp\/v2\/media?parent=66414"}],"wp:term":[{"taxonomy":"category","embeddable":true,"href":"https:\/\/vocesparalelas.com.ar\/sitio\/wp-json\/wp\/v2\/categories?post=66414"},{"taxonomy":"post_tag","embeddable":true,"href":"https:\/\/vocesparalelas.com.ar\/sitio\/wp-json\/wp\/v2\/tags?post=66414"}],"curies":[{"name":"wp","href":"https:\/\/api.w.org\/{rel}","templated":true}]}}