{"id":66408,"date":"2023-11-30T21:26:04","date_gmt":"2023-12-01T00:26:04","guid":{"rendered":"https:\/\/vocesparalelas.com.ar\/sitio\/?p=66408"},"modified":"2023-11-30T21:26:38","modified_gmt":"2023-12-01T00:26:38","slug":"se-aprobo-la-nueva-ley-de-ministerios-y-designacion-de-jueces-en-san-juan","status":"publish","type":"post","link":"https:\/\/vocesparalelas.com.ar\/sitio\/se-aprobo-la-nueva-ley-de-ministerios-y-designacion-de-jueces-en-san-juan\/","title":{"rendered":"Se aprob\u00f3 la Nueva Ley de Ministerios y designaci\u00f3n de jueces en San Juan"},"content":{"rendered":"<div class=\"itemFullText jbintrotext\">\n<p>La Duod\u00e9cima Sesi\u00f3n celebrada el Jueves, 30 de Noviembre de 2023, fue la \u00faltima del per\u00edodo ordinario que concluye de manera formal el 30 de noviembre de cada a\u00f1o y se trat\u00f3 temas inherentes a la nueva Ley de Ministerios la designaci\u00f3n de jueces, fiscales, defensores y asesores en el Poder Judicial; como las modificaciones en los C\u00f3digos Procesales Civil y Penal; el Reglamento Interno de la C\u00e1mara, la fecha queda cruzada por lo emotivo del encuentro que signific\u00f3 el adi\u00f3s para muchos de los legisladores que no pudieron ocultar su estado de \u00e1nimo al finalizar un ciclo en sus vidas personales.<\/p>\n<\/div>\n<div class=\"itemFullText\">\n<p>La sesi\u00f3n fue conducida en forma alternada por el vicegobernador y presidente nato de la C\u00e1mara de Diputados, CPN Roberto Gattoni; el vicepresidente primero, diputado Eduardo Cabello y el vicepresidente alterno, Andr\u00e9s Chanampa.<\/p>\n<p>En la ocasi\u00f3n, el cuerpo parlamentario resolvi\u00f3 aprobar los siguientes temas:<\/p>\n<p><strong><span style=\"color: #800080;\">Modificaci\u00f3n C\u00f3digo Procesal Civil<\/span><\/strong><\/p>\n<p>El cuerpo parlamentario otorg\u00f3 acuerdo al proyecto de Ley remitido por el Poder Judicial que propone la modificaci\u00f3n de la Ley N\u00b0 2415-O, C\u00f3digo Procesal Civil, Comercial y Miner\u00eda de la provincia de San Juan. En la ocasi\u00f3n, la diputada Celina Ramella fue la encargada de fundamentar este asunto y sostuvo que \u201cla Corte ha asumido una pol\u00edtica de optimizaci\u00f3n del servicio de justicia promoviendo, en tal sentido, importantes reformas. As\u00ed, se impulsa este proyecto con el objeto de lograr un avance cualitativo y una administraci\u00f3n de justicia m\u00e1s eficiente para el ciudadano. En los diversos fueros, se han concretado trascendentales cambios de paradigma. Como consecuencia de las \u00faltimas reformas, los procesos en la actualidad han adquirido celeridad y eficacia\u201d.<\/p>\n<p>Acto seguido, agreg\u00f3 que \u201cla modificaci\u00f3n al C\u00f3digo Procesal, Civil, Comercial y Miner\u00eda propuesta, implementa en la Provincia de San Juan la oralidad en la Segunda Instancia, modalidad procesal in\u00e9dita en el pa\u00eds, que recepta los principios de inmediaci\u00f3n, concentraci\u00f3n y publicidad, alcanzando a los fueros Laboral y de Familia, donde este C\u00f3digo es de aplicaci\u00f3n supletoria. El desarrollo del planteo recursivo en Audiencia conlleva la proximidad de los letrados y las partes con el Tribunal que debe resolver. Esta conexi\u00f3n directa del juzgador, receptor de la posici\u00f3n de las partes mediante su lenguaje oral y gestual, con ellas y con la realidad sobre la que debe fallar, favorece la simplicidad y transparencia del proceso y su conclusi\u00f3n en t\u00e9rminos razonables\u201d.<\/p>\n<p>\u201cEn lo que hace espec\u00edficamente a lo procedimental, se distinguen dos etapas: la primera, que consiste en la interposici\u00f3n del recurso por ante la Jueza o Juez de primera instancia, actuaci\u00f3n que debe realizarse en un formulario aprobado por la Corte de Justicia donde se indican en forma sin\u00f3ptica, concreta y ordenada los agravios que motivan la apelaci\u00f3n. Concedido el recurso, la segunda etapa se lleva adelante en Audiencia ante la C\u00e1mara de Apelaciones, donde se desarrolla oralmente tanto la expresi\u00f3n de los fundamentos del recurso como su sustanciaci\u00f3n. Como disposici\u00f3n destacada, se faculta al Tribunal de Alzada para instar conciliaci\u00f3n total o parcial del conflicto tanto al inicio de la Audiencia como en cualquier otro momento de ella\u201d, se\u00f1al\u00f3 la diputada.<\/p>\n<p>\u201cPor otra parte, se modifica el procedimiento para el caso que, como consecuencia de la sentencia revocatoria del fallo de primera instancia, recuperen trascendencia cuestiones litigiosas, debiendo el Tribunal reenviar la causa a la Jueza o Juez de origen para su resoluci\u00f3n. An\u00e1logo temperamento debe adoptar en el supuesto de declaraci\u00f3n de nulidad de la sentencia, reenvi\u00e1ndose la causa a una Jueza o Juez diferente del que emiti\u00f3 el pronunciamiento, patentiz\u00e1ndose con ello la garant\u00eda de la doble instancia. En atenci\u00f3n a los principios de celeridad y econom\u00eda procesal, se elimina el efecto diferido en la concesi\u00f3n del recurso de apelaci\u00f3n, con excepci\u00f3n del fuero Laboral. La efectiva oralidad en la Segunda Instancia, aspecto central de la reforma, se manifiesta como garant\u00eda del debido proceso y acceso a la justicia, haciendo efectivos los art. 8\u00b0 y 25\u00b0 del Pacto de San Jos\u00e9 de Costa Rica y observando el art. 34 de nuestra Constituci\u00f3n Provincial que expresa: \u00abLa Provincia propende al establecimiento del juicio oral y p\u00fablico\u00bb. Con el compromiso permanente de dar soluci\u00f3n a los distintos actores del sistema procesal \u2014 judicial, consciente de la urgente necesidad de avanzar en la construcci\u00f3n de una justicia moderna y cercana a la comunidad que resuelva los conflictos en forma r\u00e1pida y eficaz, contribuyendo a cumplir el mandato del Pre\u00e1mbulo de nuestra Constituci\u00f3n Nacional de \u00abAfianzar la Justicia\u00bb, concluy\u00f3 la legisladora.<\/p>\n<p><strong><span style=\"color: #800080;\">Regulaci\u00f3n de ejecuci\u00f3n de penas<\/span><\/strong><\/p>\n<p>Asimismo, el cuerpo Legislativo aprob\u00f3 el proyecto de Ley remitido por el Poder Judicial de la provincia, por el que se regula el procedimiento de ejecuci\u00f3n de las penas.<\/p>\n<p>En esta oportunidad, la diputada Celina Ramella se\u00f1al\u00f3 que \u201cla Corte de Justicia de San Juan, consider\u00f3 necesario y oportuno emprender el estudio y elaboraci\u00f3n de un proyecto de Ley de Ejecuci\u00f3n Penal\u201d. Cabe destacar que esta Ley es in\u00e9dita en la Provincia y responde a la necesidad del fuero de contar con normativa procedimental propia.<\/p>\n<p>\u201cEl contenido del proyecto ha tomado como marco la Ley Nacional 24.660, vigente en la materia, as\u00ed como las disposiciones contenidas en los Instrumentos Internacionales sobre de Protecci\u00f3n de Derechos de las Personas Privadas de Libertad, emple\u00e1ndose un lenguaje claro e inclusivo. El proyecto ha sido elaborado con particular consideraci\u00f3n a la realidad, caracter\u00edsticas y necesidades del sistema de ejecuci\u00f3n penal de la Provincia, a fin de que la ley sea una herramienta \u00fatil y eficaz, atendiendo a la finalidad explicitada en los primeros art\u00edculos de la norma, cual es la resocializaci\u00f3n de las personas que transitan la etapa de ejecuci\u00f3n de las penas privativas de libertad. Ello conforme lo establecido por la Convenci\u00f3n Americana de Derechos Humanos (art. 5.6) y el Pacto Internacional de Derechos Civiles y Pol\u00edticos (art. 10.3)\u201d, explic\u00f3 la diputada Pe\u00f1aloza.<\/p>\n<p>Luego, sostuvo que \u201cla ley proyectada se encuentra estructurada en once cap\u00edtulos. Se destaca el trato dado al R\u00e9gimen de Progresividad, realiz\u00e1ndose valiosas incorporaciones, a fin de adaptar el esquema de la ley 24.660 a los requerimientos y experiencias del sistema local. As\u00ed, se dispone que el tratamiento de la persona privada de libertad debe ser individualizado, dise\u00f1ado en consideraci\u00f3n de sus caracter\u00edsticas propias y a cargo de un Equipo T\u00e9cnico de naturaleza interdisciplinaria. Particular trascendencia presenta la Audiencia que se establece a fin de que, con la participaci\u00f3n de la persona privada de libertad (debe ser o\u00edda) y su defensa, el Equipo T\u00e9cnico Interdisciplinario exponga el plan de trabajo dise\u00f1ado y consensuado, el que, homologado por el juez o jueza interviniente, se implementa inmediatamente. As\u00ed, se dota al sistema de un mecanismo \u00e1gil, sencillo y con tutela eficaz de los derechos de la persona condenada\u201d.<\/p>\n<p>Tambi\u00e9n destac\u00f3 la regulaci\u00f3n que le otorga el proyecto de ley a las denominadas penas cortas (menores a 1 a\u00f1o) estableciendo que el tratamiento individualizado se debe dise\u00f1ar en la modalidad de per\u00edodo \u00fanico, procurando as\u00ed que los objetivos planteados puedan cumplirse efectivamente por la persona privada de libertad en ese breve periodo que significa su condena, asegur\u00e1ndose tambi\u00e9n la continuidad del programa en la etapa Post Penitenciaria. Tambi\u00e9n se asegura el derecho de la v\u00edctima a ser o\u00edda, previo a resolver sobre las distintas modalidades de ejecuci\u00f3n de las penas preferentemente en el r\u00e9gimen de salidas.<\/p>\n<p>En lo relativo a la Prisi\u00f3n Domiciliaria, el proyecto asume una postura expl\u00edcita respecto de su concesi\u00f3n a las mujeres embarazadas, cualquiera sea la etapa de desarrollo del embarazo y al padre o madre de menores de cinco a\u00f1os, siempre atendiendo al inter\u00e9s superior del ni\u00f1o o ni\u00f1a y conforme a las circunstancias del caso. Igual par\u00e1metro se recepta y explicita respecto de las visitas a las personas privadas de libertad; disponi\u00e9ndose la prohibici\u00f3n del acceso de ni\u00f1os, ni\u00f1as y adolescentes a espacios destinados a alojamiento y que la Administraci\u00f3n Penitenciaria debe garantizar sectores apropiados para que se lleven a cabo las visitas de menores.<\/p>\n<p>Por otra parte, la legisladora hizo menci\u00f3n a la incorporaci\u00f3n de un cap\u00edtulo, destinado al Deporte, destacando la trascendencia del ejercicio f\u00edsico para las personas en situaci\u00f3n de encierro, tomando el criterio expresado en las Reglas de Mandela, reconoci\u00e9ndose en el proyecto el derecho a realizar 2 horas diarias; como m\u00ednimo, de ejercicio al aire libre.<\/p>\n<p><strong><span style=\"color: #800080;\">Modificaci\u00f3n al C\u00f3digo Procesal Penal<\/span><\/strong><\/p>\n<p>Luego, el cuerpo parlamentario aprob\u00f3 el proyecto de Ley remitido por la Corte de Justicia, por el que modifica la Ley Provincial N| 754-O, C\u00f3digo Procesal Penal. En esta oportunidad habl\u00f3 la diputada Marcela Monti y se\u00f1al\u00f3 la incorporaci\u00f3n de los art\u00edculos 525-bis y 525-ter.<\/p>\n<p>ART\u00cdCULO 1.- Incorporase como art\u00edculo 525-bis de la ley 754-0, el siguiente:<\/p>\n<p>Art\u00edculo 525 bis: En los casos de delitos con contenido patrimonial cometidos sin grave violencia sobre las personas, amenazas y en los delitos de lesiones, salvo cuando estas resultaren grav\u00edsimas o fueren cometidas en un contexto d\u00e9 violencia intrafamiliar o de g\u00e9nero, el imputado y la v\u00edctima pueden realizar acuerdos conciliatorios o propuestas de reparaci\u00f3n integral del perjuicio, hasta la oportunidad prevista en el art\u00edculo 450.-<\/p>\n<p>Art\u00edculo 2.- Incorporase como art\u00edculo 525-ter de la ley 754-0, el siguiente:<\/p>\n<p>Art\u00edculo 525 ter: El acuerdo de conciliaci\u00f3n o la propuesta de reparaci\u00f3n integral se debe presentar ante el tribunal que corresponda, quien dar\u00e1 vista del acuerdo o propuesta al Ministerio Publico Fiscal. Si no existe oposici\u00f3n fundada de este, el juez dispondr\u00e1 sin m\u00e1s tr\u00e1mite una audiencia para su homologaci\u00f3n.<\/p>\n<p>La homologaci\u00f3n del acuerdo o propuesta extingue la acci\u00f3n penal. La ejecuci\u00f3n en caso de incumplimiento se rige por el procedimiento previsto en el Libro IV &#8211; T\u00edtulo I de la ley 2415-0.-<\/p>\n<p>En la ocasi\u00f3n, tambi\u00e9n hizo su aporte durante el debate el diputado Edgardo Sancassani.<\/p>\n<p><strong><span style=\"color: #800080;\">Mejoramiento de la red vial urbana<\/span><\/strong><\/p>\n<p>Tras los argumentos proporcionados por el diputado Jorge Barifusa, el cuerpo Legislativo aprob\u00f3 el Mensaje N\u00b0 78 y proyecto de Ley remitido por el Poder Ejecutivo por el que ratifica el Convenio y sus Anexos entre la provincia de San Juan y los municipios de Albard\u00f3n, Caucete y Sarmiento. De esta manera, el legislador explic\u00f3 que las partes se comprometen a ejecutar la obra:\u00a0 Pavimentaci\u00f3n y Repavimentaci\u00f3n de la Red Vial Municipal afectados por obras de saneamiento 1\u00b0 Etapa.<\/p>\n<p>El objeto de este acuerdo consiste en mejorar la red vial urbana municipal afectada por obras de saneamiento, asegurando as\u00ed adecuadas condiciones de transitabilidad a los servicios de transporte p\u00fablico de pasajeros y a los usuarios en general.<\/p>\n<p>En este sentido, la obra insumir\u00e1 un costo total de un mil ciento veintitr\u00e9s millones de pesos ($1.123.000.000,00), que ser\u00e1 aportado en un 100% por la Provincia, con afectaci\u00f3n a recursos del Tesoro Provincial y a cada municipio seg\u00fan se detalla en Anexo I.<\/p>\n<p>Adem\u00e1s, las partes delegan en la Direcci\u00f3n Provincial de Vialidad \u2014 DPV, las atribuciones necesarias para elaborar la documentaci\u00f3n pertinente para la ejecuci\u00f3n de la mencionada obra, de acuerdo a la Ley de Obras P\u00fablicas y dem\u00e1s legislaci\u00f3n aplicable a la materia.<\/p>\n<p>Por su parte, los Municipios tornan a su cargo todas las funciones inherentes a la inspecci\u00f3n de obra, en los t\u00e9rminos establecidos en Anexo II del presente Convenio, cuyas labores se ejecutar\u00e1n en calles municipales.<\/p>\n<p><strong><span style=\"color: #800080;\">Desarrollo Sustentable de los Altos Valles Andinos<\/span><\/strong><\/p>\n<p>Luego, expuso sus fundamentos el diputado Jos\u00e9 Luis Esteve como miembro informante de esta Acta Acuerdo de Servicio T\u00e9cnico Especializado para el Desarrollo Sustentable del Ambiente en los Altos Valles Andinos celebrada entre el Ministerio de Gobierno de la Provincia de San Juan y la Estaci\u00f3n Experimental Agropecuaria (EEA) San Juan del Instituto Nacional de Tecnolog\u00eda Agropecuaria (INTA), suscripta en el 12 de octubre de 2023.<\/p>\n<p>Cabe se\u00f1alar que la citada Acta Acuerdo tiene por finalidad coordinar acciones conjuntas para llevar adelante actividades orientadas al \u00abDesarrollo Sustentable de los Altos Valles Andinos\u00bb en el departamento Calingasta. Dichas acciones tendr\u00e1n por objeto realizar estudios en el ambiente andino que es utilizado por la trashumancia.<\/p>\n<p><strong><span style=\"color: #800080;\">D\u00eda del Empleado de Comercio<\/span><\/strong><\/p>\n<p>A instancias del legislador Rub\u00e9n Carri\u00f3n, la Legislatura otorg\u00f3 acuerdo al proyecto de Ley que propone instituir el cuarto d\u00eda lunes del mes de septiembre de cada a\u00f1o, como el \u201cD\u00eda del Empleado de Comercio\u201d. Cabe destacar la presencia en el recinto de la secretaria General del Sindicato de Comercio, Mirna Moral; el secretario Adjunto Jos\u00e9 Luis Gremoliche; el presidente de la Federaci\u00f3n Econ\u00f3mica de San Juan, Dino Minozzi; el titular de la C\u00e1mara de Comercio de Chimbas, Daniel Milla; y el subsecretario de Trabajo, Jorge Oribe.<\/p>\n<p>Durante su explicaci\u00f3n, el legislador se\u00f1al\u00f3 que el presente proyecto de Ley se funda en la iniciativa del Sindicato de Empleados de Comercio de San Juan, encabezado por su Secretaria General, Mirna Beatriz Moral. Seguidamente, record\u00f3 que \u201cdesde hace m\u00e1s de 14 a\u00f1os se conmemora el D\u00eda del Empleado de Comercio el 26 de septiembre de cada a\u00f1o, con reconocimiento provincial y nacional de acuerdo a la Ley N.\u00b0 26.541, y en virtud de ello, y apelando al consenso de las partes a las que involucra, en primer lugar a los empleados de comercio, y a todos los comerciantes, prestadores de servicios y afines, como a todo el espectro de personas (f\u00edsicas y\/o jur\u00eddicas) comprendidas en el Convenio Colectivo de Trabajo 130\/75 o por conexidad, han venido acordando anticipar o prorrogar el festejo del d\u00eda del Empleado de Comercio al d\u00eda lunes m\u00e1s pr\u00f3ximo anterior o posterior al 26 de septiembre\u201d.<\/p>\n<p>Acto seguido, destac\u00f3 que \u201cjam\u00e1s ha existido conflicto alguno sobre dicho festejo y siempre acordaron, habitualmente en el seno de la Subsecretaria de Trabajo de nuestra provincia, realizar el festejo propiamente dicho, en id\u00e9nticas condiciones al feriado establecido. Lo habitual ha sido el cuarto d\u00eda lunes del mes de septiembre y por ello se ha tornado normal y habitual como tambi\u00e9n pr\u00e1cticamente un hecho consuetudinario\u201d.<\/p>\n<p>Luego, aclar\u00f3 que \u201cen el \u00e1mbito de la Subsecretaria de Trabajo de San Juan, se reunieron la secretaria general del Sindicato de Empleados de Comercio, Mirna Beatriz Moral; el secretario general adjunto Jos\u00e9 Luis Gremoliche y representantes de las c\u00e1maras empresarias, Federaci\u00f3n Econ\u00f3mica, centros comerciales y entidades asociadas a la actividad comercial de los principales representantes del sector comercial provincial, donde acordaron trasladar la conmemoraci\u00f3n del mencionado d\u00eda al \u00abcuarto lunes del mes de septiembre\u00bb a partir del a\u00f1o 2024 y sucesivos, independientemente del d\u00eda en que recaiga el 26 de septiembre, a los fines que los empleados de comercio puedan celebrar en dicha fecha su d\u00eda. El motivo de dicho traspaso es poder facilitar el cierre de negocios, shoppings y supermercados para que el festejo sea \u00edntegro. En este sentido, se entiende que los mercantiles estar\u00e1n exentos de prestar servicios laborales durante la jornada.\u201d<\/p>\n<p>Durante el tratamiento, hicieron sus aportes y manifestaron su apoyo las diputadas Marcela Quiroga y Florencia Pe\u00f1aloza y los legisladores Eduardo Cabello y Juan Carlos Gioja.<\/p>\n<p><strong><span style=\"color: #800080;\">Convenio entre Vialidad y Ambiente<\/span><\/strong><\/p>\n<p>M\u00e1s tarde, la Legislatura ratific\u00f3 el Convenio Marco de Colaboraci\u00f3n, suscripto por el Ministerio de Obras y Servicios P\u00fablicos, a trav\u00e9s de la Direcci\u00f3n Provincial de Vialidad y la Secretar\u00eda de Estado de Ambiente y Desarrollo Sustentable. El diputado Sim\u00f3n Ortiz fue el encargado de exponer los fundamentos de este punto del orden del d\u00eda y explic\u00f3 que \u201clas partes, en el \u00e1mbito de sus facultades y competencias, acuerdan llevar a cabo la pavimentaci\u00f3n de banquinas y ciclov\u00eda doble circulaci\u00f3n dentro del primer tramo del nuevo Bio Corredor San Juan UTU ZAAT, departamento Rivadavia; as\u00ed como la construcci\u00f3n de una rotonda vial en el cruce de Ruta 12 y Ruta de Acceso dentro de la conexi\u00f3n principal con el Complejo Ambiental San Juan\u201d.<\/p>\n<p><strong><span style=\"color: #800080;\">Convenio con Desarrollo Humano<\/span><\/strong><\/p>\n<p>Tras la explicaci\u00f3n brindada por el diputado Gast\u00f3n Berenguer de este asunto, la Legislatura ratific\u00f3 el Convenio celebrado entre la Secretar\u00eda de Articulaci\u00f3n de Pol\u00edticas Sociales dependiente del Ministerio de Desarrollo Social de la Naci\u00f3n y el Ministerio de Desarrollo Humano y Promoci\u00f3n Social de San Juan.<\/p>\n<p>Cabe se\u00f1alar que el objeto de este acuerdo es el otorgamiento de un subsidio institucional con car\u00e1cter de no reintegrable para la implementaci\u00f3n del proyecto de \u00abFortalecimiento Alimentario San Juan\u00bb cuyo fin es brindar asistencia a la poblaci\u00f3n de la Provincia de San Juan, que se encuentre en situaci\u00f3n de emergencia social por su condici\u00f3n de vulnerabilidad.<\/p>\n<p><strong><span style=\"color: #800080;\">Convenio con PAMI<\/span><\/strong><\/p>\n<p>Asimismo, la C\u00e1mara ratific\u00f3 el Convenio Marco de Colaboraci\u00f3n suscripto entre la provincia de San Juan y el Instituto Nacional de Servicios Sociales para Jubilados y Pensionados. El diputado Federico Hensel fue el encargado de exponer los argumentos de este punto del orden del d\u00eda.<\/p>\n<p>Durante su alocuci\u00f3n, sostuvo que \u201clas partes en el \u00e1mbito de sus facultades y competencias, acuerdan coordinar y planificar visitas guiadas en el Centro de Educaci\u00f3n e Investigaci\u00f3n Ambiental Anchipurac y Parque de la Biodiversidad, eximiendo de aranceles a jubilados y pensionados provinciales. Se remite el presente proyecto de Ley a la Honorable C\u00e1mara de Diputados, en cumplimiento de lo establecido por el inc. 2 del art\u00edculo 150 de la Constituci\u00f3n Provincial.\u201d<\/p>\n<p><strong><span style=\"color: #800080;\">Programa de salud para pueblos ind\u00edgenas<\/span><\/strong><\/p>\n<p>Adem\u00e1s, los diputados aprobaron el Convenio Programa Nacional de Salud para los Pueblos Ind\u00edgenas de la provincia de San Juan, suscripto entre el Ministerio de Salud P\u00fablica de la provincia de San Juan y el Ministerio de Salud de la Naci\u00f3n.<\/p>\n<p>En esta oportunidad, habl\u00f3 el diputado Gustavo Rodr\u00edguez quien se\u00f1al\u00f3 que las partes en acuerdan coordinar y planificar visitas guiadas en el Centro de Educaci\u00f3n e Investigaci\u00f3n Ambiental Anchipurac y Parque de la Biodiversidad, eximiendo de aranceles a jubilados y pensionados provinciales.<\/p>\n<p><strong><span style=\"color: #800080;\">Acceso a salud para personas con albinismo<\/span><\/strong><\/p>\n<p>A instancias de la legisladora Fernanda Paredes, el cuerpo parlamentario sancion\u00f3 la Ley de Promoci\u00f3n del derecho de acceso a la salud de las personas con albinismo.<\/p>\n<p>Cabe se\u00f1alar que esta normativa tiene por objeto promover y asegurar el ejercicio y goce pleno, efectivo, permanente e igualitario del derecho de acceso a la salud de las personas con albinismo. En este sentido, la legisladora manifest\u00f3 que \u201ces importante crear conciencia y sensibilizaci\u00f3n sobre el albinismo, en raz\u00f3n de que es una condici\u00f3n gen\u00e9tica, que ocasiona m\u00faltiples problemas de salud y social a las personas que lo padecen. La falta de melanina en las personas con albinismo hace que sean extremadamente vulnerables al c\u00e1ncer de piel. En algunos pa\u00edses, la mayor\u00eda de las personas con albinismo mueren de c\u00e1ncer de piel entre los 30 y los 40 a\u00f1os de edad. Si las personas con albinismo pudieran ejercer plenamente su derecho a la salud, podr\u00eda tratarse este tipo de c\u00e1ncer, que se puede prevenir en un alto porcentaje. Asimismo, esa falta de melanina en la piel y los ojos, determina que las personas con albinismo sufran con frecuencia de una discapacidad visual permanente que muchas veces conduce a otras discapacidades\u201d.<\/p>\n<p>Por otro lado, sostuvo que \u201clas personas con albinismo a menudo son v\u00edctimas de discriminaci\u00f3n m\u00faltiple y cruzada por su discapacidad y color de piel. Es decir, que son v\u00edctimas de la ignorancia de la sociedad e incluso de la comunidad m\u00e9dica por la apariencia de estas personas, lo que ha dado lugar a falsas creencias y actitudes supersticiosas que han fomentado su marginaci\u00f3n y exclusi\u00f3n social\u201d.<\/p>\n<p>Por \u00faltimo, concluy\u00f3 que este proyecto tiene como prop\u00f3sito brindar herramientas para que el Estado garantice una protecci\u00f3n integral a las personas con esta condici\u00f3n, exigiendo con un protocolo obligatorio de detecci\u00f3n temprana, la creaci\u00f3n de un registro, como tambi\u00e9n la capacitaci\u00f3n del personal sanitario.<\/p>\n<p>En el desarrollo del tratamiento de este punto del orden del d\u00eda tambi\u00e9n hizo sus aportes la diputada Marcela Monti.<\/p>\n<p>Asistieron la presidente de la fundaci\u00f3n Albi, Mar\u00eda Luz Ozollo y otras personas con albinismo.<\/p>\n<p><strong><span style=\"color: #800080;\">Donaci\u00f3n de terreno en Rivadavia<\/span><\/strong><\/p>\n<p>Bajo la autor\u00eda de los diputados Nancy Pic\u00f3n y Sergio Miodowsky, el cuerpo Legislativo otorg\u00f3 acuerdo al proyecto de ley que propone entregar en car\u00e1cter de donaci\u00f3n un terreno a la uni\u00f3n vecinal del barrio Docentes Sanjuaninos (UDAP 3), ubicado en el departamento Rivadavia.<\/p>\n<p>Cabe se\u00f1alar que estuvieron presentes la presidente de la Asociaci\u00f3n, Hilda Moyano; el vicepresidente, Cristian Ibaceta; el vocal Nelson Vega y el secretario Armando Casasa.<\/p>\n<p>En la oportunidad, el diputado Sergio Miodowsky fue el encargado de exponer los argumentos de este asunto y explic\u00f3 que el motivo de esta donaci\u00f3n es por la necesidad de los vecinos del Barrio Docentes Sanjuaninos (UDAP3) de contar con un espacio f\u00edsico donde funcione la sede social de la Uni\u00f3n Vecinal y as\u00ed de esa manera poder servir a los vecinos.<\/p>\n<p>Luego, destac\u00f3 que desde la inauguraci\u00f3n del Barrio los vecinos han desarrollado diversas actividades destinadas a la mejora de los espacios verdes, aunando esfuerzos para el bienestar de la comunidad del lugar, logrando consenso en cuanto a actividades de recreaci\u00f3n y mejoras en las \u00e1reas comunes del barrio. Seguidamente agreg\u00f3 que \u201cA lo largo de los a\u00f1os los vecinos gestionaron varias obras, una de las m\u00e1s importantes fue la construcci\u00f3n de la red cloacal, que fue conectada en el a\u00f1o 2017\u201d.<\/p>\n<p>Por \u00faltimo, se\u00f1al\u00f3 que \u201cla instituci\u00f3n denominada \u00abAsociaci\u00f3n Civil Barrio Docentes Sanjuaninos\u00bb con personer\u00eda jur\u00eddica, ha realizado distintas actividades y eventos sociales, agasajando a los chicos en su d\u00eda, festejando diferentes fechas importantes, como por ejemplo d\u00eda del padre, d\u00eda de la madre aniversario de la instituci\u00f3n, entre otras. A fin de fomentar el crecimiento de la Uni\u00f3n Vecinal y poder mejorar la calidad de vida de la comunidad, resulta fundamental para la instituci\u00f3n contar con un edificio donde funcione la sede vecinal. Es de p\u00fablico conocimiento las diversas labores que se llevan a cabo en las uniones vecinales, actividades que est\u00e1n dirigidas a los ni\u00f1os sac\u00e1ndolos de la calle, ya sea deportivas, culturales o meramente recreativas, hasta actividades destinadas a los adultos mayores\u201d.<\/p>\n<p><strong><span style=\"color: #800080;\">Imposici\u00f3n de nombre a escuela<\/span><\/strong><\/p>\n<p>Luego, los legisladores aprobaron un proyecto de ley, autor\u00eda de los legisladores Graciela Seva, Juan Carlos Gioja y Leonardo Gioja, por el que es impuesto el nombre de Elena Santa Cruz a la Escuela de Nivel Inicial (ENI) N\u00b0 75, ubicada en el departamento Rawson, dependiente del Ministerio de Educaci\u00f3n de la provincia.<\/p>\n<p>En esta oportunidad, habl\u00f3 el diputado Juan Carlos Gioja quien relat\u00f3 sobre la vida de Elena Santa Cruz y dijo que \u201ces Docente en Nivel Inicial, Titiritera Argentina, pero adem\u00e1s es: Magister en Familia. Licenciada en Educaci\u00f3n Inicial. Titiritera disc\u00edpula de Man\u00e9 Bernardo y Sarah Bianchi. Voluntaria titiritera y payasos de hospitales en hogares, penales, centros de atenci\u00f3n, hospitales pedi\u00e1tricos y comunidades abor\u00edgenes desde 1976. Su inspiraci\u00f3n fue su abuela, quien recolectaba mu\u00f1ecos que estaban tirados en la calle para arreglarlos y transformarlos en t\u00edteres. Elena desde ese ejemplo comenz\u00f3 a los 13 a\u00f1os a confeccionar t\u00edteres y uno de sus deseos m\u00e1s grandes en ese entonces era llevarlos a chicos de hospital, pero por su corta edad no le permit\u00edan. Entonces comenz\u00f3 a hacer t\u00edteres en las calles, en Plaza Constituci\u00f3n y donde transitaba mucha gente, siendo su labor all\u00ed conectar a personas en redes que los pudieran ayudar. \u00bfPor qu\u00e9 se dedic\u00f3 a ayudar? Ella en su adolescencia, viendo diversas situaciones con sus propias amistades, quienes muchas de ellas no ten\u00edan oportunidades de estudiar, seguir una carrera, dormir en una cama caliente\u201d.<\/p>\n<p>Seguidamente agreg\u00f3 en palabras de Elena \u00abten\u00eda una deuda social, mi \u00fanico modo de aportar era a trav\u00e9s de los t\u00edteres, comenzando a trabajar con chicos de la calle\u201d. Como ver\u00e1n tiene un largo curr\u00edculo, pero sobre todo es \u00abTitiritera\u00bb y Docente, as\u00ed se presenta en la mayor\u00eda de sus congresos y en otros lugares que visita. Tuve la grata oportunidad de conocerla en 2 encuentros que asist\u00ed como docente y recuerdo claramente que la primera vez que la escuche logre concebir esa sensibilidad, amor y pasi\u00f3n en lo que realiza transmitiendo fuerzas para que como docentes podamos fortalecer lo que cada una como persona en su hacer profesional tiene guardado muchas veces\u201d.<\/p>\n<p><strong><span style=\"color: #800080;\">Imposici\u00f3n de nombre a escuela<\/span><\/strong><\/p>\n<p>Impulsado por el legislador Andr\u00e9s Chanampa, la C\u00e1mara de Diputados impuso el nombre de \u201cRisas del Sol\u201d, a la Escuela de Nivel Inicial (ENI) N\u00b0 71, ubicada en el departamento Chimbas.<\/p>\n<p>Durante su fundamentaci\u00f3n, el diputado dijo que el nombre fue elegido en referencia a Magdalena Fleitas (Docente y Musicoterapeuta. Cantante. Compositora). En este sentido coment\u00f3 un poco de su vida y relat\u00f3 que \u201cnaci\u00f3 el 14 de noviembre de 1970, en Buenos Aires, es directora general de la escuela art\u00edstica Risas de la Tierra, una escuela que canta y baila. Risas de la Tierra fue fundada por Magdalena en 2005 luego de a\u00f1os de grupitos en las casas. Es un Jard\u00edn Musical y Centro cultural para ni\u00f1os de 1 a 4 a\u00f1os. Ofrece talleres de arte para toda la familia. Se trata de un espacio de iniciaci\u00f3n art\u00edstica, con docentes m\u00fasicos, clowns, vinculados al arte, especializados en la docencia de los m\u00e1s chiquitos a trav\u00e9s del juego y la experiencia art\u00edstica. Su pedagog\u00eda \u00abRisas de la Tierra\u00bb se est\u00e1 implementando en diversos lugares de la Argentina. Recopila y arma cancioneros y diferentes materiales para docentes\u201d.<\/p>\n<p>\u201cEs reconocida y premiada cantautora dedicada a la m\u00fasica para ni\u00f1os y toda la familia educaci\u00f3n, el arte, la salud y la recreaci\u00f3n con una particular forma de trabajo en equipo y participaci\u00f3n de la comunidad\u201d aclar\u00f3 el legislador. Luego se\u00f1al\u00f3 que \u201cRisas de Sol\u201d es el quinto CD de la canta-autora, a trav\u00e9s del cual recibi\u00f3 el Premio Carlos Gardel como mejor \u00e1lbum infantil, compositora y artista dedicada a los ni\u00f1os y toda la familia. Las canciones que componen este \u00e1lbum contienen elementos que recorren la infancia, la carrera musical y el oficio docente de Magdalena, cantautora y musicoterapeuta. El resultado es una m\u00fasica multicolor y variada, que refleja el alma y trabajo de la artista en toda su carrera, Entre las canciones de la autora, emergen voces infantiles que transmiten alegr\u00eda, impregnando la obra con un car\u00e1cter l\u00fadico y placentero ideal para disfrutar en familia\u201d sostuvo el diputado Andr\u00e9s Chanampa.<\/p>\n<p><strong><span style=\"color: #800080;\">Modificaci\u00f3n de Ley del Colegio de Veterinarios<\/span><\/strong><\/p>\n<p>A propuesta de la diputada Fernanda Paredes, la C\u00e1mara de Diputados otorg\u00f3 acuerdo a la modificaci\u00f3n de la Ley N\u00b0 1831-A, del Colegio de Veterinarios. En esta ocasi\u00f3n, fundament\u00f3 el diputado Gustavo Rodr\u00edguez como miembro informante y se\u00f1al\u00f3 los siguientes cambios:<\/p>\n<p>ART\u00cdCULO 1\u00b0.- Se sustituye el art\u00edculo 3\u00b0 de la Ley N\u00b0 1831-A, por el siguiente:<\/p>\n<p>\u00abART\u00cdCULO 3\u00b0. &#8211; Para ejercer la actividad los profesionales deber\u00e1n inscribir su t\u00edtulo habilitante en el Registro de Matr\u00edculas del Ministerio de Salud P\u00fablica. El ejercicio profesional de la Medicina Veterinaria se realizar\u00e1 de acuerdo a las incumbencias que fija el Ministerio de Educaci\u00f3n de la Naci\u00f3n u organismo que en el futuro lo reemplace. Para ejercer las actividades profesionales previstas en el \u00e1mbito privado deber\u00e1n estar matriculados en el Ministerio de Salud P\u00fablica de San Juan y colegiados en el Colegio M\u00e9dicos Veterinarios de la Provincia de San Juan. Quedan exceptuados los profesionales que se desempe\u00f1en profesionalmente solamente en el \u00e1mbito estatal (municipal, provincial).<\/p>\n<p>ARTICULO 2\u00b0 &#8211; Se incorpora los art\u00edculos 83, 84, 85, 86, 87, 88, 89 y 90 a la Ley N\u00b01831-A, que quedan redactados de la siguiente forma:<\/p>\n<p>ART\u00cdCULO 83.- A los efectos de la presente Ley, se entiende por Producto Veterinario toda sustancia qu\u00edmica, biol\u00f3gica, biotecnol\u00f3gica o preparaci\u00f3n manufacturada cuya administraci\u00f3n sea individual o colectiva, directamente suministrado o mezclado con los alimentos, con destino a la prevenci\u00f3n, diagn\u00f3stico, curaci\u00f3n o tratamiento de las enfermedades de los animales incluyendo en ellos a aditivos, suplementos (no alimenticios), promotores, mejoradores de la producci\u00f3n animal, antis\u00e9pticos desinfectantes de uso ambiental o en equipamiento, y pesticidas (ectoparaciticidas) y todo otro producto que, utilizado en los animales y su h\u00e1bitat, proteja restaure o modifique sus funciones org\u00e1nicas y fisiol\u00f3gicas.<\/p>\n<p>ART\u00cdCULO 84.- Todo establecimiento veterinario en el que se expendan productos Veterinarios detallados en el art\u00edculo 83, debe contar con un director t\u00e9cnico matriculado en el Ministerio de Salud P\u00fablica de San Juan, Colegiado en el Colegio de M\u00e9dicos Veterinarios de la Provincia de San Juan e inscripto en el Registro de Direcciones T\u00e9cnicas que llevar\u00e1 dicha entidad.<\/p>\n<p>ART\u00cdCULO 85.- El cargo de director t\u00e9cnico es indelegable y no puede llevarse a cabo en m\u00e1s de un establecimiento. Debe ser ejercido por un M\u00e9dico Veterinario con domicilio real en la localidad de asiento del establecimiento donde desempe\u00f1e sus funciones. El director t\u00e9cnico debe cumplir un m\u00ednimo de seis horas diarias, continuas o discontinuas. Dicho horario deber\u00e1 constar en el Registro de Direcciones T\u00e9cnicas.<\/p>\n<p>ART\u00cdCULO 86.- En todos los establecimientos donde cumpla funciones un director t\u00e9cnico deber\u00e1 colocarse a la vista del p\u00fablico una placa donde conste su nombre y apellido, as\u00ed como el t\u00edtulo habilitante sin abreviaturas. Deber\u00e1 tambi\u00e9n exhibirse el diploma profesional correspondiente o una copia certificada del mismo, as\u00ed como la habilitaci\u00f3n de Direcci\u00f3n T\u00e9cnica expedida por el Colegio de M\u00e9dicos Veterinarios de la Provincia de San Juan.<\/p>\n<p>ART\u00cdCULO 87.- S\u00f3lo podr\u00e1n expenderse con Receta Veterinaria Oficial 4 Archivada los Productos Veterinarios clasificados en la Resoluci\u00f3n N\u00b0 16427 T del 5 de diciembre de 2019 del Servicio Nacional de Sanidad y Calidad Agroalimentaria que contengan en su formulaci\u00f3n principios activos incluidos en alguna de las siguientes categor\u00edas: Productos eutan\u00e1sicos (para uso profesional). Productos que contengan en su formulaci\u00f3n principios activos incluidos en la Lista II de la Ley N\u00b0 19.303, y sus modificatorias, y en la Resoluci\u00f3n N\u00b0 979 del 22 de septiembre de 1993 del entonces Servicio Nacional de Sanidad Animal. Queda exceptuada de esta norma el ministerio de Salud de la Provincia de San Juan, la secretaria de Medio Ambiente y municipios, en el caso de estos \u00faltimos siempre y cuando tengan un veterinario matriculado quien ser\u00e1 el Director T\u00e9cnico y responsable.<\/p>\n<p>ART\u00cdCULO 88.- Las recetas requeridas para el expendio de Productos Veterinarios encuadrados en el Art\u00edculo precedente deben cumplir con las siguientes condiciones: 1) Los Recetarios Veterinarios Oficiales podr\u00e1n ser provistos exclusivamente a los afiliados del Colegio de M\u00e9dicos Veterinarios de la Provincia de San Juan, el que deber\u00e1 llevar un Registro de los profesionales que han solicitado tales recetas, identificando nombre, apellido, n\u00famero de matr\u00edcula profesional y domicilio, y detallando la cantidad otorgada a cada uno de ellos a los fines de poder realizar la trazabilidad de los productos incluidos en la Lista II de la Ley N\u00b0 19.303, y sus modificatorias, y en la Resoluci\u00f3n N\u00b0 979 del 22 de septiembre de 1993 del entonces Servicio Nacional de Sanidad Animal. 2)Las Recetas Oficiales deben estar numeradas en forma correlativa, presentarse por triplicado, impresas de forma tal que impidan su duplicaci\u00f3n o falsificaci\u00f3n y al momento de su confecci\u00f3n, el profesional debe consignar como m\u00ednimo, la siguiente: informaci\u00f3n;<\/p>\n<p>Fecha.<\/p>\n<p>Nombre del Producto Veterinario expendido y n\u00famero del Certificado de Uso y Comercializaci\u00f3n de Productos Veterinarios.<\/p>\n<p>Denominaci\u00f3n del principio activo.<\/p>\n<p>Especie animal y datos del propietario.<\/p>\n<p>Nombre o raz\u00f3n social del expendedor y domicilio.<\/p>\n<p>Nombre o raz\u00f3n social del adquiriente y domicilio.<\/p>\n<p>Firma, aclaraci\u00f3n, n\u00famero de matr\u00edcula y n\u00famero de afiliado del profesional actuante.<\/p>\n<p>A cada copia se le dar\u00e1 el siguiente destino:<\/p>\n<p>EI original debe ser remitido conjuntamente con los psicotr\u00f3picos y archivado por el adquirente.<\/p>\n<p>EI duplicado debe ser remitido por el vendedor al Colegio de M\u00e9dicos Veterinarios de la Provincia de San Juan.<\/p>\n<p>EI triplicado debe quedar en poder del vendedor y \u00e9ste debe archivarlo.<\/p>\n<p>Las recetas emitidas deben mantenerse en archivo y a disposici\u00f3n del Colegio de M\u00e9dicos Veterinarios de la Provincia de San Juan, o de quien \u00e9ste autorice, por un plazo de dos (2) a\u00f1os, contados desde la fecha de venta.<\/p>\n<p>ARTICULO 89.- Los establecimientos tendr\u00e1n un plazo de 30 d\u00edas corridos para\u00a0cumplimentar dicha ley.<\/p>\n<p>ART\u00cdCULO 90.- El control de lo establecido en los art\u00edculos 84,85,86,87,88.89,90\u00a0podr\u00e1 ser realizado por inspectores del colegio de Veterinarios de la Provincia de\u00a0San juan y\/o del Ministerio de Salud de la Provincia de San Juan.\u00a0Remitiendo las acciones correspondientes al juzgado de faltas de la Provincia de\u00a0San Juan.\u00a0Los valores de multas ser\u00e1n establecidos por los organismos pertinentes.\u00a0Cabe se\u00f1alar que estuvo presente en la sesi\u00f3n el titular del Colegio de Veterinarios, \u00c1ngel Frau.<\/p>\n<p><strong><span style=\"color: #800080;\">Modificaci\u00f3n del Reglamento Interno de la C\u00e1mara de Diputados<\/span><\/strong><\/p>\n<p>Impulsado por los legisladores del bloque Justicialista, el cuerpo Legislativo aprob\u00f3 el proyecto de Resoluci\u00f3n que propone la sustituci\u00f3n integral del texto del Reglamento Interno de la C\u00e1mara de Diputados de la provincia. En esta oportunidad habl\u00f3 el legislador Silvio Atencio, quien fundament\u00f3 la necesidad de provocar estos cambios.<\/p>\n<p>En archivo adjunto encontrar\u00e1n las modificaciones al Reglamento Interno.<\/p>\n<p><span style=\"color: #800080;\"><strong>Designaci\u00f3n Juez de Faltas<\/strong><\/span><\/p>\n<p>Sobre tablas, la C\u00e1mara de Diputados resolvi\u00f3 designar al profesional Marcelo Pablo Esp\u00f3sito en el cargo de Juez de Faltas de Primera Nominaci\u00f3n. En esta oportunidad, la diputada Florencia Pe\u00f1aloza fue la encargada de hablar como miembro informante.<\/p>\n<p><strong><span style=\"color: #800080;\">Cargos designados en Poder Judicial<\/span><\/strong><\/p>\n<p>Tambi\u00e9n con el aval de las respectivas comisiones, el cuerpo debati\u00f3 el proyecto de Resoluci\u00f3n remitido por el Consejo de la Magistratura con las ternas a cubrir cargos vacantes en el Poder Judicial y finalmente design\u00f3 a los flamantes funcionarios judiciales.<\/p>\n<p>Los cargos designados fueron los siguientes:<\/p>\n<p><strong><span style=\"color: #800080;\">Un cargo de Juez de C\u00e1mara (C\u00e1mara de Apelaci\u00f3n Civil Sala II)<\/span><\/strong><\/p>\n<p>La terna estaba constituida por los abogados Ernesto Escobar, Marcelo Miguel Navas Baca y Carlos Daniel Pastor. Pues bien, la diputada Celina Ramella propici\u00f3 la designaci\u00f3n del abogado Ernesto Escobar que fue apoyado por 22 votos, contra siete del candidato Marcelo Miguel Navas Baca, apoyado por el legislador Sergio Miodowsky.<\/p>\n<p><strong><span style=\"color: #800080;\">Un cargo de Juez de C\u00e1mara Tribunal de Impugnaci\u00f3n<\/span><\/strong><\/p>\n<p>La terna estaba conformada por los abogados Fernando Roberto Castro, Ricardo Esteban Moine y Renato Dar\u00edo Roca. Sobre el particular, el diputado Juan Carlos Abarca fundament\u00f3 y present\u00f3 los argumentos en favor del abogado Renato Dar\u00edo Roca quien fue elegido por 22 votos frente a 6 votos del candidato Fernando Roberto Castro que fue impulsado por el legislador Carlos Jaime Quiroga.<\/p>\n<p><strong><span style=\"color: #800080;\">Un cargo de Juez de Primera Instancia (Juzgado de Ejecuci\u00f3n Penal)<\/span><\/strong><\/p>\n<p>Los ternados eran los abogados Gustavo Antonio De la Fuente; Federico Emilio Zapata y Silvina Zogbe\u00a0 y a instancias de la legisladora Florencia Pe\u00f1aloza, el cuerpo resolvi\u00f3 designar al abogado Federico Emilio Zapata, con un total de 28 votos.<\/p>\n<p><span style=\"color: #800080;\"><strong>Cuatro cargos de Juez de Primera Instancia \u2013 Colegio de Jueces (fuero penal)<\/strong><\/span><\/p>\n<ul>\n<li><span style=\"color: #800080;\"><strong>Primera terna:\u00a0<\/strong><\/span>Constituida por los abogados Pablo Leonardo Le\u00f3n; Ivana del Carmen Salas y Leonardo Nelson Villalba; la diputada Marcela Monti, plante\u00f3 y fundament\u00f3 la necesidad de seleccionar al candidato Pablo Leonardo Le\u00f3n, quien result\u00f3 designado por un total de 28 votos.<\/li>\n<li><strong><span style=\"color: #800080;\">Segunda terna:\u00a0<\/span><\/strong>En este caso, la terna estuvo conformada por los abogados Flavia Gabriela Allende; Fernando Jos\u00e9 Bonomo y Juan Manuel Garc\u00eda Castrill\u00f3n. Y de las dos posiciones existentes prevaleci\u00f3 la de la diputada Fernanda Paredes quien apoy\u00f3 a la abogada Flavia Gabriela Allende que prevaleci\u00f3 con 24 votos sobre el abogado Juan Manuel Garc\u00eda Castrill\u00f3n que obtuvo 8 votos impulsado por la legisladora Nancy Pic\u00f3n.<\/li>\n<li><strong><span style=\"color: #800080;\">Tercera terna:\u00a0<\/span><\/strong>La tercera terna fue integrada por los abogados Emma Carolina Baigorria; Mar\u00eda del Valle Farr\u00e1n y Gerardo Javier Fern\u00e1ndez Caussi. En este caso puntual se impuso el profesional Gerardo Javier Fern\u00e1ndez Caussi que obtuvo 30 votos propiciado por el diputado Juan Carlos Abarca.<\/li>\n<li><strong><span style=\"color: #800080;\">Cuarta terna:\u00a0<\/span><\/strong>En tanto que la cuarta terna fue integrada por los abogados Sergio Fabio L\u00f3pez Marti; Ana Graciela Do\u00f1a y Rub\u00e9n Eduardo Lloveras. En este caso, la diputada Celina Ramella apoy\u00f3 la figura de la abogada Ana Graciela Do\u00f1a que alcanz\u00f3 24 votos frente a siete obtenidos por el candidato avalado por el diputado Carlos Platero.<\/li>\n<\/ul>\n<p><strong><span style=\"color: #800080;\">Un cargo de Fiscal de Primera Instancia<\/span><\/strong><\/p>\n<ul>\n<li>Los ternados fueron los abogados Adriana Elizabeth Ginestar; Fabricio \u00c1ngel Poblete y Romina Valeria Vargas Chirino. En la ocasi\u00f3n, el diputado Jorge Barifusa apoy\u00f3 a la candidata Adriana Elizabeth Ginestar que obtuvo 25 votos.<\/li>\n<\/ul>\n<p><span style=\"color: #800080;\"><strong>Tres cargos Defensor Oficial<\/strong><\/span><\/p>\n<ul>\n<li><span style=\"color: #800080;\"><strong>Primera terna:\u00a0<\/strong><\/span>Estuvo conformada por los abogados Eduardo Mario Mattar, Silvana Lorena Romero Meglioli y Romina Guadalupe Solera. En la votaci\u00f3n se impuso con 24 votos la abogada Romina Guadalupe Solera apoyada por el diputado Jorge Barifusa por sobre el abogado Eduardo Mario Mattar que alcanz\u00f3 ocho votos apoyado por el legislador Carlos Jaime Quiroga.<\/li>\n<li><strong><span style=\"color: #800080;\">Segunda terna:\u00a0<\/span><\/strong>Estuvo constituida por los abogados Fabiana Beatriz Anzorena; Juan Carlos Gonz\u00e1lez Riutort y N\u00e9lida Elizabeth Monserrat. En la votaci\u00f3n apoyado por el diputado Jos\u00e9 Luis Esteve, el abogado Juan Carlos Gonz\u00e1lez Riutort obtuvo 29 votos.<\/li>\n<li><strong><span style=\"color: #800080;\">Tercera terna:\u00a0<\/span><\/strong>La integraron los abogados Mario Herrero Ejarque; Ana Victoria Palacios y Jorge Daniel Tur\u00f3n. Hubo dos posturas, una esgrimida por el legislador Leonardo Gioja para impulsar al abogado Jorge Daniel Tur\u00f3n quien alcanz\u00f3 el guarismo de 22 votos frente a la de la diputada Marcela Quiroga quien apoy\u00f3 a la abogada Ana Victoria Palacios, que obtuvo 8 votos.<\/li>\n<\/ul>\n<p><strong><span style=\"color: #800080;\">Un cargo de Fiscal de Primera Instancia \u2013 Segunda Circunscripci\u00f3n Judicial<\/span><\/strong><\/p>\n<ul>\n<li>Los abogados Cristian Alberto Gerarduzzi; Gabriela Melisa Chiffel y Mart\u00edn Gustavo Torcivia conformaron la terna. La diputada Florencia Pe\u00f1aloza propuso al abogado Cristian Alberto Gerarduzzi que obtuvo un total de 30 votos.<\/li>\n<\/ul>\n<p><strong><span style=\"color: #800080;\">Un cargo de Asesor Oficial \u2013 Segunda Circunscripci\u00f3n Judicial<\/span><\/strong><\/p>\n<ul>\n<li>Por \u00faltimo, de la terna integrada por los abogados Cintia del Valle Aballay; Mar\u00eda Bel\u00e9n Rom\u00e1n Bar\u00f3n y Juan Ram\u00f3n Zallio, el diputado Jos\u00e9 Luis Esteve propuso a la abogada Cintia del Valle Aballay quien fue seleccionada con 29 votos.<\/li>\n<\/ul>\n<p><strong><span style=\"color: #800080;\">Nueva Ley de Ministerios<\/span><\/strong><\/p>\n<p>El diputado Sergio Miodowsky fue quien tuvo a su cargo la defensa de este proyecto de Ley, que se trat\u00f3 del Mensaje N\u00b0 110 y proyecto de Ley remitido por el Poder Ejecutivo de la provincia, en el que se\u00f1alaba en sus fundamentos que en virtud de lo previsto por el art\u00edculo 191\u00b0 de nuestra Constituci\u00f3n Provincial, a fin de elevar el Proyecto de Ley por el que se establece una nueva Ley de Ministerios para la provincia de San Juan, esto por pedido expreso del Dr. Marcelo Orrego, Gobernador Electo de San Juan 2023-2027, a efectos de adaptarla a las necesidades del Gobierno que comenzar\u00e1 su mandato el 10 de diciembre de 2023, derogando toda norma que se le oponga\u201d.<\/p>\n<p>El nuevo proyecto busca establecer la estructura funcional del gabinete del Ejecutivo Provincial, teniendo en cuenta que la organizaci\u00f3n del Poder Ejecutivo necesita ser adecuada a las nuevas problem\u00e1ticas, condiciones pol\u00edticas y socioecon\u00f3micas imperantes, exigiendo su actualizaci\u00f3n y reordenamiento funcional\u201d.<\/p>\n<p><strong><span style=\"color: #800080;\">Resoluciones<\/span><\/strong><\/p>\n<p>Los legisladores declararon de Inter\u00e9s:<\/p>\n<ul>\n<li>Deportivo, Tur\u00edstico y Social a la competencia de crossfit \u201cWest Born Game 2023\u201d, que ser\u00e1 llevada a cabo el s\u00e1bado 2 y domingo 3 de diciembre en la sede del gimnasio ULL Fitness Club, ubicado en calle Jos\u00e9 Ignacio de la Roza 1690 oeste. (diputada Celina Ramella);<\/li>\n<li>Cultural y Educativo el proyecto institucional \u201cMemoria desde la escuela\u201d, elaborado por los alumnos de 2\u00b0 a\u00f1o de la Escuela Secundaria Profesor Marcelo Yacante, del departamento Chimbas, con el prop\u00f3sito de conocer la historia del servicio penitenciario en la \u00e9poca de la dictadura militar.\u00a0 (diputada Fernanda Paredes);<\/li>\n<li>Social y Deportivo a la 3\u00b0 edici\u00f3n del campeonato de Hockey sobre patines en las categor\u00edas sub 13 masculino y sub 15 masculino y femenino, a cumplirse entre el 4 y el 10 de diciembre de 2023, en las instalaciones de la uni\u00f3n vecinal Richet \u2013 Zapata, departamento Santa Luc\u00eda. (diputado Carlos Platero);<\/li>\n<li>Educativo y Cultural al Proyecto de Intercambio Estudiantil \u201cConstruyendo Puentes Interculturales\u201d \u2013 \u201cBuilding Intercultural Bridges\u201d, desarrollado entre los Institutos Preuniversitarios: Escuela de Comercio Libertador General San Mart\u00edn, Escuela Industrial Domingo Faustino Sarmiento, Colegio Central Universitario Mariano Moreno de la Universidad Nacional de San Juan, Argentina y \u201cMountain Kingston Bilingual Schooll Suzhou\u201d, Jiangsu, China. (diputada Graciela Seva);<\/li>\n<li>Cultural, Social y Educativo el taller itinerante \u201cCaravana leg\u00fcera\u201d, abierto y gratuito, creaci\u00f3n de diversos m\u00fasicos pero con el impulso del artista musical Guillermo Ilanes. (diputada Mariela Limerutti);<\/li>\n<li>Cultural, Educativo, Cient\u00edfico y Social el 30 de noviembre D\u00eda Internacional de la lucha contra los trastornos de la conducta alimentaria\u201d. (diputada Nancy Pic\u00f3n).<\/li>\n<\/ul>\n<p>Sobre el final de la sesi\u00f3n fueron entregadas las medallas correspondientes a los legisladores que no estuvieron presentes durante la entrega ocurrida hace algunos d\u00edas, esto es, el diputado Miguel N\u00fa\u00f1ez y el vicepresidente primero, legislador Eduardo Cabello.<\/p>\n<p>Por \u00faltimo, solicit\u00f3 la palabra el diputado Carlos Platero, para exteriorizar, a modo de despedida, su agradecimiento al vicegobernador Roberto Gattoni; a los secretarios Legislativo y Administrativo; a los presidentes de bloque; al Interbloque que integr\u00f3 y la totalidad de los diputados, como al personal legislativo. Record\u00f3 su desempe\u00f1o en la Legislatura durante dos per\u00edodos y tambi\u00e9n evoc\u00f3 la \u00e9poca de pandemia, no sin antes despedirse ante un cerrado aplauso por parte de sus pares.<\/p>\n<p>Finalmente, todos los legisladores intercambiaron fraternales saludos y compartieron fotos que sin lugar a dudas formar\u00e1n parte de sus recuerdos de su paso por la C\u00e1mara de Diputados.<\/p>\n<figure id=\"attachment_37951\" aria-describedby=\"caption-attachment-37951\" style=\"width: 800px\" class=\"wp-caption alignnone\"><img loading=\"lazy\" decoding=\"async\" class=\"size-full wp-image-37951\" src=\"https:\/\/vocesparalelas.com.ar\/sitio\/wp-content\/uploads\/2021\/05\/CAMARA-EDIFICIO.jpg\" alt=\"\" width=\"800\" height=\"515\" srcset=\"https:\/\/vocesparalelas.com.ar\/sitio\/wp-content\/uploads\/2021\/05\/CAMARA-EDIFICIO.jpg 800w, https:\/\/vocesparalelas.com.ar\/sitio\/wp-content\/uploads\/2021\/05\/CAMARA-EDIFICIO-300x193.jpg 300w, https:\/\/vocesparalelas.com.ar\/sitio\/wp-content\/uploads\/2021\/05\/CAMARA-EDIFICIO-768x494.jpg 768w\" sizes=\"auto, (max-width: 800px) 100vw, 800px\" \/><figcaption id=\"caption-attachment-37951\" class=\"wp-caption-text\">Legislatura Provincial de San Juan, Rep\u00fablica Argentina<\/figcaption><\/figure>\n<\/div>\n<p>&nbsp;<\/p>\n","protected":false},"excerpt":{"rendered":"<p>La Duod\u00e9cima Sesi\u00f3n celebrada el Jueves, 30 de Noviembre de 2023, fue la \u00faltima del per\u00edodo ordinario que concluye de<\/p>\n","protected":false},"author":3,"featured_media":66411,"comment_status":"closed","ping_status":"closed","sticky":false,"template":"","format":"standard","meta":{"_acf_changed":false,"_seopress_robots_primary_cat":"none","_seopress_titles_title":"","_seopress_titles_desc":"","_seopress_robots_index":"","colormag_page_container_layout":"default_layout","colormag_page_sidebar_layout":"default_layout","footnotes":""},"categories":[1],"tags":[],"class_list":["post-66408","post","type-post","status-publish","format-standard","has-post-thumbnail","hentry","category-destacadas"],"acf":[],"_links":{"self":[{"href":"https:\/\/vocesparalelas.com.ar\/sitio\/wp-json\/wp\/v2\/posts\/66408","targetHints":{"allow":["GET"]}}],"collection":[{"href":"https:\/\/vocesparalelas.com.ar\/sitio\/wp-json\/wp\/v2\/posts"}],"about":[{"href":"https:\/\/vocesparalelas.com.ar\/sitio\/wp-json\/wp\/v2\/types\/post"}],"author":[{"embeddable":true,"href":"https:\/\/vocesparalelas.com.ar\/sitio\/wp-json\/wp\/v2\/users\/3"}],"replies":[{"embeddable":true,"href":"https:\/\/vocesparalelas.com.ar\/sitio\/wp-json\/wp\/v2\/comments?post=66408"}],"version-history":[{"count":2,"href":"https:\/\/vocesparalelas.com.ar\/sitio\/wp-json\/wp\/v2\/posts\/66408\/revisions"}],"predecessor-version":[{"id":66413,"href":"https:\/\/vocesparalelas.com.ar\/sitio\/wp-json\/wp\/v2\/posts\/66408\/revisions\/66413"}],"wp:featuredmedia":[{"embeddable":true,"href":"https:\/\/vocesparalelas.com.ar\/sitio\/wp-json\/wp\/v2\/media\/66411"}],"wp:attachment":[{"href":"https:\/\/vocesparalelas.com.ar\/sitio\/wp-json\/wp\/v2\/media?parent=66408"}],"wp:term":[{"taxonomy":"category","embeddable":true,"href":"https:\/\/vocesparalelas.com.ar\/sitio\/wp-json\/wp\/v2\/categories?post=66408"},{"taxonomy":"post_tag","embeddable":true,"href":"https:\/\/vocesparalelas.com.ar\/sitio\/wp-json\/wp\/v2\/tags?post=66408"}],"curies":[{"name":"wp","href":"https:\/\/api.w.org\/{rel}","templated":true}]}}