{"id":66382,"date":"2023-11-30T15:38:45","date_gmt":"2023-11-30T18:38:45","guid":{"rendered":"https:\/\/vocesparalelas.com.ar\/sitio\/?p=66382"},"modified":"2023-12-02T00:23:28","modified_gmt":"2023-12-02T03:23:28","slug":"inaut-e-iee-unsj-conicet-de-la-fi-de-la-unsj-fortalecidos-por-la-investigacion-cientifica-en-50-anos","status":"publish","type":"post","link":"https:\/\/vocesparalelas.com.ar\/sitio\/inaut-e-iee-unsj-conicet-de-la-fi-de-la-unsj-fortalecidos-por-la-investigacion-cientifica-en-50-anos\/","title":{"rendered":"INAUT e IEE UNSJ &#8211; CONICET de la FI de la UNSJ fortalecidos por la investigaci\u00f3n cient\u00edfica en 50 A\u00f1os"},"content":{"rendered":"<p>En el Hall del Edificio Central de la Universidad Nacional de San Juan, el Instituto de Autom\u00e1tica &#8211; INAUT &#8211; y el Instituto de Energ\u00eda El\u00e9ctrica &#8211; IEE &#8211; UNSJ &#8211; CONICET, festearon el 50\u00b0 Aniversario.<\/p>\n<p>En la previa, Voces Paralelas desarroll\u00f3 una entrevista period\u00edstica al Director del INAUT UNSJ &#8211; CONICET de la FI de la UNSJ, Dr. Vicente Mut, quien explic\u00f3 lo que significa festejar los 50\u00b0 Aniversario del Instituto para los que trabajamos, para la UNSJ y fundamentalmente para San Juan.<\/p>\n<p><iframe loading=\"lazy\" title=\"INAUT UNSJ CONICET DR VICENTE MUT\" width=\"800\" height=\"450\" src=\"https:\/\/www.youtube.com\/embed\/s2KbA65P5SE?feature=oembed\" frameborder=\"0\" allow=\"accelerometer; autoplay; clipboard-write; encrypted-media; gyroscope; picture-in-picture; web-share\" allowfullscreen><\/iframe><\/p>\n<p>El acto comenz\u00f3 con la intervenci\u00f3n musical del Grupo Jazz Cordillerano, bajo la direcci\u00f3n del Prof. Tito Olivia en piano, Prof. Diego Vega en guitarra el\u00e9ctrica y Prof. Santiago Molina en percusi\u00f3n.<\/p>\n<figure id=\"attachment_66396\" aria-describedby=\"caption-attachment-66396\" style=\"width: 800px\" class=\"wp-caption alignnone\"><img loading=\"lazy\" decoding=\"async\" class=\"wp-image-66396 size-full\" src=\"https:\/\/vocesparalelas.com.ar\/sitio\/wp-content\/uploads\/2023\/11\/UNSJ-GRUPO-JAZZ.jpg\" alt=\"\" width=\"800\" height=\"529\" srcset=\"https:\/\/vocesparalelas.com.ar\/sitio\/wp-content\/uploads\/2023\/11\/UNSJ-GRUPO-JAZZ.jpg 800w, https:\/\/vocesparalelas.com.ar\/sitio\/wp-content\/uploads\/2023\/11\/UNSJ-GRUPO-JAZZ-300x198.jpg 300w, https:\/\/vocesparalelas.com.ar\/sitio\/wp-content\/uploads\/2023\/11\/UNSJ-GRUPO-JAZZ-768x508.jpg 768w\" sizes=\"auto, (max-width: 800px) 100vw, 800px\" \/><figcaption id=\"caption-attachment-66396\" class=\"wp-caption-text\">Grupo Jazz Andino de la UNSJ<\/figcaption><\/figure>\n<p>&nbsp;<\/p>\n<p><iframe loading=\"lazy\" title=\"UNSJ INAUT IEE GRUPO JAZZ CORDILLERANO UNSJ\" width=\"800\" height=\"450\" src=\"https:\/\/www.youtube.com\/embed\/HHORQkZDtPU?feature=oembed\" frameborder=\"0\" allow=\"accelerometer; autoplay; clipboard-write; encrypted-media; gyroscope; picture-in-picture; web-share\" allowfullscreen><\/iframe><\/p>\n<p>Luego, se conform\u00f3 la mesa acad\u00e9mica conformada por el Director del IEE &#8211; UNSJ &#8211; CONICET de la FI de la UNSJ, Dr. Marcelo Molina, el Decano de la FI de la UNSJ, Ing. Mario Fern\u00e1ndez, el Rector de la UNSJ, Ing. Tadeo Berenguer, el Director del INAUT UNSJ &#8211; CONICET de la FI de la UNSJ, Dr. Vicente Mut y el Coordinador General CCT CONICET San Juan, Mg. Germ\u00e1n Norte.<\/p>\n<p><img loading=\"lazy\" decoding=\"async\" class=\"alignnone size-full wp-image-66389\" src=\"https:\/\/vocesparalelas.com.ar\/sitio\/wp-content\/uploads\/2023\/11\/UNSJ-INAUT-IEE-09.jpg\" alt=\"\" width=\"800\" height=\"533\" srcset=\"https:\/\/vocesparalelas.com.ar\/sitio\/wp-content\/uploads\/2023\/11\/UNSJ-INAUT-IEE-09.jpg 800w, https:\/\/vocesparalelas.com.ar\/sitio\/wp-content\/uploads\/2023\/11\/UNSJ-INAUT-IEE-09-300x200.jpg 300w, https:\/\/vocesparalelas.com.ar\/sitio\/wp-content\/uploads\/2023\/11\/UNSJ-INAUT-IEE-09-768x512.jpg 768w\" sizes=\"auto, (max-width: 800px) 100vw, 800px\" \/><\/p>\n<p>En esta instancia las autoridades expresaron el orgullo de los dos institutos de investigaci\u00f3n cient\u00edfica con reconocimiento internacional.<\/p>\n<p>El Director del IEE &#8211; UNSJ &#8211; CONICET de la FI de la UNSJ, Dr. Marcelo Molina resalt\u00f3 que \u00abrealiza investigaciones aplicadas y participa en el desarrollo del sector el\u00e9ctrico de todo el mundo. Es pionero en las investigaciones y proyectos de energ\u00eda fotovoltaica. Esta instituci\u00f3n cient\u00edfica es l\u00edder en el campo de la ingenier\u00eda y econom\u00eda de sistemas energ\u00e9ticos\u00bb.<\/p>\n<p>Mientras que, el Director del INAUT UNSJ &#8211; CONICET de la FI de la UNSJ, Dr. Vicente Mut remarc\u00f3 que \u00abel instituto se gener\u00f3 pr\u00e1cticamente junto con la universidad. Nosotros nos encargamos de la formaci\u00f3n de recursos humanos, investigaci\u00f3n y transferencia en el \u00e1rea de la automatizaci\u00f3n. Hoy esto es una disciplina que es transversal, o sea, se puede aplicar tanto en aspectos de agricultura, de salud y de automatizaci\u00f3n industrial\u201d. Entre muchas actividades y desarrollos, el INAUT fue muy importante durante la pandemia de Covid 19, ya que en ese tiempo cre\u00f3 un robot de desinfecci\u00f3n para el sector de la salud p\u00fablica y actualmente aporta soluciones a la producci\u00f3n de San Juan en esta \u00e9poca de sequ\u00eda\u00bb.<\/p>\n<p>Finalmente, el Rector de la UNSJ, Ing. Tadeo Berenguer subray\u00f3 que \u00aben la coyuntura actual la universidad p\u00fablica es objeto de muchos cuestionamientos, pero que se debe tener en cuenta que la ciencia y la tecnolog\u00eda son motores del desarrollo de la soberan\u00eda nacional y de la movilidad social ascendente: \u201cTenemos muchos desaf\u00edos a\u00fan pero no es anulando al Estado como se logra mejorar al pa\u00eds\u201d.<\/p>\n<p>Posteriormente, fue el momento m\u00e1s emotivo del acto es entregar un reconocimiento a los Directores y Vicedirectores mandato cumplido de ambos Institutos Cient\u00edficos por las autoridades, cuya tarea ha sido fundamental para el instituto, para la Facultad, para la UNSJ y para sociedad.<\/p>\n<p><strong><span style=\"color: #0000ff;\">Reconocimiento a las autoridades mandato cumplido en el INAUT UNSJ &#8211; CONICET de la FI de la UNSJ<\/span><\/strong><\/p>\n<ul>\n<li><strong><span style=\"color: #0000ff;\">Ing. Benjam\u00edn Kuchen, quien estuvo al frente del INAUT desde 1974 hasta 1976 y desde 1984 hasta el a\u00f1o 2002.<\/span><\/strong><\/li>\n<\/ul>\n<p><img loading=\"lazy\" decoding=\"async\" class=\"alignnone size-full wp-image-66305\" src=\"https:\/\/vocesparalelas.com.ar\/sitio\/wp-content\/uploads\/2023\/11\/UNSJ-INAUT-IEE-02.jpg\" alt=\"\" width=\"800\" height=\"533\" srcset=\"https:\/\/vocesparalelas.com.ar\/sitio\/wp-content\/uploads\/2023\/11\/UNSJ-INAUT-IEE-02.jpg 800w, https:\/\/vocesparalelas.com.ar\/sitio\/wp-content\/uploads\/2023\/11\/UNSJ-INAUT-IEE-02-300x200.jpg 300w, https:\/\/vocesparalelas.com.ar\/sitio\/wp-content\/uploads\/2023\/11\/UNSJ-INAUT-IEE-02-768x512.jpg 768w\" sizes=\"auto, (max-width: 800px) 100vw, 800px\" \/><\/p>\n<ul>\n<li><strong><span style=\"color: #0000ff;\">Dr. Ing. Ricardo Carelli, quien condujo durante dos per\u00edodos consecutivos, desde 2002 a 2014 y desde 2014 a 2018 del INAUT.<\/span><\/strong><\/li>\n<\/ul>\n<p><img loading=\"lazy\" decoding=\"async\" class=\"alignnone size-full wp-image-66306\" src=\"https:\/\/vocesparalelas.com.ar\/sitio\/wp-content\/uploads\/2023\/11\/UNSJ-INAUT-IEE-03.jpg\" alt=\"\" width=\"800\" height=\"533\" srcset=\"https:\/\/vocesparalelas.com.ar\/sitio\/wp-content\/uploads\/2023\/11\/UNSJ-INAUT-IEE-03.jpg 800w, https:\/\/vocesparalelas.com.ar\/sitio\/wp-content\/uploads\/2023\/11\/UNSJ-INAUT-IEE-03-300x200.jpg 300w, https:\/\/vocesparalelas.com.ar\/sitio\/wp-content\/uploads\/2023\/11\/UNSJ-INAUT-IEE-03-768x512.jpg 768w\" sizes=\"auto, (max-width: 800px) 100vw, 800px\" \/><\/p>\n<ul>\n<li><span style=\"color: #0000ff;\"><strong>Ing. Marcelo Mart\u00edn, vicedirector mandato cumplido, del INAUT.<\/strong><\/span><\/li>\n<\/ul>\n<p><img loading=\"lazy\" decoding=\"async\" class=\"alignnone size-full wp-image-66307\" src=\"https:\/\/vocesparalelas.com.ar\/sitio\/wp-content\/uploads\/2023\/11\/UNSJ-INAUT-IEE-04.jpg\" alt=\"\" width=\"800\" height=\"533\" srcset=\"https:\/\/vocesparalelas.com.ar\/sitio\/wp-content\/uploads\/2023\/11\/UNSJ-INAUT-IEE-04.jpg 800w, https:\/\/vocesparalelas.com.ar\/sitio\/wp-content\/uploads\/2023\/11\/UNSJ-INAUT-IEE-04-300x200.jpg 300w, https:\/\/vocesparalelas.com.ar\/sitio\/wp-content\/uploads\/2023\/11\/UNSJ-INAUT-IEE-04-768x512.jpg 768w\" sizes=\"auto, (max-width: 800px) 100vw, 800px\" \/><\/p>\n<p>&nbsp;<\/p>\n<p><strong><span style=\"color: #0000ff;\">Reconocimiento a las autoridades mandato cumplido del IEE UNSJ &#8211; CONICET de la FI de la UNSJ<\/span><\/strong><\/p>\n<ul>\n<li><span style=\"color: #0000ff;\"><strong>Dr. Ing. Giusepe Ratt\u00e1<\/strong><\/span><\/li>\n<\/ul>\n<p>&nbsp;<\/p>\n<p><img loading=\"lazy\" decoding=\"async\" class=\"alignnone size-full wp-image-66386\" src=\"https:\/\/vocesparalelas.com.ar\/sitio\/wp-content\/uploads\/2023\/11\/UNSJ-INAUT-IEE-06.jpg\" alt=\"\" width=\"800\" height=\"533\" srcset=\"https:\/\/vocesparalelas.com.ar\/sitio\/wp-content\/uploads\/2023\/11\/UNSJ-INAUT-IEE-06.jpg 800w, https:\/\/vocesparalelas.com.ar\/sitio\/wp-content\/uploads\/2023\/11\/UNSJ-INAUT-IEE-06-300x200.jpg 300w, https:\/\/vocesparalelas.com.ar\/sitio\/wp-content\/uploads\/2023\/11\/UNSJ-INAUT-IEE-06-768x512.jpg 768w\" sizes=\"auto, (max-width: 800px) 100vw, 800px\" \/><\/p>\n<p><img loading=\"lazy\" decoding=\"async\" class=\"alignnone size-full wp-image-66387\" src=\"https:\/\/vocesparalelas.com.ar\/sitio\/wp-content\/uploads\/2023\/11\/UNSJ-INAUT-IEE-07.jpg\" alt=\"\" width=\"800\" height=\"533\" srcset=\"https:\/\/vocesparalelas.com.ar\/sitio\/wp-content\/uploads\/2023\/11\/UNSJ-INAUT-IEE-07.jpg 800w, https:\/\/vocesparalelas.com.ar\/sitio\/wp-content\/uploads\/2023\/11\/UNSJ-INAUT-IEE-07-300x200.jpg 300w, https:\/\/vocesparalelas.com.ar\/sitio\/wp-content\/uploads\/2023\/11\/UNSJ-INAUT-IEE-07-768x512.jpg 768w\" sizes=\"auto, (max-width: 800px) 100vw, 800px\" \/><\/p>\n<p>&nbsp;<\/p>\n<p><img loading=\"lazy\" decoding=\"async\" class=\"alignnone size-full wp-image-66385\" src=\"https:\/\/vocesparalelas.com.ar\/sitio\/wp-content\/uploads\/2023\/11\/UNSJ-INAUT-IEE-05.jpg\" alt=\"\" width=\"800\" height=\"533\" srcset=\"https:\/\/vocesparalelas.com.ar\/sitio\/wp-content\/uploads\/2023\/11\/UNSJ-INAUT-IEE-05.jpg 800w, https:\/\/vocesparalelas.com.ar\/sitio\/wp-content\/uploads\/2023\/11\/UNSJ-INAUT-IEE-05-300x200.jpg 300w, https:\/\/vocesparalelas.com.ar\/sitio\/wp-content\/uploads\/2023\/11\/UNSJ-INAUT-IEE-05-768x512.jpg 768w\" sizes=\"auto, (max-width: 800px) 100vw, 800px\" \/><\/p>\n<p><strong><span style=\"color: #0000ff;\">Otros Datos <\/span><\/strong><\/p>\n<p>Benjam\u00edn Kuchen naci\u00f3 el 01 de octubre de 1941 en Santa Mar\u00eda, Provincia de Santa Fe, Rep\u00fablica Argentina. Se gradu\u00f3 como Ingeniero Electr\u00f3nico en la Universidad Cat\u00f3lica de C\u00f3rdoba en 1967. Durante 1968 realiz\u00f3 estudios de especializaci\u00f3n en el Philips International Institute de Eindhoven, Pa\u00edses Bajos, sobre temas de electr\u00f3nica de potencia. Durante el per\u00edodo comprendido entre marzo de 1971 a octubre de 1974 realiz\u00f3 su doctorado en la Universidad Renano Westfalica del Norte en Aquisgran (RWTH Aachen), Alemania, con una tesis sobre la obtenci\u00f3n del modelo adaptable del hombre como controlador de procesos (canal visual-manual). En enero de 1975 ingresa como Profesor Titular en el Instituto de Autom\u00e1tica de la Facultad de Ingenier\u00eda de la Universidad Nacional de San Juan, Arg. para realizar trabajos de investigaci\u00f3n y de docencia en el \u00e1rea del control autom\u00e1tico. En 1983 ingresa como Investigador Independiente del CONICET. En ese mismo a\u00f1o es nombrado Director del Instituto de Autom\u00e1tica. En 1985 es nombrado por concurso Profesor Titular Ordinario para cumplir las funciones de docencia e investigaci\u00f3n que estaba desarrollando. En 1990 se crea en el Instituto de Autom\u00e1tica el Programa de Maestr\u00eda y Doctorado en Ingenier\u00eda de Sistemas de Control bajo su direcci\u00f3n. Este programa obtuvo la m\u00e1xima categor\u00eda acad\u00e9mica desde sus inicios. Realiz\u00f3 estancias prolongadas de investigaci\u00f3n en Alemania y Espa\u00f1a. En el a\u00f1o 2000 fue catedr\u00e1tico en la Universidad de Salamanca. En julio de 2002 fue electo Rector de la Universidad Nacional de San Juan, renunciando a la Direcci\u00f3n del Instituto de Autom\u00e1tica. Fue electo en dos oportunidades m\u00e1s como Rector hasta 2012. En el a\u00f1o 2007 la Universidad Cat\u00f3lica de C\u00f3rdoba le otorg\u00f3 el titulo de Doctor Honoris Causa. En marzo de 2015 la Universidad Nacional de San Juan lo nombr\u00f3 Profesor Em\u00e9rito. Bajo esta condici\u00f3n cumple actualmente funciones en el Instituto de Autom\u00e1tica.<\/p>\n<p><strong><span style=\"color: #0000ff;\">Dr. Ing. Ricardo O. Carelli <\/span><\/strong><\/p>\n<p>Naci\u00f3 en San Juan, Argentina. Se gradu\u00f3 con el mejor promedio como Ingeniero Electromec\u00e1nico en la Universidad Nacional de San Juan en 1976. En 1981 realiz\u00f3 una estancia de investigaci\u00f3n en el Polit\u00e9cnico de Torino, Italia, sobre el control adaptable de robots con algoritmos de predicci\u00f3n de horizonte m\u00faltiple y en 1989 obtuvo el doctorado en Ingenier\u00eda El\u00e9ctrica en la Universidad Nacional Aut\u00f3noma de M\u00e9xico (UNAM) con una tesis sobre control adaptable de robots. Actualmente es profesor en la Universidad Nacional de San Juan, desarrollando actividades de investigaci\u00f3n y de docencia de posgrado en el Instituto de Autom\u00e1tica y de docencia de grado en el Departamento de Electr\u00f3nica y Autom\u00e1tica. Adem\u00e1s es Investigador Principal del Consejo Nacional de Investigaciones Cient\u00edficas y T\u00e9cnicas (CONICET) y Director del Instituto de Autom\u00e1tica de la Facultad de Ingenier\u00eda de la Universidad Nacional de San Juan. Ha sido calificado como Investigador Clase A en la categorizaci\u00f3n para incentivos a los investigadores-docentes del gobierno nacional. Ricardo Carelli es miembro senior de IEEE y miembro vitalicio de la Asociaci\u00f3n Argentina de Control Autom\u00e1tico, AADECA-IFAC. Sus \u00e1reas de inter\u00e9s son: control de robots, sistemas de manufactura, control adaptable y t\u00e9cnicas de inteligencia artificial aplicadas al control autom\u00e1tico.<\/p>\n<p><span style=\"color: #0000ff;\"><strong>Ing. Marcelo L. Martin<\/strong><\/span><\/p>\n<p>Naci\u00f3 en la Provincia de Buenos Aires, Rep\u00fablica Argentina (1955). Se gradu\u00f3 como Ingeniero Electromec\u00e1nico \u2013 Orientaci\u00f3n Control en la Universidad Nacional de San Juan en 1982. Entre 1984 y 1988 desarroll\u00f3 becas de iniciaci\u00f3n y perfeccionamiento del Consejo Nacional de Investigaciones Cient\u00edficas y T\u00e9cnicas (CONICET). Actualmente es profesor titular con dedicaci\u00f3n exclusiva en la Universidad Nacional de San Juan (UNSJ), desarrollando actividades de investigaci\u00f3n en el Instituto de Autom\u00e1tica (INAUT) y de docencia de grado en el Departamento de Electr\u00f3nica y Autom\u00e1tica de la Facultad de Ingenier\u00eda. Ha sido calificado como Investigador Clase II en la categorizaci\u00f3n para incentivos a los investigadores-docentes del gobierno nacional.\u00a0Premios: Dr. Jos\u00e9 A. Balseiro, el 06 de Octubre de 1994, por el Ministerio de Cultura y Educaci\u00f3n de la Naci\u00f3n. Premio: \u00abDr. Jos\u00e9 A. Balseiro\u00bb otorgado al Instituto de Autom\u00e1tica, destinado a estimular las iniciativas universitarias orientadas a promover la vinculaci\u00f3n tecnol\u00f3gica entre las Universidades Nacionales y los sectores de la producci\u00f3n y servicios. Otorgado por el Ministerio de Cultura y Educaci\u00f3n de la Naci\u00f3n &#8211; Foro de Ciencia y Tecnolog\u00eda para la Producci\u00f3n\u00a0\u00a0(FCyTP) &#8211; 1994. Reconocimiento al M\u00e9rito, el 01 de Enero de 1994 por la Universidad Nacional de San Juan. Premio \u201cReconocimiento al M\u00e9rito\u201d otorgado por la Universidad Nacional de San Juan al Instituto de Autom\u00e1tica (INAUT) por el destacado desempe\u00f1o de sus actividades en el ciclo 1993\/1994 (Res. N\u00ba 233\/94-Rectorado de la UNSJ).<\/p>\n<p><strong><span style=\"color: #0000ff;\">Dr. Ing. Dr. Ing. Giusepe Ratt\u00e1<\/span><\/strong><\/p>\n<p>Naci\u00f3 el 28 de Enero de 1950. Ingeniero electromec\u00e1nico. Especializado en Italia en Transitorios Electromagn\u00e9ticos. Profesor Titular exclusivo por concurso. Desde 1997 es Director del Instituto de Energ\u00eda El\u00e9ctrica, Facultad de Ingenier\u00eda (UNSJ) con Programa de Doctorado nivel A apoyado por el Servicio Alem\u00e1n de Intercambio Acad\u00e9mico con becas para profesionales de Latinoam\u00e9rica. Director de tesis doctorales, de grado, becarios e investigadores del CONICET (PK). Ejecutor y Director de proyectos de investigaci\u00f3n y de mejoramiento de equipamiento para el desarrollo de laboratorio de alta tensi\u00f3n hasta 500 kV, financiados por CONICET y ANPCYT. Evaluaci\u00f3n de Posgrados en Ingenier\u00eda (CONEAU). Coordinador de la ANPCyT (1999-2002), de Proyectos FOMEC y Proyectos de Cooperaci\u00f3n Internacional. Public\u00f3 trabajos en importantes congresos y revistas internacionales. Ejecutor y Director de proyectos de Transferencia de Tecnolog\u00eda con Empresas del sector productivo y de servicios del pa\u00eds y del exterior. Senior Member del IEEE. Miembro del Consejo Directivo de Cigre Argentina. Miembro del Consejo de Administraci\u00f3n de la Fundaci\u00f3n UNSJ. Premios Konex 2003: Ingenier\u00eda Electr\u00f3nica, Comunicaci\u00f3n e Inform\u00e1tica.<\/p>\n<p><span style=\"color: #0000ff;\"><strong>Dr. Ing. Francisco F. Garc\u00e9s<\/strong><\/span><\/p>\n<p>Obtuvo el t\u00edtulo de Ingeniero Electromec\u00e1nico en la Universidad de Cuyo, Argentina, en 1974 y el t\u00edtulo de Dr.-Ing. Licenciado por la Universidad Tecnol\u00f3gica de Aquisgr\u00e1n (RWTH), Rep\u00fablica Federal de Alemania, en 1982. Actualmente es Jefe del Grupo de Gesti\u00f3n de Riesgos y Confiabilidad del Instituto de Energ\u00eda El\u00e9ctrica (IEE), Universidad Nacional de San Juan, Argentina.\u00a0Sus principales intereses de investigaci\u00f3n son la confiabilidad del sistema el\u00e9ctrico y los c\u00e1lculos de reserva.<\/p>\n<p><img loading=\"lazy\" decoding=\"async\" class=\"alignnone size-large wp-image-66388\" src=\"https:\/\/vocesparalelas.com.ar\/sitio\/wp-content\/uploads\/2023\/11\/UNSJ-INAUT-IEE-08.jpg\" alt=\"\" width=\"800\" height=\"533\" srcset=\"https:\/\/vocesparalelas.com.ar\/sitio\/wp-content\/uploads\/2023\/11\/UNSJ-INAUT-IEE-08.jpg 800w, https:\/\/vocesparalelas.com.ar\/sitio\/wp-content\/uploads\/2023\/11\/UNSJ-INAUT-IEE-08-300x200.jpg 300w, https:\/\/vocesparalelas.com.ar\/sitio\/wp-content\/uploads\/2023\/11\/UNSJ-INAUT-IEE-08-768x512.jpg 768w\" sizes=\"auto, (max-width: 800px) 100vw, 800px\" \/> \u00a0<img loading=\"lazy\" decoding=\"async\" class=\"alignnone size-large wp-image-66390\" src=\"https:\/\/vocesparalelas.com.ar\/sitio\/wp-content\/uploads\/2023\/11\/UNSJ-INAUT-IEE-10.jpg\" alt=\"\" width=\"800\" height=\"533\" srcset=\"https:\/\/vocesparalelas.com.ar\/sitio\/wp-content\/uploads\/2023\/11\/UNSJ-INAUT-IEE-10.jpg 800w, https:\/\/vocesparalelas.com.ar\/sitio\/wp-content\/uploads\/2023\/11\/UNSJ-INAUT-IEE-10-300x200.jpg 300w, https:\/\/vocesparalelas.com.ar\/sitio\/wp-content\/uploads\/2023\/11\/UNSJ-INAUT-IEE-10-768x512.jpg 768w\" sizes=\"auto, (max-width: 800px) 100vw, 800px\" \/><\/p>\n<p>Finalmente, los presentes compartieron un brindis unidos por los recuerdos compartidos.<\/p>\n<p><img loading=\"lazy\" decoding=\"async\" class=\"alignnone size-full wp-image-66395\" src=\"https:\/\/vocesparalelas.com.ar\/sitio\/wp-content\/uploads\/2023\/11\/UNSJ-INAUT-IEE-11.jpg\" alt=\"\" width=\"800\" height=\"600\" srcset=\"https:\/\/vocesparalelas.com.ar\/sitio\/wp-content\/uploads\/2023\/11\/UNSJ-INAUT-IEE-11.jpg 800w, https:\/\/vocesparalelas.com.ar\/sitio\/wp-content\/uploads\/2023\/11\/UNSJ-INAUT-IEE-11-300x225.jpg 300w, https:\/\/vocesparalelas.com.ar\/sitio\/wp-content\/uploads\/2023\/11\/UNSJ-INAUT-IEE-11-768x576.jpg 768w\" sizes=\"auto, (max-width: 800px) 100vw, 800px\" \/><\/p>\n<p>&nbsp;<\/p>\n","protected":false},"excerpt":{"rendered":"<p>En el Hall del Edificio Central de la Universidad Nacional de San Juan, el Instituto de Autom\u00e1tica &#8211; INAUT &#8211;<\/p>\n","protected":false},"author":3,"featured_media":66304,"comment_status":"closed","ping_status":"closed","sticky":false,"template":"","format":"standard","meta":{"_acf_changed":false,"_seopress_robots_primary_cat":"none","_seopress_titles_title":"","_seopress_titles_desc":"","_seopress_robots_index":"","colormag_page_container_layout":"default_layout","colormag_page_sidebar_layout":"default_layout","footnotes":""},"categories":[15,7],"tags":[],"class_list":["post-66382","post","type-post","status-publish","format-standard","has-post-thumbnail","hentry","category-posgrados","category-videos"],"acf":[],"_links":{"self":[{"href":"https:\/\/vocesparalelas.com.ar\/sitio\/wp-json\/wp\/v2\/posts\/66382","targetHints":{"allow":["GET"]}}],"collection":[{"href":"https:\/\/vocesparalelas.com.ar\/sitio\/wp-json\/wp\/v2\/posts"}],"about":[{"href":"https:\/\/vocesparalelas.com.ar\/sitio\/wp-json\/wp\/v2\/types\/post"}],"author":[{"embeddable":true,"href":"https:\/\/vocesparalelas.com.ar\/sitio\/wp-json\/wp\/v2\/users\/3"}],"replies":[{"embeddable":true,"href":"https:\/\/vocesparalelas.com.ar\/sitio\/wp-json\/wp\/v2\/comments?post=66382"}],"version-history":[{"count":6,"href":"https:\/\/vocesparalelas.com.ar\/sitio\/wp-json\/wp\/v2\/posts\/66382\/revisions"}],"predecessor-version":[{"id":66402,"href":"https:\/\/vocesparalelas.com.ar\/sitio\/wp-json\/wp\/v2\/posts\/66382\/revisions\/66402"}],"wp:featuredmedia":[{"embeddable":true,"href":"https:\/\/vocesparalelas.com.ar\/sitio\/wp-json\/wp\/v2\/media\/66304"}],"wp:attachment":[{"href":"https:\/\/vocesparalelas.com.ar\/sitio\/wp-json\/wp\/v2\/media?parent=66382"}],"wp:term":[{"taxonomy":"category","embeddable":true,"href":"https:\/\/vocesparalelas.com.ar\/sitio\/wp-json\/wp\/v2\/categories?post=66382"},{"taxonomy":"post_tag","embeddable":true,"href":"https:\/\/vocesparalelas.com.ar\/sitio\/wp-json\/wp\/v2\/tags?post=66382"}],"curies":[{"name":"wp","href":"https:\/\/api.w.org\/{rel}","templated":true}]}}