{"id":66321,"date":"2023-11-28T22:48:24","date_gmt":"2023-11-29T01:48:24","guid":{"rendered":"https:\/\/vocesparalelas.com.ar\/sitio\/?p=66321"},"modified":"2023-11-29T20:15:04","modified_gmt":"2023-11-29T23:15:04","slug":"sesion-preparatoria-con-los-diputados-electo-de-san-juan","status":"publish","type":"post","link":"https:\/\/vocesparalelas.com.ar\/sitio\/sesion-preparatoria-con-los-diputados-electo-de-san-juan\/","title":{"rendered":"Sesi\u00f3n Preparatoria con los Diputados Electo de San Juan"},"content":{"rendered":"<div class=\"itemFullText jbintrotext\">\n<p>El Martes, 28 de Noviembre, la C\u00e1mara de Diputados de San Juan llev\u00f3 a cabo la Sesi\u00f3n Preparatoria, en cuyo transcurso reuni\u00f3 a los diputados que fueron electos por voto popular en los comicios del pasado 14 de mayo del corriente a\u00f1o, tal como lo estipula en el art\u00edculo 2\u00ba del Reglamento Interno.<\/p>\n<\/div>\n<div class=\"itemFullText\">\n<p>La sesi\u00f3n estuvo conducida por el vicegobernador Roberto Gattoni, acompa\u00f1ado por los secretarios Legislativo, Dr. Nicol\u00e1s Alvo, y Administrativo, Lic. Roberto Iglesias.<\/p>\n<p>Tras el inicio de la sesi\u00f3n y la correspondiente lectura y aprobaci\u00f3n del orden del d\u00eda, la diputada Fernanda Paredes solicit\u00f3 la realizaci\u00f3n de un cuarto intermedio para acordar la conformaci\u00f3n de la Comisi\u00f3n de Poderes. Esta moci\u00f3n result\u00f3 aprobada.<\/p>\n<p>Luego de reanudar la sesi\u00f3n, la legisladora Paredes solicit\u00f3 al secretario Legislativo que haga la lectura de la constituci\u00f3n de la comisi\u00f3n la cual qued\u00f3 integrada por los diputados electos: Juan Carlos Quiroga Moyano, Horacio Quiroga, Carlos Jaime Quiroga, Gustavo Us\u00edn, Enzo Cornejo, Luis Rueda y las diputadas electas: Cristina L\u00f3pez, Marisa L\u00f3pez, Fernanda Paredes, Graciela Seva y Marcela Quiroga.<\/p>\n<p>Acto seguido, la diputada Fernanda Paredes pidi\u00f3 un nuevo cuarto intermedio para que la Comisi\u00f3n de Poderes analice la elecci\u00f3n y los t\u00edtulos de los legisladores electos y emita un dictamen, el cual fue le\u00eddo tambi\u00e9n por el secretario Dr. Nicol\u00e1s Alvo tras la continuaci\u00f3n de la asamblea.<\/p>\n<p>Cabe se\u00f1alar que esta sesi\u00f3n se realiza en el marco del Decreto N\u00ba 426-P-2023 de convocatoria, que en sus fundamentos indica que de acuerdo con lo estipulado por el Art\u00edculo 154\u00aa de la Constituci\u00f3n de la provincia y el Cap\u00edtulo I, Art\u00edculos 2\u00ba y 3\u00ba y el Art\u00edculo 23\u00ba, Inciso 6) y 9) del Reglamento Interno de la C\u00e1mara de Diputados dispone la realizaci\u00f3n la Sesi\u00f3n Preparatoria.<\/p>\n<figure id=\"attachment_66351\" aria-describedby=\"caption-attachment-66351\" style=\"width: 800px\" class=\"wp-caption alignnone\"><img loading=\"lazy\" decoding=\"async\" class=\"size-full wp-image-66351\" src=\"https:\/\/vocesparalelas.com.ar\/sitio\/wp-content\/uploads\/2023\/11\/CDSJ-MUJERES-DIPUTADAS.jpg\" alt=\"\" width=\"800\" height=\"468\" srcset=\"https:\/\/vocesparalelas.com.ar\/sitio\/wp-content\/uploads\/2023\/11\/CDSJ-MUJERES-DIPUTADAS.jpg 800w, https:\/\/vocesparalelas.com.ar\/sitio\/wp-content\/uploads\/2023\/11\/CDSJ-MUJERES-DIPUTADAS-300x176.jpg 300w, https:\/\/vocesparalelas.com.ar\/sitio\/wp-content\/uploads\/2023\/11\/CDSJ-MUJERES-DIPUTADAS-768x449.jpg 768w\" sizes=\"auto, (max-width: 800px) 100vw, 800px\" \/><figcaption id=\"caption-attachment-66351\" class=\"wp-caption-text\">Mujeres Legislativa Electas a la C\u00e1mara de Diputados de San Juan<\/figcaption><\/figure>\n<p><span style=\"color: #800080;\"><strong>Dictamen de la comisi\u00f3n de Poderes<\/strong><\/span><\/p>\n<p>El informe acordado por la mencionada comisi\u00f3n establece los siguientes puntos:<\/p>\n<ul>\n<li>Aprobar los diplomas y t\u00edtulos de los treinta y seis se\u00f1ores diputados y se\u00f1oras diputadas electos que a continuaci\u00f3n se detallan:<\/li>\n<\/ul>\n<p><span style=\"color: #800080;\"><strong>Diputados Provinciales<\/strong><\/span><\/p>\n<ul>\n<li>Departamento 25 de Mayo: Juan Carlos Quiroga Moyano<\/li>\n<li>Departamento Albard\u00f3n: Pedro Albagli<\/li>\n<li>Departamento Angaco: Marcelo Andr\u00e9s Mallea<\/li>\n<li>Departamento Calingasta: Jorge Casta\u00f1eda<\/li>\n<li>Departamento Capital: Gustavo Fern\u00e1ndez<\/li>\n<li>Departamento Caucete: Emilio Escudero<\/li>\n<li>Departamento Chimbas: Gabriel S\u00e1nchez<\/li>\n<li>Departamento Iglesia: Gustavo Deguer<\/li>\n<li>Departamento J\u00e1chal: Miguel Vega<\/li>\n<li>Departamento 9 de Julio: Gustavo N\u00fa\u00f1ez<\/li>\n<li>Departamento Pocito: Stella Caparros<\/li>\n<li>Departamento Rawson: Pablo Garc\u00eda Nieto<\/li>\n<li>Departamento Rivadavia: Juan de la Cruz C\u00f3rdoba<\/li>\n<li>Departamento San Mart\u00edn: Marta Gramajo<\/li>\n<li>Departamento Santa Luc\u00eda: Carlos Platero<\/li>\n<li>Departamento Sarmiento: Andr\u00e9s Castro<\/li>\n<li>Departamento Ullum: Leopoldo Soler<\/li>\n<li>Departamento Valle F\u00e9rtil: Omar Ortiz<\/li>\n<li>Departamento Zonda: Miguel Atampiz<\/li>\n<\/ul>\n<p><span style=\"color: #800080;\"><strong>Diputados Proporcionales<\/strong><\/span><\/p>\n<ul>\n<li>Carlos Jaime Quiroga<\/li>\n<li>Marcela Quiroga<\/li>\n<li>Daniel Ripoll<\/li>\n<li>Mar\u00eda Rita Lascano<\/li>\n<li>Enzo Cornejo<\/li>\n<li>Alejandra Leonardo<\/li>\n<li>Gustavo Us\u00edn<\/li>\n<li>Fernando Patinella<\/li>\n<li>Mario Alberto Herrero<\/li>\n<li>Graciela Hilda Seva<\/li>\n<li>Franco Aranda<\/li>\n<li>Cristina L\u00f3pez<\/li>\n<li>Luis Rueda<\/li>\n<li>Marisa L\u00f3pez<\/li>\n<li>Eduardo Cabello<\/li>\n<li>Fernanda Paredes<\/li>\n<li>Horacio Quiroga<\/li>\n<\/ul>\n<h3><span style=\"color: #800080;\"><strong>Marco legislativo de la sesi\u00f3n<\/strong><\/span><\/h3>\n<p>El Art\u00edculo 154\u00ba de la Constituci\u00f3n de la provincia de San Juan\u00a0 bajo el t\u00edtulo Validez de t\u00edtulos \u2013 Remoci\u00f3n expresa que \u201cLa C\u00e1mara de Diputados es el \u00fanico juez de la validez de la elecci\u00f3n, t\u00edtulo, correcciones, remoci\u00f3n y exclusi\u00f3n de sus miembros, puede, con dos tercios de los votos presentes, corregir a cualquiera de sus miembros por desorden de conducta en el ejercicio de sus funciones, o removerlo por inhabilidad f\u00edsica, ps\u00edquica, legal o moral sobreviniente a su incorporaci\u00f3n y hasta excluirlos de su seno. En todos estos casos debe asegurarse al legislador su derecho de defensa. Las sesiones en que se trate la remoci\u00f3n de un legislador son p\u00fablicas si este no solicitare lo contrario. Para decidir sobre la renuncia que voluntariamente hicieren a sus cargos los Diputados, bastar\u00e1 la simple mayor\u00eda de los votos de los presentes.<\/p>\n<p>Por otra parte, al considerar el Reglamento Interno de la C\u00e1mara de Diputados, en el Cap\u00edtulo I bajo el t\u00edtulo De las Sesiones Preparatorias \u2013 Fecha de las sesiones preparatorias \u2013 Citaci\u00f3n, el Art\u00edculo 2\u00ba del Reglamento Interno con el t\u00edtulo Incorporaci\u00f3n de diputados, indica que \u201ccuando correspondiera la incorporaci\u00f3n de diputados electos en su primera sesi\u00f3n preparatoria, la C\u00e1mara designar\u00e1 una Comisi\u00f3n de Poderes que proceder\u00e1 inmediatamente, en la misma sesi\u00f3n, a examinar las actas y a presentar su dictamen\u201d.<\/p>\n<p>El Art\u00edculo 3\u00ba con el t\u00edtulo Dictamen sobre los diplomas manifiesta que \u201cel dictamen sobre la elecci\u00f3n ser\u00e1 votado en general y particular, pudiendo los diputados electos, cuyos diplomas fueren impugnados, tomar parte en las discusiones, pero no votar, al decidirse en particular, de su propio diploma\u201d.<\/p>\n<p>Mientras que el Art\u00edculo 23\u00ba bajo el t\u00edtulo Atribuciones y deberes del Presidente indica en su inciso 6) con el t\u00edtulo Orden del d\u00eda de la sesi\u00f3n siguiente reza en forma textual \u201cdesignar los asuntos que han de formar el orden del d\u00eda de la siguiente sesi\u00f3n\u201d y en el inciso 9\u00ba) con el t\u00edtulo Citaci\u00f3n a sesiones sostiene \u201ccitar a los diputados a las sesiones ordinarias, extraordinarias y especiales que se resolviese efectuar.<\/p>\n<figure id=\"attachment_37951\" aria-describedby=\"caption-attachment-37951\" style=\"width: 800px\" class=\"wp-caption alignnone\"><img loading=\"lazy\" decoding=\"async\" class=\"size-full wp-image-37951\" src=\"https:\/\/vocesparalelas.com.ar\/sitio\/wp-content\/uploads\/2021\/05\/CAMARA-EDIFICIO.jpg\" alt=\"\" width=\"800\" height=\"515\" srcset=\"https:\/\/vocesparalelas.com.ar\/sitio\/wp-content\/uploads\/2021\/05\/CAMARA-EDIFICIO.jpg 800w, https:\/\/vocesparalelas.com.ar\/sitio\/wp-content\/uploads\/2021\/05\/CAMARA-EDIFICIO-300x193.jpg 300w, https:\/\/vocesparalelas.com.ar\/sitio\/wp-content\/uploads\/2021\/05\/CAMARA-EDIFICIO-768x494.jpg 768w\" sizes=\"auto, (max-width: 800px) 100vw, 800px\" \/><figcaption id=\"caption-attachment-37951\" class=\"wp-caption-text\">Legislatura Provincial de San Juan, Rep\u00fablica Argentina<\/figcaption><\/figure>\n<\/div>\n","protected":false},"excerpt":{"rendered":"<p>El Martes, 28 de Noviembre, la C\u00e1mara de Diputados de San Juan llev\u00f3 a cabo la Sesi\u00f3n Preparatoria, en cuyo<\/p>\n","protected":false},"author":3,"featured_media":66324,"comment_status":"closed","ping_status":"closed","sticky":false,"template":"","format":"standard","meta":{"_acf_changed":false,"_seopress_robots_primary_cat":"none","_seopress_titles_title":"","_seopress_titles_desc":"","_seopress_robots_index":"","colormag_page_container_layout":"default_layout","colormag_page_sidebar_layout":"default_layout","footnotes":""},"categories":[1],"tags":[],"class_list":["post-66321","post","type-post","status-publish","format-standard","has-post-thumbnail","hentry","category-destacadas"],"acf":[],"_links":{"self":[{"href":"https:\/\/vocesparalelas.com.ar\/sitio\/wp-json\/wp\/v2\/posts\/66321","targetHints":{"allow":["GET"]}}],"collection":[{"href":"https:\/\/vocesparalelas.com.ar\/sitio\/wp-json\/wp\/v2\/posts"}],"about":[{"href":"https:\/\/vocesparalelas.com.ar\/sitio\/wp-json\/wp\/v2\/types\/post"}],"author":[{"embeddable":true,"href":"https:\/\/vocesparalelas.com.ar\/sitio\/wp-json\/wp\/v2\/users\/3"}],"replies":[{"embeddable":true,"href":"https:\/\/vocesparalelas.com.ar\/sitio\/wp-json\/wp\/v2\/comments?post=66321"}],"version-history":[{"count":3,"href":"https:\/\/vocesparalelas.com.ar\/sitio\/wp-json\/wp\/v2\/posts\/66321\/revisions"}],"predecessor-version":[{"id":66352,"href":"https:\/\/vocesparalelas.com.ar\/sitio\/wp-json\/wp\/v2\/posts\/66321\/revisions\/66352"}],"wp:featuredmedia":[{"embeddable":true,"href":"https:\/\/vocesparalelas.com.ar\/sitio\/wp-json\/wp\/v2\/media\/66324"}],"wp:attachment":[{"href":"https:\/\/vocesparalelas.com.ar\/sitio\/wp-json\/wp\/v2\/media?parent=66321"}],"wp:term":[{"taxonomy":"category","embeddable":true,"href":"https:\/\/vocesparalelas.com.ar\/sitio\/wp-json\/wp\/v2\/categories?post=66321"},{"taxonomy":"post_tag","embeddable":true,"href":"https:\/\/vocesparalelas.com.ar\/sitio\/wp-json\/wp\/v2\/tags?post=66321"}],"curies":[{"name":"wp","href":"https:\/\/api.w.org\/{rel}","templated":true}]}}