{"id":66316,"date":"2023-11-28T20:39:00","date_gmt":"2023-11-28T23:39:00","guid":{"rendered":"https:\/\/vocesparalelas.com.ar\/sitio\/?p=66316"},"modified":"2023-11-29T21:42:41","modified_gmt":"2023-11-30T00:42:41","slug":"temas-de-la-duodecima-sesion-de-la-camara-de-diputados-de-san-juan","status":"publish","type":"post","link":"https:\/\/vocesparalelas.com.ar\/sitio\/temas-de-la-duodecima-sesion-de-la-camara-de-diputados-de-san-juan\/","title":{"rendered":"Temas de la Duod\u00e9cima Sesi\u00f3n de la C\u00e1mara de Diputados de San Juan"},"content":{"rendered":"<div class=\"itemFullText jbintrotext\">\n<p>La comisi\u00f3n de Labor Parlamentaria mantuvo el Martes, 28 de Noviembre, la reuni\u00f3n que convoc\u00f3 a los presidentes de bloque legislativos para la selecci\u00f3n de los temas que integrar\u00e1n, en principio, el Orden del D\u00eda de la Duod\u00e9cima Sesi\u00f3n Ordinaria, que se realizada el Jueves, 30 de Noviembre y que, a la saz\u00f3n, es la \u00faltima del per\u00edodo ordinario que precisamente concluye en esa fecha.<\/p>\n<\/div>\n<div class=\"itemFullText\">\n<p>El encuentro fue realizado en la sala de situaci\u00f3n del cuarto piso del edificio Anexo de la Legislatura y convoc\u00f3 al vicegobernador y presidente nato de la C\u00e1mara de Diputados, Roberto Gattoni acompa\u00f1ado por el secretario Legislativo, Nicol\u00e1s Alvo; el vicepresidente segundo, diputado Carlos Platero; el vicepresidente alterno, legislador Edgardo Sancassani y los presidentes de los bloques Producci\u00f3n y Trabajo, diputado Sergio Miodowski; CONFE-Somos San Juan, legisladora Florencia Pe\u00f1aloza; Frente Grande \u2013 Unidad Ciudadana, diputado Horacio Quiroga; Lealtad Justicialista, legislador Leonardo Gioja y San Juan Primero, diputado Enrique Monta\u00f1o.<\/p>\n<p>Sobre el particular, los temas que podr\u00edan tener eventual tratamiento en el transcurso de la Duod\u00e9cima Sesi\u00f3n del per\u00edodo ordinario, a realizarse el pr\u00f3ximo jueves 30 de noviembre, son los siguientes:<\/p>\n<p><span style=\"color: #800080;\"><strong>Modificaci\u00f3n C\u00f3digo Procesal Civil<\/strong><\/span><\/p>\n<p>El cuerpo parlamentario deber\u00e1 resolver si otorga acuerdo al proyecto de Ley remitido por el Poder Judicial que, con despacho favorable de las comisiones intervinientes, propone la modificaci\u00f3n de la Ley N\u00b0 2415-O, C\u00f3digo Procesal Civil, Comercial y Miner\u00eda de la provincia de San Juan.<\/p>\n<p><span style=\"color: #800080;\"><strong>Regulaci\u00f3n de ejecuci\u00f3n de penas<\/strong><\/span><\/p>\n<p>Asimismo, con conformidad de las respectivas comisiones, el cuerpo abordar\u00e1 el tratamiento del proyecto de Ley remitido por el Poder Judicial de la provincia, por la que es regulada la ejecuci\u00f3n de las penas.<\/p>\n<p><span style=\"color: #800080;\"><strong>Modificaci\u00f3n al C\u00f3digo Procesal Penal<\/strong><\/span><\/p>\n<p>Adem\u00e1s, el cuerpo parlamentario tendr\u00e1 la responsabilidad de considerar el proyecto de Ley remitido por la Corte de Justicia, por el que modifica la Ley Provincial N| 754-O, C\u00f3digo Procesal Penal.<\/p>\n<p><span style=\"color: #800080;\"><strong>Mejoramiento de la red vial urbana<\/strong><\/span><\/p>\n<p>Con despacho favorable de las respectivas comisiones, el cuerpo parlamentario abordar\u00e1 el tratamiento del Mensaje N\u00b0 78 y proyecto de Ley remitido por el Poder Ejecutivo por el que ratifica la aprobaci\u00f3n del Convenio y sus Anexos entre la provincia de San Juan y los municipios de Albard\u00f3n, Caucete y Sarmiento, con el objeto de mejorar la red vial urbana municipal afectada por obras de saneamiento, asegurando as\u00ed adecuadas condiciones de transitabilidad a los servicios de transporte p\u00fablico de pasajeros y a los usuarios en general.<\/p>\n<p><span style=\"color: #800080;\"><strong>Convenio entre Vialidad y Ambiente<\/strong><\/span><\/p>\n<p>Tambi\u00e9n con la conformidad de las comisiones, los legisladores deber\u00e1n resolver si acompa\u00f1an la aprobaci\u00f3n del Convenio Marco de Colaboraci\u00f3n, suscripto por el Ministerio de Obras y Servicios P\u00fablicos, a trav\u00e9s de la Direcci\u00f3n Provincial de Vialidad y la Secretar\u00eda de Estado de Ambiente y Desarrollo Sustentable.<\/p>\n<p><span style=\"color: #800080;\"><strong>Convenio con Desarrollo Humano<\/strong><\/span><\/p>\n<p>Con la anuencia de las respectivas comisiones, considerar\u00e1n luego el Mensaje N\u00b0 96 y proyecto de Ley remitido por el Poder Ejecutivo por el que ratifica la aprobaci\u00f3n del Convenio celebrado entre la Secretar\u00eda de Articulaci\u00f3n de Pol\u00edticas Sociales dependiente del Ministerio de Desarrollo Social de la Naci\u00f3n y el Ministerio de Desarrollo Humano y Promoci\u00f3n Social de nuestra provincia<\/p>\n<p><span style=\"color: #800080;\"><strong>Acta acuerdo con el INTA<\/strong><\/span><\/p>\n<p>Por otra parte, con el visto bueno de las respectivas comisiones, los legisladores considerar\u00e1n si ofrecen acuerdo al Mensaje N\u00b0 97 y proyecto de Ley remitido por el Poder Ejecutivo por el que aprueba el acta acuerdo de Servicio T\u00e9cnico Especializado para el Desarrollo Sustentable del Ambiente en los Altos Valles Andinos, suscripta entre el Ministerio de Gobierno de la Provincia y la Estaci\u00f3n Experimental Agropecuaria (EEA) San Juan del Instituto Nacional de Tecnolog\u00eda Agropecuaria (INTA).<\/p>\n<p><span style=\"color: #800080;\"><strong>Convenio con PAMI<\/strong><\/span><\/p>\n<p>Asimismo, con el apoyo de las respectivas comisiones el cuerpo considerar\u00e1 si ofrece conformidad al Mensaje N\u00b0 98 y proyecto de Ley remitido por el Poder Ejecutivo, por el que aprueba el Convenio Marco de Colaboraci\u00f3n suscripto entre la provincia de San Juan y el Instituto Nacional de Servicios Sociales para Jubilados y Pensionados.<\/p>\n<p><span style=\"color: #800080;\"><strong>Programa de salud para pueblos ind\u00edgenas<\/strong><\/span><\/p>\n<p>Adem\u00e1s, los diputados deber\u00e1n analizar el Mensaje N\u00b0 101 y proyecto de Ley remitido por el Poder Ejecutivo que, con aval de las comisiones, propone aprobar el Convenio Programa Nacional de Salud para los Pueblos Ind\u00edgenas de la provincia de San Juan, suscripto entre el Ministerio de Salud P\u00fablica de la provincia de San Juan y el Ministerio de Salud de la Naci\u00f3n.<\/p>\n<p><span style=\"color: #800080;\"><strong>Acceso a salud para albinos<\/strong><\/span><\/p>\n<p>A instancias de la legisladora Fernanda Paredes, el cuerpo parlamentario pondr\u00e1 a consideraci\u00f3n el proyecto de Ley de Promoci\u00f3n del derecho de acceso a la salud de las personas con albinismo.<\/p>\n<p><span style=\"color: #800080;\"><strong>Donaci\u00f3n de terreno en Rivadavia<\/strong><\/span><\/p>\n<p>Bajo la autor\u00eda de los diputados Nancy Pic\u00f3n y Sergio Miodowski, sus pares deber\u00e1n considerar el proyecto de ley que propone entregar en car\u00e1cter de donaci\u00f3n un terreno a la uni\u00f3n vecinal del barrio Docentes Sanjuaninos (UDAP 3), ubicado en el departamento Rivadavia.<\/p>\n<p><span style=\"color: #800080;\"><strong>Imposici\u00f3n de nombre a escuela<\/strong><\/span><\/p>\n<p>Luego, los legisladores deber\u00e1n considerar el tratamiento de un proyecto de ley, autor\u00eda de los legisladores Graciela Seva, Juan Carlos Gioja y Leonardo Gioja, por el que es impuesto el nombre de Elena Santa Cruz a la Escuela de Nivel Inicial (ENI) N\u00b0 75, ubicada en el departamento Rawson, dependiente del Ministerio de Educaci\u00f3n de la provincia.<\/p>\n<p><span style=\"color: #800080;\"><strong>Imposici\u00f3n de nombre a escuela<\/strong><\/span><\/p>\n<p>Imnpulsado por el diputado Andr\u00e9s Chanampa, el cuerpo abordar\u00e1 el tratamiento del proyecto de Ley que propone imponer el nombre de \u201cRisas del Sol\u201d, a la Escuela de Nivel Inicial (ENI) N\u00b0 71, ubicada en el departamento Chimbas.<\/p>\n<p><span style=\"color: #800080;\"><strong>D\u00eda del Empleado de Comercio<\/strong><\/span><\/p>\n<p>A instancias del legislador Rub\u00e9n Carri\u00f3n, ser\u00e1 considerado el proyecto de Ley que propone instituir el cuarto d\u00eda lunes del mes de septiembre de cada a\u00f1o, como el \u201cD\u00eda del Empleado de Comercio\u201d.<\/p>\n<p><span style=\"color: #800080;\"><strong>Modificaci\u00f3n de Ley del Colegio de Veterinarios<\/strong><\/span><\/p>\n<p>A propuesta de la diputada Fernanda Paredes, el cuerpo deber\u00e1 abordar el tratamiento del proyecto de Ley que propone la modificaci\u00f3n de la Ley N\u00b0 1831-A, del Colegio de Veterinarios.<\/p>\n<p><span style=\"color: #800080;\"><strong>Modificaci\u00f3n del Reglamento Interno<\/strong><\/span><\/p>\n<p>Impulsado por los legisladores del bloque Justicialista, el cuerpo deber\u00e1 considerar el proyecto de Resoluci\u00f3n que propone la sustituci\u00f3n integral del texto del Reglamento Interno de la C\u00e1mara de Diputados de la provincia.<\/p>\n<p><span style=\"color: #800080;\"><strong>Ternas para cargos en Poder Judicial<\/strong><\/span><\/p>\n<p>Tambi\u00e9n con el aval de las respectivas comisiones, el cuerpo deber\u00e1 considerar el proyecto de Resoluci\u00f3n remitido por el Consejo de la Magistratura por el que son presentadas las ternas a cubrir cargos en el Poder Judicial.<\/p>\n<p><span style=\"color: #800080;\"><strong>Proyectos de Resoluci\u00f3n<\/strong><\/span><\/p>\n<p>Los legisladores considerar\u00e1n luego los siguientes proyectos de Resoluci\u00f3n que proponen declarar de Inter\u00e9s:<\/p>\n<ul>\n<li>Deportivo, Tur\u00edstico y Social a la competencia de crossfit \u201cWest Born Game 2023\u201d, que ser\u00e1 llevada a cabo el s\u00e1bado 2 y domingo 3 de diciembre en la sede del gimnasio ULL Fitness Club, ubicado en calle Jos\u00e9 Ignacio de la Roza 1690 oeste. (diputada Celina Ramella);<\/li>\n<li>Social, Cultural y Educativo el proyecto \u201cMemorias desde la escuela\u201d. (diputada Fernanda Paredes);<\/li>\n<li>Social y Deportivo a la 3era edici\u00f3n del campeonato de Hockey sobre patines en las categor\u00edas sub 13 masculino y sub 15 masculino y femenino, a cumplirse entre el 4 y el 10 de diciembre de 2023, en las instalaciones de la uni\u00f3n vecinal Richet \u2013 Zapata, departamento Santa Luc\u00eda. (diputado Carlos Platero).<\/li>\n<\/ul>\n<figure id=\"attachment_37951\" aria-describedby=\"caption-attachment-37951\" style=\"width: 800px\" class=\"wp-caption alignnone\"><img loading=\"lazy\" decoding=\"async\" class=\"size-full wp-image-37951\" src=\"https:\/\/vocesparalelas.com.ar\/sitio\/wp-content\/uploads\/2021\/05\/CAMARA-EDIFICIO.jpg\" alt=\"\" width=\"800\" height=\"515\" srcset=\"https:\/\/vocesparalelas.com.ar\/sitio\/wp-content\/uploads\/2021\/05\/CAMARA-EDIFICIO.jpg 800w, https:\/\/vocesparalelas.com.ar\/sitio\/wp-content\/uploads\/2021\/05\/CAMARA-EDIFICIO-300x193.jpg 300w, https:\/\/vocesparalelas.com.ar\/sitio\/wp-content\/uploads\/2021\/05\/CAMARA-EDIFICIO-768x494.jpg 768w\" sizes=\"auto, (max-width: 800px) 100vw, 800px\" \/><figcaption id=\"caption-attachment-37951\" class=\"wp-caption-text\">Legislatura Provincial de San Juan, Rep\u00fablica Argentina<\/figcaption><\/figure>\n<\/div>\n","protected":false},"excerpt":{"rendered":"<p>La comisi\u00f3n de Labor Parlamentaria mantuvo el Martes, 28 de Noviembre, la reuni\u00f3n que convoc\u00f3 a los presidentes de bloque<\/p>\n","protected":false},"author":3,"featured_media":66319,"comment_status":"closed","ping_status":"closed","sticky":false,"template":"","format":"standard","meta":{"_acf_changed":false,"_seopress_robots_primary_cat":"none","_seopress_titles_title":"","_seopress_titles_desc":"","_seopress_robots_index":"","colormag_page_container_layout":"default_layout","colormag_page_sidebar_layout":"default_layout","footnotes":""},"categories":[6],"tags":[],"class_list":["post-66316","post","type-post","status-publish","format-standard","has-post-thumbnail","hentry","category-eventos"],"acf":[],"_links":{"self":[{"href":"https:\/\/vocesparalelas.com.ar\/sitio\/wp-json\/wp\/v2\/posts\/66316","targetHints":{"allow":["GET"]}}],"collection":[{"href":"https:\/\/vocesparalelas.com.ar\/sitio\/wp-json\/wp\/v2\/posts"}],"about":[{"href":"https:\/\/vocesparalelas.com.ar\/sitio\/wp-json\/wp\/v2\/types\/post"}],"author":[{"embeddable":true,"href":"https:\/\/vocesparalelas.com.ar\/sitio\/wp-json\/wp\/v2\/users\/3"}],"replies":[{"embeddable":true,"href":"https:\/\/vocesparalelas.com.ar\/sitio\/wp-json\/wp\/v2\/comments?post=66316"}],"version-history":[{"count":1,"href":"https:\/\/vocesparalelas.com.ar\/sitio\/wp-json\/wp\/v2\/posts\/66316\/revisions"}],"predecessor-version":[{"id":66320,"href":"https:\/\/vocesparalelas.com.ar\/sitio\/wp-json\/wp\/v2\/posts\/66316\/revisions\/66320"}],"wp:featuredmedia":[{"embeddable":true,"href":"https:\/\/vocesparalelas.com.ar\/sitio\/wp-json\/wp\/v2\/media\/66319"}],"wp:attachment":[{"href":"https:\/\/vocesparalelas.com.ar\/sitio\/wp-json\/wp\/v2\/media?parent=66316"}],"wp:term":[{"taxonomy":"category","embeddable":true,"href":"https:\/\/vocesparalelas.com.ar\/sitio\/wp-json\/wp\/v2\/categories?post=66316"},{"taxonomy":"post_tag","embeddable":true,"href":"https:\/\/vocesparalelas.com.ar\/sitio\/wp-json\/wp\/v2\/tags?post=66316"}],"curies":[{"name":"wp","href":"https:\/\/api.w.org\/{rel}","templated":true}]}}