{"id":66267,"date":"2023-11-28T19:48:36","date_gmt":"2023-11-28T22:48:36","guid":{"rendered":"https:\/\/vocesparalelas.com.ar\/sitio\/?p=66267"},"modified":"2023-11-29T21:37:12","modified_gmt":"2023-11-30T00:37:12","slug":"priorizaron-la-vocacion-de-unidad-de-la-fuerza-de-juntos-por-el-cambio","status":"publish","type":"post","link":"https:\/\/vocesparalelas.com.ar\/sitio\/priorizaron-la-vocacion-de-unidad-de-la-fuerza-de-juntos-por-el-cambio\/","title":{"rendered":"Priorizaron la vocaci\u00f3n de unidad de la fuerza de Juntos por el Cambio"},"content":{"rendered":"<p>Los gobernadores y legisladores de Juntos por el Cambio, tanto en funciones como electos, nos reunimos para ratificar que nuestra prioridad es reforzar la unidad y la continuidad del espacio en el nuevo tiempo pol\u00edtico que debemos enfrentar.<\/p>\n<p>Queremos ser muy claros: Nuestro primer objetivo es la UNIDAD. Por eso priorizamos nuestra vocaci\u00f3n de unidad, que no es unanimidad de criterio en todos los casos. Estamos convencidos de que \u00e9se es el \u00fanico camino que nos va a hacer fuertes.<\/p>\n<p>En el nuevo escenario pol\u00edtico el Congreso tiene un papel preponderante. Y consideramos que hay que despojarse de cuestiones de ego, de nombres propios y pensar en una estrategia com\u00fan para garantizar lo m\u00e1s importante, que es la unidad.<\/p>\n<p>Esa unidad nos va a dar la posibilidad de crecer y de volver a ser gobierno.<\/p>\n<p>Nosotros no cogobernamos. Pero es bueno que algunos dirigentes que quieran ayudar lo hagan, porque es mejor un gobierno s\u00f3lido con buenos dirigentes, que un gobierno d\u00e9bil. Pero eso no nos compromete ni obliga como garantes.<\/p>\n<p>Ese es el lugar que la sociedad nos asign\u00f3: el de un acompa\u00f1amiento responsable a un gobierno nacional elegido por una mayor\u00eda.<\/p>\n<p>Hoy tenemos una oportunidad real de trazar una agenda parlamentaria que apunte al federalismo y que sea cimiento de nuestros valores.<\/p>\n<p>Confiamos en el desaf\u00edo de contribuir en la defensa de las instituciones y la gobernabilidad.<\/p>\n<p>La premisa fundamental es la unidad de Juntos por el Cambio, porque la alternativa sino ser\u00e1 el kirchnerismo.<\/p>\n<ul>\n<li>Jorge Macri (CABA)<\/li>\n<li>Alfredo Cornejo (Mendoza)<\/li>\n<li>Leandro Zdero (Chaco)<\/li>\n<li>Ignacio Torres (Chubut)<\/li>\n<li>Gustavo Vald\u00e9s (Corrientes)<\/li>\n<li>Rogelio Frigerio (Entre R\u00edos)<\/li>\n<li>Carlos Sadir (Jujuy)<\/li>\n<li>Claudio Poggi (San Luis)<\/li>\n<li>Marcelo Orrego (San Juan)<\/li>\n<\/ul>\n<p><img loading=\"lazy\" decoding=\"async\" class=\"alignnone size-full wp-image-66022\" src=\"https:\/\/vocesparalelas.com.ar\/sitio\/wp-content\/uploads\/2023\/11\/JUNTOS-CAMBIO-LOGO-01.jpg\" alt=\"\" width=\"800\" height=\"386\" srcset=\"https:\/\/vocesparalelas.com.ar\/sitio\/wp-content\/uploads\/2023\/11\/JUNTOS-CAMBIO-LOGO-01.jpg 800w, https:\/\/vocesparalelas.com.ar\/sitio\/wp-content\/uploads\/2023\/11\/JUNTOS-CAMBIO-LOGO-01-300x145.jpg 300w, https:\/\/vocesparalelas.com.ar\/sitio\/wp-content\/uploads\/2023\/11\/JUNTOS-CAMBIO-LOGO-01-768x371.jpg 768w\" sizes=\"auto, (max-width: 800px) 100vw, 800px\" \/><\/p>\n","protected":false},"excerpt":{"rendered":"<p>Los gobernadores y legisladores de Juntos por el Cambio, tanto en funciones como electos, nos reunimos para ratificar que nuestra<\/p>\n","protected":false},"author":3,"featured_media":66270,"comment_status":"closed","ping_status":"closed","sticky":false,"template":"","format":"standard","meta":{"_acf_changed":false,"_seopress_robots_primary_cat":"none","_seopress_titles_title":"","_seopress_titles_desc":"","_seopress_robots_index":"","colormag_page_container_layout":"default_layout","colormag_page_sidebar_layout":"default_layout","footnotes":""},"categories":[10],"tags":[],"class_list":["post-66267","post","type-post","status-publish","format-standard","has-post-thumbnail","hentry","category-opiniones"],"acf":[],"_links":{"self":[{"href":"https:\/\/vocesparalelas.com.ar\/sitio\/wp-json\/wp\/v2\/posts\/66267","targetHints":{"allow":["GET"]}}],"collection":[{"href":"https:\/\/vocesparalelas.com.ar\/sitio\/wp-json\/wp\/v2\/posts"}],"about":[{"href":"https:\/\/vocesparalelas.com.ar\/sitio\/wp-json\/wp\/v2\/types\/post"}],"author":[{"embeddable":true,"href":"https:\/\/vocesparalelas.com.ar\/sitio\/wp-json\/wp\/v2\/users\/3"}],"replies":[{"embeddable":true,"href":"https:\/\/vocesparalelas.com.ar\/sitio\/wp-json\/wp\/v2\/comments?post=66267"}],"version-history":[{"count":1,"href":"https:\/\/vocesparalelas.com.ar\/sitio\/wp-json\/wp\/v2\/posts\/66267\/revisions"}],"predecessor-version":[{"id":66271,"href":"https:\/\/vocesparalelas.com.ar\/sitio\/wp-json\/wp\/v2\/posts\/66267\/revisions\/66271"}],"wp:featuredmedia":[{"embeddable":true,"href":"https:\/\/vocesparalelas.com.ar\/sitio\/wp-json\/wp\/v2\/media\/66270"}],"wp:attachment":[{"href":"https:\/\/vocesparalelas.com.ar\/sitio\/wp-json\/wp\/v2\/media?parent=66267"}],"wp:term":[{"taxonomy":"category","embeddable":true,"href":"https:\/\/vocesparalelas.com.ar\/sitio\/wp-json\/wp\/v2\/categories?post=66267"},{"taxonomy":"post_tag","embeddable":true,"href":"https:\/\/vocesparalelas.com.ar\/sitio\/wp-json\/wp\/v2\/tags?post=66267"}],"curies":[{"name":"wp","href":"https:\/\/api.w.org\/{rel}","templated":true}]}}